{"id":867,"date":"2026-03-08T11:28:36","date_gmt":"2026-03-08T10:28:36","guid":{"rendered":"https:\/\/www.muenster.org\/muenster-lublin\/?p=867"},"modified":"2026-03-08T11:36:21","modified_gmt":"2026-03-08T10:36:21","slug":"mitgliederversammlung-und-vorstandswahl","status":"publish","type":"post","link":"https:\/\/www.muenster.org\/muenster-lublin\/mitgliederversammlung-und-vorstandswahl\/","title":{"rendered":"Mitgliederversammlung und Vorstandswahl"},"content":{"rendered":"<p>[et_pb_section fb_built=&#8220;1&#8243; _builder_version=&#8220;4.27.5&#8243; _module_preset=&#8220;default&#8220; global_colors_info=&#8220;{}&#8220;][et_pb_row _builder_version=&#8220;4.27.5&#8243; _module_preset=&#8220;default&#8220; global_colors_info=&#8220;{}&#8220;][et_pb_column type=&#8220;4_4&#8243; _builder_version=&#8220;4.27.5&#8243; _module_preset=&#8220;default&#8220; global_colors_info=&#8220;{}&#8220;][et_pb_blurb _builder_version=&#8220;4.27.5&#8243; _module_preset=&#8220;default&#8220; global_colors_info=&#8220;{}&#8220;]<\/p>\n<p>Am 3. M\u00e4rz 2026 fand unsere diesj\u00e4hrige Mitgliederversammlung statt. Gemeinsam blickten wir auf ein besonders ereignisreiches Jahr zur\u00fcck. Viele Veranstaltungen, Begegnungen und gemeinsame Projekte haben das Vereinsleben gepr\u00e4gt und gezeigt, wie viel Engagement und Herzblut in unserem Freundeskreis steckt. Der Vorstand bedankte sich herzlich bei allen Mitgliedern, die mit Ideen, Zeit und Einsatz dazu beigetragen haben.<\/p>\n<p>Auch der Blick nach vorne durfte nicht fehlen: Besonders freuen wir uns schon jetzt auf unser Sommerfest am 11. Juli 2026, zu dem wir unsere Mitglieder und Freunde herzlich einladen m\u00f6chten.<\/p>\n<p>Nach drei Jahren stand auch die Wahl des Vorstandes auf der Tagesordnung. Die bisherigen Vorstandsmitglieder erkl\u00e4rten ihre Bereitschaft, erneut zu kandidieren. Diese Entscheidung wurde von der Mitgliederversammlung mit gro\u00dfem Applaus aufgenommen. In der anschlie\u00dfenden Wahl wurden alle Kandidatinnen und Kandidaten einstimmig \u2013 bei eigener Enthaltung \u2013 in ihren \u00c4mtern best\u00e4tigt.<\/p>\n<p>Damit bleibt das bew\u00e4hrte Team weiterhin im Amt: Joanna Harmus als Vorsitzende, Stefan Querl als stellvertretender Vorsitzender, Agnieszka Beckschulte-Sibilak als Schatzmeisterin sowie Michael Kofort als Schriftf\u00fchrer. Als Beisitzer unterst\u00fctzen weiterhin Sabine Aust, Ulla Freudenberg und Uwe Stosch die Arbeit des Vorstandes.<\/p>\n<p>Wir danken allen Vorstandsmitgliedern herzlich f\u00fcr ihr Engagement und freuen uns sehr, dass sie sich weiterhin f\u00fcr unseren Verein einsetzen.<\/p>\n<p>Wie immer durfte auch der gem\u00fctliche Teil nicht fehlen: Bei Bigos und anderen polnischen und deutschen K\u00f6stlichkeiten klang der Abend in entspannter Atmosph\u00e4re aus. Dabei blieb viel Zeit f\u00fcr Gespr\u00e4che, Begegnungen und neue Ideen f\u00fcr unser gemeinsames Vereinsleben.<\/p>\n<p>[\/et_pb_blurb][\/et_pb_column][\/et_pb_row][\/et_pb_section]<\/p>\n","protected":false},"excerpt":{"rendered":"<p>Am 3. M\u00e4rz 2026 fand unsere diesj\u00e4hrige Mitgliederversammlung statt. Gemeinsam blickten wir auf ein besonders ereignisreiches Jahr zur\u00fcck. Viele Veranstaltungen, Begegnungen und gemeinsame Projekte haben das Vereinsleben gepr\u00e4gt und gezeigt, [&hellip;]<\/p>\n","protected":false},"author":2,"featured_media":870,"comment_status":"closed","ping_status":"closed","sticky":false,"template":"","format":"standard","meta":{"_et_pb_use_builder":"on","_et_pb_old_content":"","_et_gb_content_width":"","footnotes":""},"categories":[1],"tags":[],"class_list":["post-867","post","type-post","status-publish","format-standard","has-post-thumbnail","hentry","category-allgemein"],"_links":{"self":[{"href":"https:\/\/www.muenster.org\/muenster-lublin\/wp-json\/wp\/v2\/posts\/867","targetHints":{"allow":["GET"]}}],"collection":[{"href":"https:\/\/www.muenster.org\/muenster-lublin\/wp-json\/wp\/v2\/posts"}],"about":[{"href":"https:\/\/www.muenster.org\/muenster-lublin\/wp-json\/wp\/v2\/types\/post"}],"author":[{"embeddable":true,"href":"https:\/\/www.muenster.org\/muenster-lublin\/wp-json\/wp\/v2\/users\/2"}],"replies":[{"embeddable":true,"href":"https:\/\/www.muenster.org\/muenster-lublin\/wp-json\/wp\/v2\/comments?post=867"}],"version-history":[{"count":5,"href":"https:\/\/www.muenster.org\/muenster-lublin\/wp-json\/wp\/v2\/posts\/867\/revisions"}],"predecessor-version":[{"id":877,"href":"https:\/\/www.muenster.org\/muenster-lublin\/wp-json\/wp\/v2\/posts\/867\/revisions\/877"}],"wp:featuredmedia":[{"embeddable":true,"href":"https:\/\/www.muenster.org\/muenster-lublin\/wp-json\/wp\/v2\/media\/870"}],"wp:attachment":[{"href":"https:\/\/www.muenster.org\/muenster-lublin\/wp-json\/wp\/v2\/media?parent=867"}],"wp:term":[{"taxonomy":"category","embeddable":true,"href":"https:\/\/www.muenster.org\/muenster-lublin\/wp-json\/wp\/v2\/categories?post=867"},{"taxonomy":"post_tag","embeddable":true,"href":"https:\/\/www.muenster.org\/muenster-lublin\/wp-json\/wp\/v2\/tags?post=867"}],"curies":[{"name":"wp","href":"https:\/\/api.w.org\/{rel}","templated":true}]}}