{"id":845,"date":"2026-02-28T14:26:32","date_gmt":"2026-02-28T13:26:32","guid":{"rendered":"https:\/\/www.muenster.org\/muenster-lublin\/?p=845"},"modified":"2026-02-28T14:39:38","modified_gmt":"2026-02-28T13:39:38","slug":"845-2","status":"publish","type":"post","link":"https:\/\/www.muenster.org\/muenster-lublin\/845-2\/","title":{"rendered":"Konzert in der Friedenskapelle"},"content":{"rendered":"<p>[et_pb_section fb_built=&#8220;1&#8243; _builder_version=&#8220;4.27.5&#8243; _module_preset=&#8220;default&#8220; global_colors_info=&#8220;{}&#8220;][et_pb_row _builder_version=&#8220;4.27.5&#8243; _module_preset=&#8220;default&#8220; global_colors_info=&#8220;{}&#8220;][et_pb_column type=&#8220;4_4&#8243; _builder_version=&#8220;4.27.5&#8243; _module_preset=&#8220;default&#8220; global_colors_info=&#8220;{}&#8220;][et_pb_blurb _builder_version=&#8220;4.27.5&#8243; _module_preset=&#8220;default&#8220; hover_enabled=&#8220;0&#8243; global_colors_info=&#8220;{}&#8220; sticky_enabled=&#8220;0&#8243;]<\/p>\n<p>Am 25. Februar 2026 fand in der Friedenskapelle M\u00fcnster ein Gedenkkonzert im Rahmen der Ukrainetage statt. Musikerinnen und Musiker des Sinfonieorchesters M\u00fcnster pr\u00e4sentierten ein vielseitiges Programm mit Werken ukrainischer Komponisten und setzten damit ein musikalisches Zeichen der Erinnerung und der Solidarit\u00e4t. Die Musik machte die kulturelle Vielfalt und St\u00e4rke der Ukraine auf eindrucksvolle Weise erfahrbar und verlieh dem Abend eine besondere Atmosph\u00e4re.<\/p>\n<p>Er\u00f6ffnet wurde das Konzert durch ein Gru\u00dfwort der B\u00fcrgermeisterin Maria Winkel. Auch der B\u00fcrgermeister der ukrainischen Partnerstadt Winnyzja, Serhii Morhunov, wandte sich per Videobotschaft an die Anwesenden. Er dankte der Stadt M\u00fcnster f\u00fcr ihre Unterst\u00fctzung und betonte die gro\u00dfe Bedeutung der internationalen Solidarit\u00e4t in dieser schwierigen Zeit.<\/p>\n<p>Im Foyer der Friedenskapelle pr\u00e4sentierten sich au\u00dferdem verschiedene Vereine und Initiativen, die sich f\u00fcr die Unterst\u00fctzung der Ukraine engagieren. Auch unser Verein war eingeladen, sich dort vorzustellen und seine Arbeit zu pr\u00e4sentieren. Durch unsere Teilnahme und Pr\u00e4senz bei dieser Veranstaltung konnten wir unsere Verbundenheit mit der Ukraine und ihre Kultur sichtbar machen und zugleich unsere Solidarit\u00e4t mit den Menschen in der Ukraine sowie mit M\u00fcnsters Solidarit\u00e4tspartnerstadt Winnyzja bekr\u00e4ftigen.<\/p>\n<p>&nbsp;<\/p>\n<p>[\/et_pb_blurb][\/et_pb_column][\/et_pb_row][\/et_pb_section]<\/p>\n","protected":false},"excerpt":{"rendered":"<p>Am 25. Februar 2026 fand in der Friedenskapelle M\u00fcnster ein Gedenkkonzert im Rahmen der Ukrainetage statt. Musikerinnen und Musiker des Sinfonieorchesters M\u00fcnster pr\u00e4sentierten ein vielseitiges Programm mit Werken ukrainischer Komponisten [&hellip;]<\/p>\n","protected":false},"author":2,"featured_media":848,"comment_status":"closed","ping_status":"closed","sticky":false,"template":"","format":"standard","meta":{"_et_pb_use_builder":"on","_et_pb_old_content":"","_et_gb_content_width":"","footnotes":""},"categories":[1],"tags":[],"class_list":["post-845","post","type-post","status-publish","format-standard","has-post-thumbnail","hentry","category-allgemein"],"_links":{"self":[{"href":"https:\/\/www.muenster.org\/muenster-lublin\/wp-json\/wp\/v2\/posts\/845","targetHints":{"allow":["GET"]}}],"collection":[{"href":"https:\/\/www.muenster.org\/muenster-lublin\/wp-json\/wp\/v2\/posts"}],"about":[{"href":"https:\/\/www.muenster.org\/muenster-lublin\/wp-json\/wp\/v2\/types\/post"}],"author":[{"embeddable":true,"href":"https:\/\/www.muenster.org\/muenster-lublin\/wp-json\/wp\/v2\/users\/2"}],"replies":[{"embeddable":true,"href":"https:\/\/www.muenster.org\/muenster-lublin\/wp-json\/wp\/v2\/comments?post=845"}],"version-history":[{"count":7,"href":"https:\/\/www.muenster.org\/muenster-lublin\/wp-json\/wp\/v2\/posts\/845\/revisions"}],"predecessor-version":[{"id":855,"href":"https:\/\/www.muenster.org\/muenster-lublin\/wp-json\/wp\/v2\/posts\/845\/revisions\/855"}],"wp:featuredmedia":[{"embeddable":true,"href":"https:\/\/www.muenster.org\/muenster-lublin\/wp-json\/wp\/v2\/media\/848"}],"wp:attachment":[{"href":"https:\/\/www.muenster.org\/muenster-lublin\/wp-json\/wp\/v2\/media?parent=845"}],"wp:term":[{"taxonomy":"category","embeddable":true,"href":"https:\/\/www.muenster.org\/muenster-lublin\/wp-json\/wp\/v2\/categories?post=845"},{"taxonomy":"post_tag","embeddable":true,"href":"https:\/\/www.muenster.org\/muenster-lublin\/wp-json\/wp\/v2\/tags?post=845"}],"curies":[{"name":"wp","href":"https:\/\/api.w.org\/{rel}","templated":true}]}}