{"id":998,"date":"2021-01-08T15:14:51","date_gmt":"2021-01-08T14:14:51","guid":{"rendered":"https:\/\/www.muenster.org\/jaeb\/?p=998"},"modified":"2021-05-28T22:08:43","modified_gmt":"2021-05-28T20:08:43","slug":"eingeschraenkter-pandemiebetrieb-ab-dem-11-01-2021","status":"publish","type":"post","link":"https:\/\/www.muenster.org\/jaeb\/2021\/01\/08\/eingeschraenkter-pandemiebetrieb-ab-dem-11-01-2021\/","title":{"rendered":"Eingeschr\u00e4nkter Pandemiebetrieb ab dem 11.01.2021"},"content":{"rendered":"\n<div class=\"wp-block-group\"><div class=\"wp-block-group__inner-container is-layout-flow wp-block-group-is-layout-flow\">\n<p>Mit den aktuellen Regelungen zum eingeschr\u00e4nkten Pandemiebetrieb in der Kindertagesbetreuung gestaltet die Landesregierung nun den neuerlichen Lockdown bis zum 31.01.2021 aus, den Bund und L\u00e4nder vor kurzem in einer versch\u00e4rften Variante beschlossen haben.<\/p>\n\n\n\n<!--more-->\n\n\n\n<p>Nach den <a href=\"https:\/\/www.muenster.org\/jaeb\/wp-content\/uploads\/2021\/01\/20210107_offizielle_information_eingeschrankter_pandemiebetrieb.pdf\"><strong>offiziellen Informationen des Familienministeriums<\/strong><\/a> zur Kita\u00f6ffnung im Lockdown bleiben die Kitas in NRW grunds\u00e4tzlich ge\u00f6ffnet und es gibt kein allgemeines Betretungsverbot. Allerdings wird die vereinbarte Betreuungszeit um 10 Wochenstunden gesenkt. Weiterhin wird an die Eltern appelliert, die Kinder wenn m\u00f6glich zu Hause zu betreuen. Wer sein Kind zuhause betreut (das gilt nicht nur f\u00fcr den Krankheitsfall), bekommt pro Elternteil 10 zus\u00e4tzliche Kinderkrankentage (Alleinerziehende 20). Die Elternbeitr\u00e4ge sollen f\u00fcr Januar landesweit ausgesetzt werden, die Verfahren dazu werden aktuell gekl\u00e4rt.<\/p>\n\n\n\n<p>Am gestrigen Donnerstagabend wurde noch die aktuelle &#8211; in NRW ab dem 11. Januar geltende &#8211; <a href=\"https:\/\/www.muenster.org\/jaeb\/wp-content\/uploads\/2021\/01\/2021-01-07_coronaschvo_ab_11.01.2021_lesefassung.pdf\"><strong>Coronaschutzverordnung<\/strong><\/a> bekannt.<\/p>\n\n\n\n<p>Die 15-Kilometer-Radius-Regelung sucht man darin vergeblich. Unsere Landesregierung \u00fcberl\u00e4sst es den Kommunen selbst, ob sie zus\u00e4tzliche Schutzma\u00dfnahmen f\u00fcr erforderlich halten. Hier sollte man also demn\u00e4chst auf die Verlautbarungen der Stadt M\u00fcnster achten.<\/p>\n\n\n\n<p>Au\u00dferdem werden mit Blick auf kleine Kinder die Kontaktbeschr\u00e4nkungen f\u00fcr den \u00f6ffentlichen Raum entsch\u00e4rft. Das ist vor allem der Kritik aus den Reihen der Eltern zu verdanken, die diese Regelungen als besondere H\u00e4rte empfanden, leiden sie doch ohnehin schon unter dem eingeschr\u00e4nkten Kita-Betrieb. So darf die erlaubte zus\u00e4tzliche Person eines anderen Hausstandes die Kinder ihres Hausstandes mitbringen.<\/p>\n\n\n\n<p>Das Landesministerium f\u00fcr Arbeit, Gesundheit und Soziales hat dazu die <a href=\"https:\/\/www.muenster.org\/jaeb\/wp-content\/uploads\/2021\/01\/2021-01-07_coronabetrvo_ab_11.01.2021_lesefassung.pdf\"><strong>Coronabetreuungsverordnung<\/strong><\/a> aktualisiert. Darin geht es um den Schutz vor Neuinfizierungen im Bereich der Betreuungsinfrastruktur, also insbesondere um die spezifischen Abl\u00e4ufe und die zu ergreifenden Hygienema\u00dfnahmen in der Kita.<\/p>\n\n\n\n<p>Mit einem <a href=\"https:\/\/www.muenster.org\/jaeb\/wp-content\/uploads\/2021\/01\/20210107_elternbrief_minister_eingeschraenkter_pandmiebetrieb.pdf\"><strong>Elternbrief<\/strong><\/a> wirbt Familienminister Stamp um Verst\u00e4ndnis f\u00fcr das Ma\u00dfnahmenpaket und nimmt die Eltern in die gemeinsame Verantwortung. Man darf aber nicht verkennen, dass freie Elterntage nicht unbedingt eine angemessene Entlastung der Eltern f\u00fcr ihre finanziellen Einbu\u00dfen darstellen. Im \u00fcbrigen bleibt zu hoffen, dass die Verfahren zur Aussetzung der Elternbeitr\u00e4ge m\u00f6glichst z\u00fcgig und transparent vonstatten gehen.<\/p>\n<\/div><\/div>\n","protected":false},"excerpt":{"rendered":"<p>Mit den aktuellen Regelungen zum eingeschr\u00e4nkten Pandemiebetrieb in der Kindertagesbetreuung gestaltet die Landesregierung nun den neuerlichen Lockdown bis zum 31.01.2021 aus, den Bund und L\u00e4nder vor kurzem in einer versch\u00e4rften Variante beschlossen haben.<\/p>\n","protected":false},"author":12,"featured_media":0,"comment_status":"closed","ping_status":"closed","sticky":false,"template":"","format":"standard","meta":{"zakra_page_container_layout":"customizer","zakra_page_sidebar_layout":"customizer","zakra_remove_content_margin":false,"zakra_sidebar":"customizer","zakra_transparent_header":"customizer","zakra_logo":0,"zakra_main_header_style":"default","zakra_menu_item_color":"","zakra_menu_item_hover_color":"","zakra_menu_item_active_color":"","zakra_menu_active_style":"","zakra_page_header":true,"footnotes":""},"categories":[27],"tags":[],"class_list":["post-998","post","type-post","status-publish","format-standard","hentry","category-corona"],"post_mailing_queue_ids":[],"_links":{"self":[{"href":"https:\/\/www.muenster.org\/jaeb\/wp-json\/wp\/v2\/posts\/998","targetHints":{"allow":["GET"]}}],"collection":[{"href":"https:\/\/www.muenster.org\/jaeb\/wp-json\/wp\/v2\/posts"}],"about":[{"href":"https:\/\/www.muenster.org\/jaeb\/wp-json\/wp\/v2\/types\/post"}],"author":[{"embeddable":true,"href":"https:\/\/www.muenster.org\/jaeb\/wp-json\/wp\/v2\/users\/12"}],"replies":[{"embeddable":true,"href":"https:\/\/www.muenster.org\/jaeb\/wp-json\/wp\/v2\/comments?post=998"}],"version-history":[{"count":3,"href":"https:\/\/www.muenster.org\/jaeb\/wp-json\/wp\/v2\/posts\/998\/revisions"}],"predecessor-version":[{"id":1719,"href":"https:\/\/www.muenster.org\/jaeb\/wp-json\/wp\/v2\/posts\/998\/revisions\/1719"}],"wp:attachment":[{"href":"https:\/\/www.muenster.org\/jaeb\/wp-json\/wp\/v2\/media?parent=998"}],"wp:term":[{"taxonomy":"category","embeddable":true,"href":"https:\/\/www.muenster.org\/jaeb\/wp-json\/wp\/v2\/categories?post=998"},{"taxonomy":"post_tag","embeddable":true,"href":"https:\/\/www.muenster.org\/jaeb\/wp-json\/wp\/v2\/tags?post=998"}],"curies":[{"name":"wp","href":"https:\/\/api.w.org\/{rel}","templated":true}]}}