{"id":961,"date":"2020-12-14T16:15:49","date_gmt":"2020-12-14T15:15:49","guid":{"rendered":"https:\/\/www.muenster.org\/jaeb\/?p=961"},"modified":"2021-05-28T22:15:12","modified_gmt":"2021-05-28T20:15:12","slug":"kita-betreuung-ist-keine-notbetreuung","status":"publish","type":"post","link":"https:\/\/www.muenster.org\/jaeb\/2020\/12\/14\/kita-betreuung-ist-keine-notbetreuung\/","title":{"rendered":"Kita Betreuung ist KEINE Notbetreuung!"},"content":{"rendered":"\n<p>Wir weisen aktuell nachdr\u00fccklich darauf hin, dass die derzeitige Betreuung in den Kitas keine Notbetreuung darstellt. Anderslautende Informationen (u.a. aus der lokalen Presse) sind schlicht falsch.<\/p>\n\n\n\n<!--more-->\n\n\n\n<p>Derzeit ist es den Eltern freigestellt, ihre Kinder in die Kita zu geben. Zwar wird dringend empfohlen, die Kinder daheim zu betreuen, so es denn m\u00f6glich ist, aber eine Verpflichtung hierzu gibt es nicht. Der Betrieb der Kitas l\u00e4uft aktuell regul\u00e4r. Niemand, der sein Kind in die Kita gibt, muss erkl\u00e4ren, warum er das Kind nicht daheim l\u00e4sst. Auch kann die Kita bzw. der Tr\u00e4ger niemanden dazu zwingen, die Kinder nicht in die Kita zu schicken.<\/p>\n\n\n\n<p>Dennoch empfehlen auch wir allen Eltern, die die M\u00f6glichkeit haben, die Kinder selbst zu betreuen, dies auch zu tun. Diese Ma\u00dfnahmen dienen dem Schutz unserer aller Gesundheit.<\/p>\n\n\n\n<p>Wer mehr zu diesem Thema wissen m\u00f6chte und wer genau lesen m\u00f6chte, wie die Empfehlung der Landesregierung lautet, der informiere sich bitte \u00fcber die einschl\u00e4gigen Webseiten des Ministeriums f\u00fcr Kinder, Familie, Fl\u00fcchtlinge und Integration des Landes NRW.<\/p>\n","protected":false},"excerpt":{"rendered":"<p><!-- wp:paragraph --><\/p>\n<p>Wir weisen aktuell nachdr\u00fccklich darauf hin, dass die derzeitige Betreuung in den Kitas keine Notbetreuung darstellt. Anderslautende Informationen (u.a. aus der lokalen Presse) sind schlicht falsch.<\/p>\n","protected":false},"author":6,"featured_media":0,"comment_status":"closed","ping_status":"closed","sticky":false,"template":"","format":"standard","meta":{"zakra_page_container_layout":"customizer","zakra_page_sidebar_layout":"customizer","zakra_remove_content_margin":false,"zakra_sidebar":"customizer","zakra_transparent_header":"customizer","zakra_logo":0,"zakra_main_header_style":"default","zakra_menu_item_color":"","zakra_menu_item_hover_color":"","zakra_menu_item_active_color":"","zakra_menu_active_style":"","zakra_page_header":true,"footnotes":""},"categories":[27],"tags":[],"class_list":["post-961","post","type-post","status-publish","format-standard","hentry","category-corona"],"post_mailing_queue_ids":[],"_links":{"self":[{"href":"https:\/\/www.muenster.org\/jaeb\/wp-json\/wp\/v2\/posts\/961","targetHints":{"allow":["GET"]}}],"collection":[{"href":"https:\/\/www.muenster.org\/jaeb\/wp-json\/wp\/v2\/posts"}],"about":[{"href":"https:\/\/www.muenster.org\/jaeb\/wp-json\/wp\/v2\/types\/post"}],"author":[{"embeddable":true,"href":"https:\/\/www.muenster.org\/jaeb\/wp-json\/wp\/v2\/users\/6"}],"replies":[{"embeddable":true,"href":"https:\/\/www.muenster.org\/jaeb\/wp-json\/wp\/v2\/comments?post=961"}],"version-history":[{"count":7,"href":"https:\/\/www.muenster.org\/jaeb\/wp-json\/wp\/v2\/posts\/961\/revisions"}],"predecessor-version":[{"id":1722,"href":"https:\/\/www.muenster.org\/jaeb\/wp-json\/wp\/v2\/posts\/961\/revisions\/1722"}],"wp:attachment":[{"href":"https:\/\/www.muenster.org\/jaeb\/wp-json\/wp\/v2\/media?parent=961"}],"wp:term":[{"taxonomy":"category","embeddable":true,"href":"https:\/\/www.muenster.org\/jaeb\/wp-json\/wp\/v2\/categories?post=961"},{"taxonomy":"post_tag","embeddable":true,"href":"https:\/\/www.muenster.org\/jaeb\/wp-json\/wp\/v2\/tags?post=961"}],"curies":[{"name":"wp","href":"https:\/\/api.w.org\/{rel}","templated":true}]}}