{"id":2586,"date":"2025-09-04T22:00:36","date_gmt":"2025-09-04T20:00:36","guid":{"rendered":"https:\/\/www.muenster.org\/jaeb\/?p=2586"},"modified":"2025-09-04T22:00:36","modified_gmt":"2025-09-04T20:00:36","slug":"podiumsdiskussion-in-der-stadthalle-hiltrup","status":"publish","type":"post","link":"https:\/\/www.muenster.org\/jaeb\/2025\/09\/04\/podiumsdiskussion-in-der-stadthalle-hiltrup\/","title":{"rendered":"Podiumsdiskussion in der Stadthalle Hiltrup"},"content":{"rendered":"\n<p>Am 2.09.2025 fand in den Abendstunden unsere Podiumsdiskussion mit 5 politischen Sprechern statt. Es ging an dem Abend um 4 Themenschwerpunkte zu dem Bereich Kinderbetreuung in M\u00fcnster, wozu wir die Politiker befragt haben.  Wir bedanken und auch hier an dieser Stelle nochmal f\u00fcr ihren Besuch. Von links Joschka Blohm stellvertretender Vorstanden, Marc Schmittka ( stellvertretender Vorstand) J\u00f6rg Berens von der FDP, Tilman Fuchs von B\u00fcndnis 90 die Gr\u00fcnen, Carmen Greefrath von der CDU, Dr. Tanja Andor von der SPD, Stefan Proske -Schuppelius die Linke, Ann-Christin Spatzier ( 1. Vorsitzende des JAEB M\u00fcnster) Philipp Moser bekannt von Antenne M\u00fcnster.<\/p>\n\n\n\n<p><\/p>\n","protected":false},"excerpt":{"rendered":"<p>Am 2.09.2025 fand in den Abendstunden unsere Podiumsdiskussion mit 5 politischen Sprechern statt. Es ging an dem Abend um 4 Themenschwerpunkte zu dem Bereich Kinderbetreuung in M\u00fcnster, wozu wir die [&hellip;]<\/p>\n","protected":false},"author":12,"featured_media":2585,"comment_status":"closed","ping_status":"open","sticky":false,"template":"","format":"standard","meta":{"zakra_page_container_layout":"customizer","zakra_page_sidebar_layout":"customizer","zakra_remove_content_margin":false,"zakra_sidebar":"customizer","zakra_transparent_header":"customizer","zakra_logo":0,"zakra_main_header_style":"default","zakra_menu_item_color":"","zakra_menu_item_hover_color":"","zakra_menu_item_active_color":"","zakra_menu_active_style":"","zakra_page_header":true,"footnotes":""},"categories":[1],"tags":[],"class_list":["post-2586","post","type-post","status-publish","format-standard","has-post-thumbnail","hentry","category-allgemein"],"post_mailing_queue_ids":[],"_links":{"self":[{"href":"https:\/\/www.muenster.org\/jaeb\/wp-json\/wp\/v2\/posts\/2586","targetHints":{"allow":["GET"]}}],"collection":[{"href":"https:\/\/www.muenster.org\/jaeb\/wp-json\/wp\/v2\/posts"}],"about":[{"href":"https:\/\/www.muenster.org\/jaeb\/wp-json\/wp\/v2\/types\/post"}],"author":[{"embeddable":true,"href":"https:\/\/www.muenster.org\/jaeb\/wp-json\/wp\/v2\/users\/12"}],"replies":[{"embeddable":true,"href":"https:\/\/www.muenster.org\/jaeb\/wp-json\/wp\/v2\/comments?post=2586"}],"version-history":[{"count":2,"href":"https:\/\/www.muenster.org\/jaeb\/wp-json\/wp\/v2\/posts\/2586\/revisions"}],"predecessor-version":[{"id":2588,"href":"https:\/\/www.muenster.org\/jaeb\/wp-json\/wp\/v2\/posts\/2586\/revisions\/2588"}],"wp:featuredmedia":[{"embeddable":true,"href":"https:\/\/www.muenster.org\/jaeb\/wp-json\/wp\/v2\/media\/2585"}],"wp:attachment":[{"href":"https:\/\/www.muenster.org\/jaeb\/wp-json\/wp\/v2\/media?parent=2586"}],"wp:term":[{"taxonomy":"category","embeddable":true,"href":"https:\/\/www.muenster.org\/jaeb\/wp-json\/wp\/v2\/categories?post=2586"},{"taxonomy":"post_tag","embeddable":true,"href":"https:\/\/www.muenster.org\/jaeb\/wp-json\/wp\/v2\/tags?post=2586"}],"curies":[{"name":"wp","href":"https:\/\/api.w.org\/{rel}","templated":true}]}}