{"id":2575,"date":"2025-07-12T20:55:46","date_gmt":"2025-07-12T18:55:46","guid":{"rendered":"https:\/\/www.muenster.org\/jaeb\/?p=2575"},"modified":"2025-07-12T20:55:46","modified_gmt":"2025-07-12T18:55:46","slug":"sommerpause","status":"publish","type":"post","link":"https:\/\/www.muenster.org\/jaeb\/2025\/07\/12\/sommerpause\/","title":{"rendered":"Sommerpause"},"content":{"rendered":"\n<p>Wir sind dann mal weg&#8230;.<\/p>\n\n\n\n<p>Auch wir gehen in die Sommerpause. Nat\u00fcrlich beantworten wir weiterhin eure Nachrichten, es kann aber zu einer l\u00e4ngeren Antwortzeit kommen. Wir w\u00fcnschen Euch allen sch\u00f6ne Sommerferien und erholsame Tage.<\/p>\n","protected":false},"excerpt":{"rendered":"<p>Wir sind dann mal weg&#8230;. Auch wir gehen in die Sommerpause. Nat\u00fcrlich beantworten wir weiterhin eure Nachrichten, es kann aber zu einer l\u00e4ngeren Antwortzeit kommen. Wir w\u00fcnschen Euch allen sch\u00f6ne [&hellip;]<\/p>\n","protected":false},"author":10,"featured_media":2574,"comment_status":"closed","ping_status":"open","sticky":false,"template":"","format":"standard","meta":{"zakra_page_container_layout":"customizer","zakra_page_sidebar_layout":"customizer","zakra_remove_content_margin":false,"zakra_sidebar":"customizer","zakra_transparent_header":"customizer","zakra_logo":0,"zakra_main_header_style":"default","zakra_menu_item_color":"","zakra_menu_item_hover_color":"","zakra_menu_item_active_color":"","zakra_menu_active_style":"","zakra_page_header":true,"footnotes":""},"categories":[1],"tags":[],"class_list":["post-2575","post","type-post","status-publish","format-standard","has-post-thumbnail","hentry","category-allgemein"],"post_mailing_queue_ids":[],"_links":{"self":[{"href":"https:\/\/www.muenster.org\/jaeb\/wp-json\/wp\/v2\/posts\/2575","targetHints":{"allow":["GET"]}}],"collection":[{"href":"https:\/\/www.muenster.org\/jaeb\/wp-json\/wp\/v2\/posts"}],"about":[{"href":"https:\/\/www.muenster.org\/jaeb\/wp-json\/wp\/v2\/types\/post"}],"author":[{"embeddable":true,"href":"https:\/\/www.muenster.org\/jaeb\/wp-json\/wp\/v2\/users\/10"}],"replies":[{"embeddable":true,"href":"https:\/\/www.muenster.org\/jaeb\/wp-json\/wp\/v2\/comments?post=2575"}],"version-history":[{"count":1,"href":"https:\/\/www.muenster.org\/jaeb\/wp-json\/wp\/v2\/posts\/2575\/revisions"}],"predecessor-version":[{"id":2576,"href":"https:\/\/www.muenster.org\/jaeb\/wp-json\/wp\/v2\/posts\/2575\/revisions\/2576"}],"wp:featuredmedia":[{"embeddable":true,"href":"https:\/\/www.muenster.org\/jaeb\/wp-json\/wp\/v2\/media\/2574"}],"wp:attachment":[{"href":"https:\/\/www.muenster.org\/jaeb\/wp-json\/wp\/v2\/media?parent=2575"}],"wp:term":[{"taxonomy":"category","embeddable":true,"href":"https:\/\/www.muenster.org\/jaeb\/wp-json\/wp\/v2\/categories?post=2575"},{"taxonomy":"post_tag","embeddable":true,"href":"https:\/\/www.muenster.org\/jaeb\/wp-json\/wp\/v2\/tags?post=2575"}],"curies":[{"name":"wp","href":"https:\/\/api.w.org\/{rel}","templated":true}]}}