{"id":2569,"date":"2025-06-14T10:03:36","date_gmt":"2025-06-14T08:03:36","guid":{"rendered":"https:\/\/www.muenster.org\/jaeb\/?p=2569"},"modified":"2025-06-14T10:05:57","modified_gmt":"2025-06-14T08:05:57","slug":"wir-suchen-dich-gemeinsam-fuer-kinder-kreative-unterstuetzung-fuer-ein-bildungsprojekt","status":"publish","type":"post","link":"https:\/\/www.muenster.org\/jaeb\/2025\/06\/14\/wir-suchen-dich-gemeinsam-fuer-kinder-kreative-unterstuetzung-fuer-ein-bildungsprojekt\/","title":{"rendered":"Wir suchen Dich! Gemeinsam f\u00fcr Kinder: Kreative Unterst\u00fctzung f\u00fcr ein Bildungsprojekt"},"content":{"rendered":"\n<p>Gemeinsam f\u00fcr Kinder: Kreative Unterst\u00fctzung f\u00fcr ein Bildungsprojekt<\/p>\n\n\n\n<p>Bist du im Bereich Design, Illustration oder Gestaltung aktiv und m\u00f6chtest gesellschaftlich etwas bewegen? Dann haben wir genau das Richtige f\u00fcr dich!&nbsp;<\/p>\n\n\n\n<figure class=\"wp-block-image\"><img decoding=\"async\" src=\"https:\/\/fonts.gstatic.com\/s\/e\/notoemoji\/16.0\/1f64c\/72.png\" alt=\"\ud83d\ude4c\"\/><\/figure>\n\n\n\n<p>Der Jugendamtselternbeirat M\u00fcnster plant die Erstellung eines Pixi-Buchs zum \u00dcbergang von der KiTa in die Schule \u2013 und wir suchen kreative K\u00f6pfe, die Lust haben, dieses Projekt mitzugestalten.&nbsp;<\/p>\n\n\n\n<figure class=\"wp-block-image\"><img decoding=\"async\" src=\"https:\/\/fonts.gstatic.com\/s\/e\/notoemoji\/16.0\/1f3a8\/72.png\" alt=\"\ud83c\udfa8\"\/><\/figure>\n\n\n\n<figure class=\"wp-block-image\"><img decoding=\"async\" src=\"https:\/\/fonts.gstatic.com\/s\/e\/notoemoji\/16.0\/1f4da\/72.png\" alt=\"\ud83d\udcda\"\/><\/figure>\n\n\n\n<p>Was wir bieten:\u2028<\/p>\n\n\n\n<figure class=\"wp-block-image\"><img decoding=\"async\" src=\"https:\/\/fonts.gstatic.com\/s\/e\/notoemoji\/16.0\/2728\/72.png\" alt=\"\u2728\"\/><\/figure>\n\n\n\n<p>&nbsp;Mitwirkung an einem sozialen Projekt\u2028<\/p>\n\n\n\n<figure class=\"wp-block-image\"><img decoding=\"async\" src=\"https:\/\/fonts.gstatic.com\/s\/e\/notoemoji\/16.0\/2728\/72.png\" alt=\"\u2728\"\/><\/figure>\n\n\n\n<p>&nbsp;Sichtbarkeit im fertigen Buch (Nennung m\u00f6glich)\u2028<\/p>\n\n\n\n<figure class=\"wp-block-image\"><img decoding=\"async\" src=\"https:\/\/fonts.gstatic.com\/s\/e\/notoemoji\/16.0\/2728\/72.png\" alt=\"\u2728\"\/><\/figure>\n\n\n\n<p>&nbsp;Kleine Aufwandsentsch\u00e4digung im Rahmen unseres Budgets\u2028<\/p>\n\n\n\n<figure class=\"wp-block-image\"><img decoding=\"async\" src=\"https:\/\/fonts.gstatic.com\/s\/e\/notoemoji\/16.0\/2728\/72.png\" alt=\"\u2728\"\/><\/figure>\n\n\n\n<p>&nbsp;Eine tolle Gelegenheit, dein Portfolio zu erweitern und praktische Erfahrung zu sammeln!<\/p>\n\n\n\n<p>Wenn du Interesse hast, gemeinsam etwas Wertvolles f\u00fcr Kinder und Familien zu schaffen, melde dich bei uns! <a href=\"https:\/\/www.muenster.org\/jaeb\/wp-content\/uploads\/2025\/06\/Suche-Illustration-Pixi-Buch-allgemein.pdf\">Klick hier\u00a0<\/a><\/p>\n\n\n\n<figure class=\"wp-block-image\"><img decoding=\"async\" src=\"https:\/\/fonts.gstatic.com\/s\/e\/notoemoji\/16.0\/1f48c\/72.png\" alt=\"\ud83d\udc8c\"\/><\/figure>\n\n\n\n<p>Kontakt:&nbsp;<a href=\"mailto:jaeb@muenster.org\" target=\"_blank\" rel=\"noreferrer noopener\">jaeb@muenster.org<\/a><\/p>\n","protected":false},"excerpt":{"rendered":"<p>Gemeinsam f\u00fcr Kinder: Kreative Unterst\u00fctzung f\u00fcr ein Bildungsprojekt Bist du im Bereich Design, Illustration oder Gestaltung aktiv und m\u00f6chtest gesellschaftlich etwas bewegen? Dann haben wir genau das Richtige f\u00fcr dich!&nbsp; [&hellip;]<\/p>\n","protected":false},"author":10,"featured_media":2571,"comment_status":"closed","ping_status":"open","sticky":false,"template":"","format":"standard","meta":{"zakra_page_container_layout":"customizer","zakra_page_sidebar_layout":"customizer","zakra_remove_content_margin":false,"zakra_sidebar":"customizer","zakra_transparent_header":"customizer","zakra_logo":0,"zakra_main_header_style":"default","zakra_menu_item_color":"","zakra_menu_item_hover_color":"","zakra_menu_item_active_color":"","zakra_menu_active_style":"","zakra_page_header":true,"footnotes":""},"categories":[33,1],"tags":[],"class_list":["post-2569","post","type-post","status-publish","format-standard","has-post-thumbnail","hentry","category-aktionen","category-allgemein"],"post_mailing_queue_ids":[],"_links":{"self":[{"href":"https:\/\/www.muenster.org\/jaeb\/wp-json\/wp\/v2\/posts\/2569","targetHints":{"allow":["GET"]}}],"collection":[{"href":"https:\/\/www.muenster.org\/jaeb\/wp-json\/wp\/v2\/posts"}],"about":[{"href":"https:\/\/www.muenster.org\/jaeb\/wp-json\/wp\/v2\/types\/post"}],"author":[{"embeddable":true,"href":"https:\/\/www.muenster.org\/jaeb\/wp-json\/wp\/v2\/users\/10"}],"replies":[{"embeddable":true,"href":"https:\/\/www.muenster.org\/jaeb\/wp-json\/wp\/v2\/comments?post=2569"}],"version-history":[{"count":2,"href":"https:\/\/www.muenster.org\/jaeb\/wp-json\/wp\/v2\/posts\/2569\/revisions"}],"predecessor-version":[{"id":2572,"href":"https:\/\/www.muenster.org\/jaeb\/wp-json\/wp\/v2\/posts\/2569\/revisions\/2572"}],"wp:featuredmedia":[{"embeddable":true,"href":"https:\/\/www.muenster.org\/jaeb\/wp-json\/wp\/v2\/media\/2571"}],"wp:attachment":[{"href":"https:\/\/www.muenster.org\/jaeb\/wp-json\/wp\/v2\/media?parent=2569"}],"wp:term":[{"taxonomy":"category","embeddable":true,"href":"https:\/\/www.muenster.org\/jaeb\/wp-json\/wp\/v2\/categories?post=2569"},{"taxonomy":"post_tag","embeddable":true,"href":"https:\/\/www.muenster.org\/jaeb\/wp-json\/wp\/v2\/tags?post=2569"}],"curies":[{"name":"wp","href":"https:\/\/api.w.org\/{rel}","templated":true}]}}