{"id":2560,"date":"2025-05-21T15:03:33","date_gmt":"2025-05-21T13:03:33","guid":{"rendered":"https:\/\/www.muenster.org\/jaeb\/?p=2560"},"modified":"2025-05-21T15:03:33","modified_gmt":"2025-05-21T13:03:33","slug":"muenster-forscht","status":"publish","type":"post","link":"https:\/\/www.muenster.org\/jaeb\/2025\/05\/21\/muenster-forscht\/","title":{"rendered":"M\u00fcnster forscht"},"content":{"rendered":"\n<p>Liebe Eltern, liebe Kinder,<\/p>\n\n\n\n<p>am 5. Juni 2025 (9-11.30 Uhr) ist es endlich wieder soweit. M\u00fcnster forscht geht in die n\u00e4chste Runde. Auch wir sind in diesem Jahr f\u00fcr euch dabei. Es wird spannend, also kommt vorbei und lasst euch von  vielen tollen Experimenten beeindrucken. Wir freuen uns auf euch! Alle wichtigen Informationen findet ihr <a href=\"https:\/\/www.muenster.org\/jaeb\/wp-content\/uploads\/2025\/05\/DINlang-Flyer_MuensterForscht-2025_FINAL-001.pdf\">HIER<\/a><\/p>\n\n\n\n<p><\/p>\n","protected":false},"excerpt":{"rendered":"<p>Liebe Eltern, liebe Kinder, am 5. Juni 2025 (9-11.30 Uhr) ist es endlich wieder soweit. M\u00fcnster forscht geht in die n\u00e4chste Runde. Auch wir sind in diesem Jahr f\u00fcr euch [&hellip;]<\/p>\n","protected":false},"author":10,"featured_media":2559,"comment_status":"closed","ping_status":"open","sticky":false,"template":"","format":"standard","meta":{"zakra_page_container_layout":"customizer","zakra_page_sidebar_layout":"customizer","zakra_remove_content_margin":false,"zakra_sidebar":"customizer","zakra_transparent_header":"customizer","zakra_logo":0,"zakra_main_header_style":"default","zakra_menu_item_color":"","zakra_menu_item_hover_color":"","zakra_menu_item_active_color":"","zakra_menu_active_style":"","zakra_page_header":true,"footnotes":""},"categories":[33,1],"tags":[],"class_list":["post-2560","post","type-post","status-publish","format-standard","has-post-thumbnail","hentry","category-aktionen","category-allgemein"],"post_mailing_queue_ids":[],"_links":{"self":[{"href":"https:\/\/www.muenster.org\/jaeb\/wp-json\/wp\/v2\/posts\/2560","targetHints":{"allow":["GET"]}}],"collection":[{"href":"https:\/\/www.muenster.org\/jaeb\/wp-json\/wp\/v2\/posts"}],"about":[{"href":"https:\/\/www.muenster.org\/jaeb\/wp-json\/wp\/v2\/types\/post"}],"author":[{"embeddable":true,"href":"https:\/\/www.muenster.org\/jaeb\/wp-json\/wp\/v2\/users\/10"}],"replies":[{"embeddable":true,"href":"https:\/\/www.muenster.org\/jaeb\/wp-json\/wp\/v2\/comments?post=2560"}],"version-history":[{"count":3,"href":"https:\/\/www.muenster.org\/jaeb\/wp-json\/wp\/v2\/posts\/2560\/revisions"}],"predecessor-version":[{"id":2563,"href":"https:\/\/www.muenster.org\/jaeb\/wp-json\/wp\/v2\/posts\/2560\/revisions\/2563"}],"wp:featuredmedia":[{"embeddable":true,"href":"https:\/\/www.muenster.org\/jaeb\/wp-json\/wp\/v2\/media\/2559"}],"wp:attachment":[{"href":"https:\/\/www.muenster.org\/jaeb\/wp-json\/wp\/v2\/media?parent=2560"}],"wp:term":[{"taxonomy":"category","embeddable":true,"href":"https:\/\/www.muenster.org\/jaeb\/wp-json\/wp\/v2\/categories?post=2560"},{"taxonomy":"post_tag","embeddable":true,"href":"https:\/\/www.muenster.org\/jaeb\/wp-json\/wp\/v2\/tags?post=2560"}],"curies":[{"name":"wp","href":"https:\/\/api.w.org\/{rel}","templated":true}]}}