{"id":2541,"date":"2025-02-17T07:55:33","date_gmt":"2025-02-17T06:55:33","guid":{"rendered":"https:\/\/www.muenster.org\/jaeb\/?p=2541"},"modified":"2025-02-17T07:55:34","modified_gmt":"2025-02-17T06:55:34","slug":"neues-jahr-neues-glueck","status":"publish","type":"post","link":"https:\/\/www.muenster.org\/jaeb\/2025\/02\/17\/neues-jahr-neues-glueck\/","title":{"rendered":"Neues Jahr, neues Gl\u00fcck"},"content":{"rendered":"\n<p>In den letzten 4 Wochen haben wir an diversen Neujahrsempf\u00e4nger der Politik teilgenommen! Vielen Dank nochmal f\u00fcr die ganzen Einladungen, es zeigt uns jedes Mal aufs neu, wie wichtig der Austausch ist und das die Elternstimme geh\u00f6rt wird! Uns ist es auch in diesem Jahr besonders wichtig auf die aktuelle Betreuungssituation in M\u00fcnster hinzuweisen! Der rege Austausch und die umfangreiche Themensammlung mit euch im November sind Bestandteil unsere Arbeit!<\/p>\n","protected":false},"excerpt":{"rendered":"<p>In den letzten 4 Wochen haben wir an diversen Neujahrsempf\u00e4nger der Politik teilgenommen! Vielen Dank nochmal f\u00fcr die ganzen Einladungen, es zeigt uns jedes Mal aufs neu, wie wichtig der [&hellip;]<\/p>\n","protected":false},"author":10,"featured_media":2540,"comment_status":"closed","ping_status":"open","sticky":false,"template":"","format":"standard","meta":{"zakra_page_container_layout":"customizer","zakra_page_sidebar_layout":"customizer","zakra_remove_content_margin":false,"zakra_sidebar":"customizer","zakra_transparent_header":"customizer","zakra_logo":0,"zakra_main_header_style":"default","zakra_menu_item_color":"","zakra_menu_item_hover_color":"","zakra_menu_item_active_color":"","zakra_menu_active_style":"","zakra_page_header":true,"footnotes":""},"categories":[33,1,29],"tags":[],"class_list":["post-2541","post","type-post","status-publish","format-standard","has-post-thumbnail","hentry","category-aktionen","category-allgemein","category-wahlen"],"post_mailing_queue_ids":[],"_links":{"self":[{"href":"https:\/\/www.muenster.org\/jaeb\/wp-json\/wp\/v2\/posts\/2541","targetHints":{"allow":["GET"]}}],"collection":[{"href":"https:\/\/www.muenster.org\/jaeb\/wp-json\/wp\/v2\/posts"}],"about":[{"href":"https:\/\/www.muenster.org\/jaeb\/wp-json\/wp\/v2\/types\/post"}],"author":[{"embeddable":true,"href":"https:\/\/www.muenster.org\/jaeb\/wp-json\/wp\/v2\/users\/10"}],"replies":[{"embeddable":true,"href":"https:\/\/www.muenster.org\/jaeb\/wp-json\/wp\/v2\/comments?post=2541"}],"version-history":[{"count":1,"href":"https:\/\/www.muenster.org\/jaeb\/wp-json\/wp\/v2\/posts\/2541\/revisions"}],"predecessor-version":[{"id":2542,"href":"https:\/\/www.muenster.org\/jaeb\/wp-json\/wp\/v2\/posts\/2541\/revisions\/2542"}],"wp:featuredmedia":[{"embeddable":true,"href":"https:\/\/www.muenster.org\/jaeb\/wp-json\/wp\/v2\/media\/2540"}],"wp:attachment":[{"href":"https:\/\/www.muenster.org\/jaeb\/wp-json\/wp\/v2\/media?parent=2541"}],"wp:term":[{"taxonomy":"category","embeddable":true,"href":"https:\/\/www.muenster.org\/jaeb\/wp-json\/wp\/v2\/categories?post=2541"},{"taxonomy":"post_tag","embeddable":true,"href":"https:\/\/www.muenster.org\/jaeb\/wp-json\/wp\/v2\/tags?post=2541"}],"curies":[{"name":"wp","href":"https:\/\/api.w.org\/{rel}","templated":true}]}}