{"id":2463,"date":"2024-10-07T19:17:20","date_gmt":"2024-10-07T17:17:20","guid":{"rendered":"https:\/\/www.muenster.org\/jaeb\/?p=2463"},"modified":"2024-10-07T19:17:21","modified_gmt":"2024-10-07T17:17:21","slug":"gemeinsame-demo-09-10-24","status":"publish","type":"post","link":"https:\/\/www.muenster.org\/jaeb\/2024\/10\/07\/gemeinsame-demo-09-10-24\/","title":{"rendered":"Gemeinsame Demo 09.10.24"},"content":{"rendered":"\n<p><img loading=\"lazy\" decoding=\"async\" height=\"16\" width=\"16\" src=\"https:\/\/static.xx.fbcdn.net\/images\/emoji.php\/v9\/t77\/1\/16\/203c.png\" alt=\"\u203c\ufe0f\"><img loading=\"lazy\" decoding=\"async\" height=\"16\" width=\"16\" src=\"https:\/\/static.xx.fbcdn.net\/images\/emoji.php\/v9\/t39\/1\/16\/1f4e2.png\" alt=\"\ud83d\udce2\"><img loading=\"lazy\" decoding=\"async\" height=\"16\" width=\"16\" src=\"https:\/\/static.xx.fbcdn.net\/images\/emoji.php\/v9\/t39\/1\/16\/1f4e2.png\" alt=\"\ud83d\udce2\">Liebe Eltern, Familien, Interessierte:<\/p>\n\n\n\n<p>Am *9. Oktober, dem jetzigen Mittwoch*, ist eine *gemeinsame Demo* vom JAEB (Jugendamtselternbeirat), JUBEL? TRUBEL! (Kinderbildung und Betreuung U6) und der Stadtelternschaft (Schulpflegschaften) vor dem historischen Rathaus M\u00fcnster geplant. W\u00e4hrend im Innern der Rat der Stadt M\u00fcnsters tagt, wollen wir Eltern auf dem Prinzipalmarkt davor, mitten im Herzen der Stadt, lautstark dagegen protestieren, dass ausgerechnet im ohnehin schon <a><\/a>vernachl\u00e4ssigten Kinder- und Jugendressort massiv gek\u00fcrzt und gespart werden soll. Sei es durch *Geb\u00fchrenerh\u00f6hungen f\u00fcr die Kinderbetreuung in Kitas, Gro\u00dftagespflege und bei Tagespflegepersonen, den Wegfall der Geschwisterkindregelung, den OGS-Ausbaustopp oder K\u00fcrzungen in der Jugendhilfe und bei Pr\u00e4ventionsprojekten.*<\/p>\n\n\n\n<p>*Start ist 16:00 Uhr \u2014 die Freigabe der angemeldeten Demonstration durch die Polizei ist jetzt erfolgt.* Teilt den digitalen Flyer gern in allen Flohmarktgruppen und unter Euren Bekannten, um weitere Eltern und Unterst\u00fctzer zu mobilisieren.<\/p>\n\n\n\n<p>*Damit Oberb\u00fcrgermeister Lewe merkt, dass der Haushaltsentwurf so nicht von den B\u00fcrgern getragen wird und alle Ratsmitglieder den R\u00fcckenwind erhalten, der ben\u00f6tigt wird, um sich f\u00fcr die Belange der Kinder und Familien in M\u00fcnster einzusetzen. Und das in der gesamten Jugendhilfe, Bildung und Betreuung!* <img loading=\"lazy\" decoding=\"async\" height=\"16\" width=\"16\" alt=\"\u203c\ufe0f\" src=\"https:\/\/static.xx.fbcdn.net\/images\/emoji.php\/v9\/t77\/1\/16\/203c.png\"><img loading=\"lazy\" decoding=\"async\" height=\"16\" width=\"16\" alt=\"\ud83d\udce2\" src=\"https:\/\/static.xx.fbcdn.net\/images\/emoji.php\/v9\/t39\/1\/16\/1f4e2.png\"><img loading=\"lazy\" decoding=\"async\" height=\"16\" width=\"16\" alt=\"\ud83d\udce2\" src=\"https:\/\/static.xx.fbcdn.net\/images\/emoji.php\/v9\/t39\/1\/16\/1f4e2.png\"><\/p>\n\n\n\n<p><a href=\"https:\/\/www.facebook.com\/photo\/?fbid=944627331039111&amp;set=a.559211972913984&amp;__cft__[0]=AZVsyXvsCtLK5AcZ-CQT3MeQ56M6GKfstnjV44HSeAzD8BrZtDn1lHJoFSAzw7xsGABFs6IGYANjS4L-jPsANtqqQNj7uZ1OLUIHrFKmKD9ao8d9_J3LQ7zLRS5TZ4NJyK70gTmh-vWXxEgr8rPEiPRwYKuMCfvt-KBBCTDA55vQjbWF-rJUChit_vCy24uhF60&amp;__tn__=EH-R\"><\/a><\/p>\n\n\n\n<p><\/p>\n\n\n\n<p><a href=\"https:\/\/www.facebook.com\/ad_center\/create\/boostpost\/?entry_point=www_profile_plus_timeline&amp;page_id=426495840763733&amp;target_id=944627557705755&amp;__cft__[0]=AZVsyXvsCtLK5AcZ-CQT3MeQ56M6GKfstnjV44HSeAzD8BrZtDn1lHJoFSAzw7xsGABFs6IGYANjS4L-jPsANtqqQNj7uZ1OLUIHrFKmKD9ao8d9_J3LQ7zLRS5TZ4NJyK70gTmh-vWXxEgr8rPEiPRwYKuMCfvt-KBBCTDA55vQjbWF-rJUChit_vCy24uhF60&amp;__tn__=*W-R\"><\/a><\/p>\n\n\n\n<p><\/p>\n","protected":false},"excerpt":{"rendered":"<p>Liebe Eltern, Familien, Interessierte: Am *9. Oktober, dem jetzigen Mittwoch*, ist eine *gemeinsame Demo* vom JAEB (Jugendamtselternbeirat), JUBEL? TRUBEL! (Kinderbildung und Betreuung U6) und der Stadtelternschaft (Schulpflegschaften) vor dem historischen [&hellip;]<\/p>\n","protected":false},"author":10,"featured_media":2462,"comment_status":"closed","ping_status":"open","sticky":false,"template":"","format":"standard","meta":{"zakra_page_container_layout":"customizer","zakra_page_sidebar_layout":"customizer","zakra_remove_content_margin":false,"zakra_sidebar":"customizer","zakra_transparent_header":"customizer","zakra_logo":0,"zakra_main_header_style":"default","zakra_menu_item_color":"","zakra_menu_item_hover_color":"","zakra_menu_item_active_color":"","zakra_menu_active_style":"","zakra_page_header":true,"footnotes":""},"categories":[33,1],"tags":[],"class_list":["post-2463","post","type-post","status-publish","format-standard","has-post-thumbnail","hentry","category-aktionen","category-allgemein"],"post_mailing_queue_ids":[],"_links":{"self":[{"href":"https:\/\/www.muenster.org\/jaeb\/wp-json\/wp\/v2\/posts\/2463","targetHints":{"allow":["GET"]}}],"collection":[{"href":"https:\/\/www.muenster.org\/jaeb\/wp-json\/wp\/v2\/posts"}],"about":[{"href":"https:\/\/www.muenster.org\/jaeb\/wp-json\/wp\/v2\/types\/post"}],"author":[{"embeddable":true,"href":"https:\/\/www.muenster.org\/jaeb\/wp-json\/wp\/v2\/users\/10"}],"replies":[{"embeddable":true,"href":"https:\/\/www.muenster.org\/jaeb\/wp-json\/wp\/v2\/comments?post=2463"}],"version-history":[{"count":2,"href":"https:\/\/www.muenster.org\/jaeb\/wp-json\/wp\/v2\/posts\/2463\/revisions"}],"predecessor-version":[{"id":2465,"href":"https:\/\/www.muenster.org\/jaeb\/wp-json\/wp\/v2\/posts\/2463\/revisions\/2465"}],"wp:featuredmedia":[{"embeddable":true,"href":"https:\/\/www.muenster.org\/jaeb\/wp-json\/wp\/v2\/media\/2462"}],"wp:attachment":[{"href":"https:\/\/www.muenster.org\/jaeb\/wp-json\/wp\/v2\/media?parent=2463"}],"wp:term":[{"taxonomy":"category","embeddable":true,"href":"https:\/\/www.muenster.org\/jaeb\/wp-json\/wp\/v2\/categories?post=2463"},{"taxonomy":"post_tag","embeddable":true,"href":"https:\/\/www.muenster.org\/jaeb\/wp-json\/wp\/v2\/tags?post=2463"}],"curies":[{"name":"wp","href":"https:\/\/api.w.org\/{rel}","templated":true}]}}