{"id":2459,"date":"2024-09-26T09:33:17","date_gmt":"2024-09-26T07:33:17","guid":{"rendered":"https:\/\/www.muenster.org\/jaeb\/?p=2459"},"modified":"2024-09-26T09:33:17","modified_gmt":"2024-09-26T07:33:17","slug":"steuerungsgruppe-kita-navigator","status":"publish","type":"post","link":"https:\/\/www.muenster.org\/jaeb\/2024\/09\/26\/steuerungsgruppe-kita-navigator\/","title":{"rendered":"Steuerungsgruppe Kita-Navigator"},"content":{"rendered":"\n<p>Gestern haben zwei unserer Mitglieder (Ann-Christin Spatzier und Joschka Blohm) die auch Mitglied in der Steuerungsgruppe Kita-Navigator sind, an einem mehrst\u00fcndigen Interview teilgenommen. Dort wurde offen und klar \u00fcber die Funktionen und M\u00f6glichkeiten,  W\u00fcnsche und Priorisierungen seitens der Eltern gesprochen. Wir haben die Sicht der Eltern und die Bedienung des Systems dargestellt und viele Ver\u00e4nderungsw\u00fcnsche mitgeteilt. Es gibt eine Menge zu tun. Wir sind und bleiben als Elternvertretung f\u00fcr euch dabei. Neuigkeiten findet ihr hier auf der Website aber auch bei Facebook und Instagram!<\/p>\n","protected":false},"excerpt":{"rendered":"<p>Gestern haben zwei unserer Mitglieder (Ann-Christin Spatzier und Joschka Blohm) die auch Mitglied in der Steuerungsgruppe Kita-Navigator sind, an einem mehrst\u00fcndigen Interview teilgenommen. Dort wurde offen und klar \u00fcber die [&hellip;]<\/p>\n","protected":false},"author":10,"featured_media":2450,"comment_status":"closed","ping_status":"open","sticky":false,"template":"","format":"standard","meta":{"zakra_page_container_layout":"customizer","zakra_page_sidebar_layout":"customizer","zakra_remove_content_margin":false,"zakra_sidebar":"customizer","zakra_transparent_header":"customizer","zakra_logo":0,"zakra_main_header_style":"default","zakra_menu_item_color":"","zakra_menu_item_hover_color":"","zakra_menu_item_active_color":"","zakra_menu_active_style":"","zakra_page_header":true,"footnotes":""},"categories":[33,1],"tags":[],"class_list":["post-2459","post","type-post","status-publish","format-standard","has-post-thumbnail","hentry","category-aktionen","category-allgemein"],"post_mailing_queue_ids":[],"_links":{"self":[{"href":"https:\/\/www.muenster.org\/jaeb\/wp-json\/wp\/v2\/posts\/2459","targetHints":{"allow":["GET"]}}],"collection":[{"href":"https:\/\/www.muenster.org\/jaeb\/wp-json\/wp\/v2\/posts"}],"about":[{"href":"https:\/\/www.muenster.org\/jaeb\/wp-json\/wp\/v2\/types\/post"}],"author":[{"embeddable":true,"href":"https:\/\/www.muenster.org\/jaeb\/wp-json\/wp\/v2\/users\/10"}],"replies":[{"embeddable":true,"href":"https:\/\/www.muenster.org\/jaeb\/wp-json\/wp\/v2\/comments?post=2459"}],"version-history":[{"count":1,"href":"https:\/\/www.muenster.org\/jaeb\/wp-json\/wp\/v2\/posts\/2459\/revisions"}],"predecessor-version":[{"id":2460,"href":"https:\/\/www.muenster.org\/jaeb\/wp-json\/wp\/v2\/posts\/2459\/revisions\/2460"}],"wp:featuredmedia":[{"embeddable":true,"href":"https:\/\/www.muenster.org\/jaeb\/wp-json\/wp\/v2\/media\/2450"}],"wp:attachment":[{"href":"https:\/\/www.muenster.org\/jaeb\/wp-json\/wp\/v2\/media?parent=2459"}],"wp:term":[{"taxonomy":"category","embeddable":true,"href":"https:\/\/www.muenster.org\/jaeb\/wp-json\/wp\/v2\/categories?post=2459"},{"taxonomy":"post_tag","embeddable":true,"href":"https:\/\/www.muenster.org\/jaeb\/wp-json\/wp\/v2\/tags?post=2459"}],"curies":[{"name":"wp","href":"https:\/\/api.w.org\/{rel}","templated":true}]}}