{"id":2171,"date":"2021-12-27T12:43:30","date_gmt":"2021-12-27T11:43:30","guid":{"rendered":"https:\/\/www.muenster.org\/jaeb\/?p=2171"},"modified":"2021-12-27T12:43:31","modified_gmt":"2021-12-27T11:43:31","slug":"news","status":"publish","type":"post","link":"https:\/\/www.muenster.org\/jaeb\/2021\/12\/27\/news\/","title":{"rendered":"News"},"content":{"rendered":"\n<p>Liebe Eltern,<\/p>\n\n\n\n<p>wir haben&nbsp;die aktuellen Ma\u00dfnahmen&nbsp;zur&nbsp;Coronasituation&nbsp;&#8211; genauer: das Testprocedere &#8211;&nbsp;zum Anlass genommen, ein&nbsp;au\u00dferplanm\u00e4\u00dfiges&nbsp;Gespr\u00e4ch mit der Stadt M\u00fcnster zu f\u00fchren. Stadtdirektor Herr Paal, Frau Trockel (Leiterin&nbsp;des Jugendamtes) und Frau Dr. Dagmar Schwarte vom Gesundheitsamt haben sich f\u00fcr einen gemeinsamen Dialog mit uns Zeit genommen.<\/p>\n\n\n\n<p>In dem sehr netten und informativen Gespr\u00e4ch wurde deutlich, dass das aktuelle Infektionsgeschehen bei den ganz Kleinen&nbsp;zum Gl\u00fcck sehr gering ist.&nbsp;<\/p>\n\n\n\n<p>Wir haben der Stadt M\u00fcnster gegen\u00fcber den von einigen Eltern gehegten&nbsp;Wunsch nach PCR-Pooltestungen in den m\u00fcnsterischen Kitas herangetragen. Derzeit&nbsp;steht der damit verbundene zus\u00e4tzliche&nbsp;Aufwand in keinem vertretbaren Verh\u00e4ltnis zum erfreulicherweise&nbsp;\u00e4u\u00dferst niedrigen Infektionsgeschehen.&nbsp;<\/p>\n\n\n\n<p>Gerade vor diesem Hintergrund wurde noch einmal sehr deutlich, wie wichtig die Selbsttests und deren&nbsp;regelm\u00e4\u00dfige und korrekte Ausf\u00fchrung sind!&nbsp;<\/p>\n\n\n\n<p>Auch die Vertreter der\u00a0Stadt M\u00fcnster wissen sehr genau,\u00a0wie besorgt zahlreiche\u00a0Eltern\u00a0sind.\u00a0\u00a0Deshalb\u00a0m\u00f6chten wir Euch auf\u00a0diesem Weg die Selbsttests noch einmal eindringlich\u00a0ans Herz legen. Nur, wenn\u00a0wir alle konsequent, fachgerecht und ehrlich\u00a0unsere Kleinen\u00a0in regelm\u00e4\u00dfigen Abst\u00e4nden testen, schaffen wir die Herausforderung dieser\u00a0Zeit gemeinsam. Dabei tragen\u00a0wir nat\u00fcrlich nicht nur f\u00fcr uns selbst Verantwortung, sondern auch f\u00fcr die Gemeinschaft.<\/p>\n\n\n\n<p>Daher noch einmal die ausdr\u00fcckliche Bitte: testet sorgf\u00e4ltig!<\/p>\n\n\n\n<p>Zur Durchf\u00fchrung der Selbstests\u00a0findet Ihr im folgenden Link noch einmal\u00a0eine genaue Anleitung:<\/p>\n\n\n\n<p><a href=\"https:\/\/www.bfarm.de\/SharedDocs\/Downloads\/DE\/Medizinprodukte\/Anleitung_Corona_Selbsttest_Kinder.pdf?__blob=publicationFile\" target=\"_blank\" rel=\"noreferrer noopener\">Anleitung Corona Selbstest Kinder<\/a><\/p>\n\n\n\n<p>Mit den besten W\u00fcnschen zum bevorstehenden Jahreswechsel und&nbsp;bleibt gesund und vorsichtig!<\/p>\n\n\n\n<p>Euer JAEB M\u00fcnster&nbsp;<\/p>\n","protected":false},"excerpt":{"rendered":"<p>Liebe Eltern, wir haben&nbsp;die aktuellen Ma\u00dfnahmen&nbsp;zur&nbsp;Coronasituation&nbsp;&#8211; genauer: das Testprocedere &#8211;&nbsp;zum Anlass genommen, ein&nbsp;au\u00dferplanm\u00e4\u00dfiges&nbsp;Gespr\u00e4ch mit der Stadt M\u00fcnster zu f\u00fchren. Stadtdirektor Herr Paal, Frau Trockel (Leiterin&nbsp;des Jugendamtes) und Frau Dr. Dagmar [&hellip;]<\/p>\n","protected":false},"author":10,"featured_media":2172,"comment_status":"closed","ping_status":"open","sticky":false,"template":"","format":"standard","meta":{"zakra_page_container_layout":"customizer","zakra_page_sidebar_layout":"customizer","zakra_remove_content_margin":false,"zakra_sidebar":"customizer","zakra_transparent_header":"customizer","zakra_logo":0,"zakra_main_header_style":"default","zakra_menu_item_color":"","zakra_menu_item_hover_color":"","zakra_menu_item_active_color":"","zakra_menu_active_style":"","zakra_page_header":true,"footnotes":""},"categories":[27],"tags":[],"class_list":["post-2171","post","type-post","status-publish","format-standard","has-post-thumbnail","hentry","category-corona"],"post_mailing_queue_ids":[],"_links":{"self":[{"href":"https:\/\/www.muenster.org\/jaeb\/wp-json\/wp\/v2\/posts\/2171","targetHints":{"allow":["GET"]}}],"collection":[{"href":"https:\/\/www.muenster.org\/jaeb\/wp-json\/wp\/v2\/posts"}],"about":[{"href":"https:\/\/www.muenster.org\/jaeb\/wp-json\/wp\/v2\/types\/post"}],"author":[{"embeddable":true,"href":"https:\/\/www.muenster.org\/jaeb\/wp-json\/wp\/v2\/users\/10"}],"replies":[{"embeddable":true,"href":"https:\/\/www.muenster.org\/jaeb\/wp-json\/wp\/v2\/comments?post=2171"}],"version-history":[{"count":2,"href":"https:\/\/www.muenster.org\/jaeb\/wp-json\/wp\/v2\/posts\/2171\/revisions"}],"predecessor-version":[{"id":2175,"href":"https:\/\/www.muenster.org\/jaeb\/wp-json\/wp\/v2\/posts\/2171\/revisions\/2175"}],"wp:featuredmedia":[{"embeddable":true,"href":"https:\/\/www.muenster.org\/jaeb\/wp-json\/wp\/v2\/media\/2172"}],"wp:attachment":[{"href":"https:\/\/www.muenster.org\/jaeb\/wp-json\/wp\/v2\/media?parent=2171"}],"wp:term":[{"taxonomy":"category","embeddable":true,"href":"https:\/\/www.muenster.org\/jaeb\/wp-json\/wp\/v2\/categories?post=2171"},{"taxonomy":"post_tag","embeddable":true,"href":"https:\/\/www.muenster.org\/jaeb\/wp-json\/wp\/v2\/tags?post=2171"}],"curies":[{"name":"wp","href":"https:\/\/api.w.org\/{rel}","templated":true}]}}