{"id":1935,"date":"2021-09-06T23:55:28","date_gmt":"2021-09-06T21:55:28","guid":{"rendered":"https:\/\/www.muenster.org\/jaeb\/?p=1935"},"modified":"2021-09-06T23:55:29","modified_gmt":"2021-09-06T21:55:29","slug":"versandaktion-hurra-ich-bin-jetzt-in-der-kita","status":"publish","type":"post","link":"https:\/\/www.muenster.org\/jaeb\/2021\/09\/06\/versandaktion-hurra-ich-bin-jetzt-in-der-kita\/","title":{"rendered":"Versandaktion &#8222;Hurra, ich bin jetzt in der Kita!&#8220;"},"content":{"rendered":"\n<p>Auch in diesem Jahr war die Versandaktion der B\u00fcchlein &#8222;Hurra, ich bin jetzt in der Kita!&#8220; erfolgreich. 200 Kitas in M\u00fcnster haben Nachschub an Heftchen bekommen! Beigef\u00fcgt wurden noch Informationen zur n\u00e4chsten JAEB-Wahl im November.<\/p>\n\n\n\n<p>Ann-Christin Spatzier, Vorsitzende des JAEB M\u00fcnster (im Bild rechts), freut sich \u00fcber einen gelungenen Sonntagnachmittag &#8211; nicht ohne eine St\u00e4rkung mit Kaffee und Kuchen im Garten von Beiratsmitglied Oliver Elferich (danke Oliver und danke an alle helfenden H\u00e4nde). &#8222;Es war viel Arbeit, die gemeinsame Aktion hat aber auch Spa\u00df gemacht!&#8220; Die humorvolle Hilfestellung f\u00fcr Ersti-Eltern erfreut sich gro\u00dfer Beliebtheit, nicht nur in m\u00fcnsterischen Kitas. Auf Nachfrage stellen wir die B\u00fcchlein auch anderen JAEB zum Selbstkostenpreis zur Verf\u00fcgung. Momentan ist eine \u00dcberarbeitung in der Planung, so wird demn\u00e4chst auch eine \u00dcbersetzung in mehrere Sprachen eingebunden sein.<\/p>\n\n\n\n<p>Die Geschichte unseres B\u00fcchleins k\u00f6nnt ihr <a href=\"https:\/\/www.muenster.org\/jaeb\/2014\/10\/17\/hurra-ich-bin-jetzt-in-der-kita-das-kleine-buch-fur-ersti-eltern-vom-jaeb-munster\/\">hier<\/a> nachlesen.<\/p>\n","protected":false},"excerpt":{"rendered":"<p>Auch in diesem Jahr war die Versandaktion der B\u00fcchlein &#8222;Hurra, ich bin jetzt in der Kita!&#8220; erfolgreich. 200 Kitas in M\u00fcnster haben Nachschub an Heftchen bekommen! Beigef\u00fcgt wurden noch Informationen [&hellip;]<\/p>\n","protected":false},"author":10,"featured_media":1936,"comment_status":"closed","ping_status":"open","sticky":false,"template":"","format":"standard","meta":{"zakra_page_container_layout":"customizer","zakra_page_sidebar_layout":"customizer","zakra_remove_content_margin":false,"zakra_sidebar":"customizer","zakra_transparent_header":"customizer","zakra_logo":0,"zakra_main_header_style":"default","zakra_menu_item_color":"","zakra_menu_item_hover_color":"","zakra_menu_item_active_color":"","zakra_menu_active_style":"","zakra_page_header":true,"footnotes":""},"categories":[1],"tags":[],"class_list":["post-1935","post","type-post","status-publish","format-standard","has-post-thumbnail","hentry","category-allgemein"],"post_mailing_queue_ids":[],"_links":{"self":[{"href":"https:\/\/www.muenster.org\/jaeb\/wp-json\/wp\/v2\/posts\/1935","targetHints":{"allow":["GET"]}}],"collection":[{"href":"https:\/\/www.muenster.org\/jaeb\/wp-json\/wp\/v2\/posts"}],"about":[{"href":"https:\/\/www.muenster.org\/jaeb\/wp-json\/wp\/v2\/types\/post"}],"author":[{"embeddable":true,"href":"https:\/\/www.muenster.org\/jaeb\/wp-json\/wp\/v2\/users\/10"}],"replies":[{"embeddable":true,"href":"https:\/\/www.muenster.org\/jaeb\/wp-json\/wp\/v2\/comments?post=1935"}],"version-history":[{"count":11,"href":"https:\/\/www.muenster.org\/jaeb\/wp-json\/wp\/v2\/posts\/1935\/revisions"}],"predecessor-version":[{"id":1957,"href":"https:\/\/www.muenster.org\/jaeb\/wp-json\/wp\/v2\/posts\/1935\/revisions\/1957"}],"wp:featuredmedia":[{"embeddable":true,"href":"https:\/\/www.muenster.org\/jaeb\/wp-json\/wp\/v2\/media\/1936"}],"wp:attachment":[{"href":"https:\/\/www.muenster.org\/jaeb\/wp-json\/wp\/v2\/media?parent=1935"}],"wp:term":[{"taxonomy":"category","embeddable":true,"href":"https:\/\/www.muenster.org\/jaeb\/wp-json\/wp\/v2\/categories?post=1935"},{"taxonomy":"post_tag","embeddable":true,"href":"https:\/\/www.muenster.org\/jaeb\/wp-json\/wp\/v2\/tags?post=1935"}],"curies":[{"name":"wp","href":"https:\/\/api.w.org\/{rel}","templated":true}]}}