{"id":1926,"date":"2021-08-27T02:35:23","date_gmt":"2021-08-27T00:35:23","guid":{"rendered":"https:\/\/www.muenster.org\/jaeb\/?p=1926"},"modified":"2021-08-27T02:35:24","modified_gmt":"2021-08-27T00:35:24","slug":"kinderkrankengeld-aktuell","status":"publish","type":"post","link":"https:\/\/www.muenster.org\/jaeb\/2021\/08\/27\/kinderkrankengeld-aktuell\/","title":{"rendered":"Kinderkrankengeld aktuell"},"content":{"rendered":"\n<p>Nach monatelangen Einschr\u00e4nkungen in der Kindertagesbetreuung sollen die Belastungen f\u00fcr die Kita-Kinder und ihre Familien nun ein Ende haben. Die Kitas kehren nach den Sommerferien wieder zum Regelbetrieb zur\u00fcck. Trotzdem kann es z.B. durch beh\u00f6rdliche Anordnung einer Quarant\u00e4ne zu einem eingeschr\u00e4nkten Betrieb oder gar einer Schlie\u00dfung der Kita kommen.<\/p>\n\n\n\n<p>Eltern, die ihre Kinder in diesem Fall zuhause betreuen m\u00fcssen, haben Anspruch auf zus\u00e4tzliche Kinderkrankentage, wenn sie gesetzlich krankenversichert sind. Dar\u00fcberhinaus gibt es noch die Entsch\u00e4digung nach dem Infektionsschutzgesetz f\u00fcr alle berufst\u00e4tigen und selbst\u00e4ndigen Eltern.<\/p>\n\n\n\n<!--more-->\n\n\n\n<p>Aktuell erh\u00e4lt jedes Elternteil nunmehr pro Kind 30 Kinderkrankentage, f\u00fcr Alleinerziehende stehen 60 Tage Verf\u00fcgung. Bei mehreren Kindern sind es insgesamt maximal 65 Arbeitstage, bei Alleinerziehenden 130 Tage. Der Anspruch gilt auch, wenn die Beh\u00f6rden lediglich eine Empfehlung ausgesprochen haben, das Betreuungsangebot nicht wahrzunehmen. Anspruchsberechtigt sind auch Eltern im Homeoffice.<\/p>\n\n\n\n<p>Eltern k\u00f6nnen Kinderkrankengeld bei ihrer Krankenkasse beantragen. Die Regelung gilt r\u00fcckwirkend vom 5. Januar 2021. Weitere Informationen und die genauen Anspruchsvoraussetzungen k\u00f6nnt ihr unter den folgenden Links nachlesen.<\/p>\n\n\n\n<p><a href=\"https:\/\/www.bundesgesundheitsministerium.de\/presse\/pressemitteilungen\/2021\/1-quartal\/anspruch-auf-kinderkrankengeld\/faqs-kinderkrankengeld.html\" target=\"_blank\" rel=\"noreferrer noopener\">FAQ des Bundesgesundheitsministeriums zum Kinderkrankengeld<\/a><\/p>\n\n\n\n<p><a href=\"https:\/\/www.bmfsfj.de\/bmfsfj\/themen\/corona-pandemie\/kinderbetreuung-bei-schul-und-kitaschliessungen-164594\" target=\"_blank\" rel=\"noreferrer noopener\">Bundesfamilienministerium zu den zus\u00e4tzlichen Kinderkrankentagen<\/a><\/p>\n","protected":false},"excerpt":{"rendered":"<p>Nach monatelangen Einschr\u00e4nkungen in der Kindertagesbetreuung sollen die Belastungen f\u00fcr die Kita-Kinder und ihre Familien nun ein Ende haben. Die Kitas kehren nach den Sommerferien wieder zum Regelbetrieb zur\u00fcck. Trotzdem [&hellip;]<\/p>\n","protected":false},"author":10,"featured_media":0,"comment_status":"closed","ping_status":"open","sticky":false,"template":"","format":"standard","meta":{"zakra_page_container_layout":"customizer","zakra_page_sidebar_layout":"customizer","zakra_remove_content_margin":false,"zakra_sidebar":"customizer","zakra_transparent_header":"customizer","zakra_logo":0,"zakra_main_header_style":"default","zakra_menu_item_color":"","zakra_menu_item_hover_color":"","zakra_menu_item_active_color":"","zakra_menu_active_style":"","zakra_page_header":true,"footnotes":""},"categories":[27],"tags":[],"class_list":["post-1926","post","type-post","status-publish","format-standard","hentry","category-corona"],"post_mailing_queue_ids":[],"_links":{"self":[{"href":"https:\/\/www.muenster.org\/jaeb\/wp-json\/wp\/v2\/posts\/1926","targetHints":{"allow":["GET"]}}],"collection":[{"href":"https:\/\/www.muenster.org\/jaeb\/wp-json\/wp\/v2\/posts"}],"about":[{"href":"https:\/\/www.muenster.org\/jaeb\/wp-json\/wp\/v2\/types\/post"}],"author":[{"embeddable":true,"href":"https:\/\/www.muenster.org\/jaeb\/wp-json\/wp\/v2\/users\/10"}],"replies":[{"embeddable":true,"href":"https:\/\/www.muenster.org\/jaeb\/wp-json\/wp\/v2\/comments?post=1926"}],"version-history":[{"count":2,"href":"https:\/\/www.muenster.org\/jaeb\/wp-json\/wp\/v2\/posts\/1926\/revisions"}],"predecessor-version":[{"id":1929,"href":"https:\/\/www.muenster.org\/jaeb\/wp-json\/wp\/v2\/posts\/1926\/revisions\/1929"}],"wp:attachment":[{"href":"https:\/\/www.muenster.org\/jaeb\/wp-json\/wp\/v2\/media?parent=1926"}],"wp:term":[{"taxonomy":"category","embeddable":true,"href":"https:\/\/www.muenster.org\/jaeb\/wp-json\/wp\/v2\/categories?post=1926"},{"taxonomy":"post_tag","embeddable":true,"href":"https:\/\/www.muenster.org\/jaeb\/wp-json\/wp\/v2\/tags?post=1926"}],"curies":[{"name":"wp","href":"https:\/\/api.w.org\/{rel}","templated":true}]}}