{"id":1867,"date":"2021-06-18T14:14:00","date_gmt":"2021-06-18T12:14:00","guid":{"rendered":"https:\/\/www.muenster.org\/jaeb\/?p=1867"},"modified":"2021-07-06T21:52:17","modified_gmt":"2021-07-06T19:52:17","slug":"ann-christin-spatzier-im-interview","status":"publish","type":"post","link":"https:\/\/www.muenster.org\/jaeb\/2021\/06\/18\/ann-christin-spatzier-im-interview\/","title":{"rendered":"Ann-Christin Spatzier im Interview"},"content":{"rendered":"\n<p>Kita-Kinder und ihre Eltern haben seit Beginn der Corona-Pandemie eine schwierige Zeit hinter sich. Seit \u00fcber einem Jahr mussten sie sich mit gek\u00fcrzten Betreuungszeiten, Quarant\u00e4nebestimmungen und vielen anderen Problemen auseinandersetzen. Jetzt ist der Regelbetrieb wieder einf\u00fchrt. Ann-Christin Spatzier, Vorsitzende des JAEB M\u00fcnster, berichtet in einem gro\u00dfen Interview mit den Westf\u00e4lischen Nachrichten stellvertretend f\u00fcr alle Kita-Eltern \u00fcber ihre Erfahrungen in dieser Zeit.<\/p>\n\n\n\n<div class=\"wp-block-image\"><figure class=\"aligncenter size-large is-resized\"><img loading=\"lazy\" decoding=\"async\" src=\"https:\/\/www.muenster.org\/jaeb\/wp-content\/uploads\/2021\/06\/Ann-Christin-Spatzier-768x1024.jpg\" alt=\"\" class=\"wp-image-1839\" width=\"366\" height=\"488\"\/><figcaption>Ann-Christin Spatzier<\/figcaption><\/figure><\/div>\n\n\n\n<div class=\"wp-block-buttons is-content-justification-center is-layout-flex wp-block-buttons-is-layout-flex\">\n<div class=\"wp-block-button\"><a class=\"wp-block-button__link has-white-color has-vivid-cyan-blue-background-color has-text-color has-background\" href=\"https:\/\/www.muenster.org\/jaeb\/wp-content\/uploads\/2021\/07\/WN_Familien-atmen-jetzt-durch.pdf\" target=\"_blank\" rel=\"noreferrer noopener\">WN-Artikel als pdf<\/a><\/div>\n<\/div>\n","protected":false},"excerpt":{"rendered":"<p>Kita-Kinder und ihre Eltern haben seit Beginn der Corona-Pandemie eine schwierige Zeit hinter sich. Seit \u00fcber einem Jahr mussten sie sich mit gek\u00fcrzten Betreuungszeiten, Quarant\u00e4nebestimmungen und vielen anderen Problemen auseinandersetzen. [&hellip;]<\/p>\n","protected":false},"author":10,"featured_media":0,"comment_status":"closed","ping_status":"open","sticky":false,"template":"","format":"standard","meta":{"zakra_page_container_layout":"customizer","zakra_page_sidebar_layout":"customizer","zakra_remove_content_margin":false,"zakra_sidebar":"customizer","zakra_transparent_header":"customizer","zakra_logo":0,"zakra_main_header_style":"default","zakra_menu_item_color":"","zakra_menu_item_hover_color":"","zakra_menu_item_active_color":"","zakra_menu_active_style":"","zakra_page_header":true,"footnotes":""},"categories":[1],"tags":[],"class_list":["post-1867","post","type-post","status-publish","format-standard","hentry","category-allgemein"],"post_mailing_queue_ids":[],"_links":{"self":[{"href":"https:\/\/www.muenster.org\/jaeb\/wp-json\/wp\/v2\/posts\/1867","targetHints":{"allow":["GET"]}}],"collection":[{"href":"https:\/\/www.muenster.org\/jaeb\/wp-json\/wp\/v2\/posts"}],"about":[{"href":"https:\/\/www.muenster.org\/jaeb\/wp-json\/wp\/v2\/types\/post"}],"author":[{"embeddable":true,"href":"https:\/\/www.muenster.org\/jaeb\/wp-json\/wp\/v2\/users\/10"}],"replies":[{"embeddable":true,"href":"https:\/\/www.muenster.org\/jaeb\/wp-json\/wp\/v2\/comments?post=1867"}],"version-history":[{"count":13,"href":"https:\/\/www.muenster.org\/jaeb\/wp-json\/wp\/v2\/posts\/1867\/revisions"}],"predecessor-version":[{"id":1900,"href":"https:\/\/www.muenster.org\/jaeb\/wp-json\/wp\/v2\/posts\/1867\/revisions\/1900"}],"wp:attachment":[{"href":"https:\/\/www.muenster.org\/jaeb\/wp-json\/wp\/v2\/media?parent=1867"}],"wp:term":[{"taxonomy":"category","embeddable":true,"href":"https:\/\/www.muenster.org\/jaeb\/wp-json\/wp\/v2\/categories?post=1867"},{"taxonomy":"post_tag","embeddable":true,"href":"https:\/\/www.muenster.org\/jaeb\/wp-json\/wp\/v2\/tags?post=1867"}],"curies":[{"name":"wp","href":"https:\/\/api.w.org\/{rel}","templated":true}]}}