{"id":1027,"date":"2021-01-13T16:33:18","date_gmt":"2021-01-13T15:33:18","guid":{"rendered":"https:\/\/www.muenster.org\/jaeb\/?p=1027"},"modified":"2021-04-06T22:19:16","modified_gmt":"2021-04-06T20:19:16","slug":"uebersicht-pandemiebetrieb-zum-download","status":"publish","type":"post","link":"https:\/\/www.muenster.org\/jaeb\/2021\/01\/13\/uebersicht-pandemiebetrieb-zum-download\/","title":{"rendered":"\u00dcbersicht Pandemiebetrieb zum Download"},"content":{"rendered":"\n<p>Wir haben f\u00fcr euch eine \u00dcbersicht gefertigt, in der ihr die wichtigsten Infos f\u00fcr den aktuell laufenden Pandemiebetrieb in den Kitas findet. \u00dcber den nachfolgenden Link k\u00f6nnt ihr das pdf downloaden, dann einsehen, ausdrucken, weiterleiten&#8230; Ihr findet das pdf nach Klick in eurem Download-Ordner bzw. im Browserfenster unter dem Downloadzeichen.<\/p>\n\n\n\n<p><a href=\"https:\/\/www.muenster.org\/jaeb\/wp-content\/uploads\/2021\/01\/Beschlu\u0308sse-Januar-2021.pdf\" target=\"_blank\" rel=\"noreferrer noopener\">\u00dcbersicht Pandemiebetrieb<\/a><\/p>\n\n\n\n<p>Bitte lest auch unsere ausf\u00fchrliche Informationen im nachfolgenden Text!<\/p>\n","protected":false},"excerpt":{"rendered":"<p>Wir haben f\u00fcr euch eine \u00dcbersicht gefertigt, in der ihr die wichtigsten Infos f\u00fcr den aktuell laufenden Pandemiebetrieb in den Kitas findet. \u00dcber den nachfolgenden Link k\u00f6nnt ihr das pdf [&hellip;]<\/p>\n","protected":false},"author":6,"featured_media":0,"comment_status":"closed","ping_status":"closed","sticky":false,"template":"","format":"standard","meta":{"zakra_page_container_layout":"customizer","zakra_page_sidebar_layout":"customizer","zakra_remove_content_margin":false,"zakra_sidebar":"customizer","zakra_transparent_header":"customizer","zakra_logo":0,"zakra_main_header_style":"default","zakra_menu_item_color":"","zakra_menu_item_hover_color":"","zakra_menu_item_active_color":"","zakra_menu_active_style":"","zakra_page_header":true,"footnotes":""},"categories":[27],"tags":[],"class_list":["post-1027","post","type-post","status-publish","format-standard","hentry","category-corona"],"post_mailing_queue_ids":[],"_links":{"self":[{"href":"https:\/\/www.muenster.org\/jaeb\/wp-json\/wp\/v2\/posts\/1027","targetHints":{"allow":["GET"]}}],"collection":[{"href":"https:\/\/www.muenster.org\/jaeb\/wp-json\/wp\/v2\/posts"}],"about":[{"href":"https:\/\/www.muenster.org\/jaeb\/wp-json\/wp\/v2\/types\/post"}],"author":[{"embeddable":true,"href":"https:\/\/www.muenster.org\/jaeb\/wp-json\/wp\/v2\/users\/6"}],"replies":[{"embeddable":true,"href":"https:\/\/www.muenster.org\/jaeb\/wp-json\/wp\/v2\/comments?post=1027"}],"version-history":[{"count":4,"href":"https:\/\/www.muenster.org\/jaeb\/wp-json\/wp\/v2\/posts\/1027\/revisions"}],"predecessor-version":[{"id":1718,"href":"https:\/\/www.muenster.org\/jaeb\/wp-json\/wp\/v2\/posts\/1027\/revisions\/1718"}],"wp:attachment":[{"href":"https:\/\/www.muenster.org\/jaeb\/wp-json\/wp\/v2\/media?parent=1027"}],"wp:term":[{"taxonomy":"category","embeddable":true,"href":"https:\/\/www.muenster.org\/jaeb\/wp-json\/wp\/v2\/categories?post=1027"},{"taxonomy":"post_tag","embeddable":true,"href":"https:\/\/www.muenster.org\/jaeb\/wp-json\/wp\/v2\/tags?post=1027"}],"curies":[{"name":"wp","href":"https:\/\/api.w.org\/{rel}","templated":true}]}}