{"id":566,"date":"2026-03-06T15:02:55","date_gmt":"2026-03-06T14:02:55","guid":{"rendered":"https:\/\/www.muenster.org\/iuw-ms\/?p=566"},"modified":"2026-03-07T09:40:41","modified_gmt":"2026-03-07T08:40:41","slug":"buergerbeteiligung-bei-suche-nach-neuen-namen-fuer-den-luederitzweg-und-den-woermannweg","status":"publish","type":"post","link":"https:\/\/www.muenster.org\/iuw-ms\/buergerbeteiligung-bei-suche-nach-neuen-namen-fuer-den-luederitzweg-und-den-woermannweg\/","title":{"rendered":"B\u00fcrgerbeteiligung bei Suche nach neuen Namen f\u00fcr den L\u00fcderitzweg und den Woermannweg"},"content":{"rendered":"\n<p>Die Stadt M\u00fcnster hat dazu aufgerufen, neue Stra\u00dfennamen f\u00fcr den L\u00fcderitzweg und den  Woermannweg vorzuschlagen. \u00dcber das Portal <a rel=\"noreferrer noopener\" href=\"https:\/\/beteiligung.nrw.de\/portal\/muenster\/beteiligung\/themen\/1021665\" target=\"_blank\">BeteiligungNRW<\/a> k\u00f6nnen entsprechende Namensvorschl\u00e4ge eingereicht werden. Alternativ kann man sich auch per E-Mail an <a href=\"https:\/\/www.stadt-muenster.de\/strassennamen\/aktuelles-zu-strassenumbenennungen#\">strassennamen@stadt-muenster.de<\/a> oder per Post an das Vermessungs- und Katasteramt mit Vorsch\u00e4gen wenden.<\/p><p><!--more--><\/p><\/p>\n\n\n\n<p>Am 9. Dezember 2025 hatte die Bezirksvertretung S\u00fcd-Ost die <a rel=\"noreferrer noopener\" href=\"https:\/\/www.muenster.org\/iuw-ms\/bezirksvertretung-muenster-sued-ost-beschliesst-die-umbenennung-von-woermannweg-und-luederitzweg\/\" target=\"_blank\">Umbenennung des L\u00fcderitzwegs und des Woermannwegs<\/a> beschlossen. Die Initiative zur Umbenennung beider Stra\u00dfen hatte zuvor schon Vorschl\u00e4ge f\u00fcr <a rel=\"noreferrer noopener\" href=\"https:\/\/www.muenster.org\/iuw-ms\/alternativen\/\" target=\"_blank\">alternative Stra\u00dfennamen<\/a> gesammelt. Die h\u00e4ufigsten Nennungen bezogen sich dabei auf Vogelarten, die sich gut ins angerenzende Vogelviertel einf\u00fcgen lie\u00dfen. Auch auch Pers\u00f6nlichkeiten, die mit der Geschichte der beiden Stra\u00dfen bzw. ihrer Umgebung verbunden werden, wurden genannt. Oft fiel dabei der Name Hugo Hertz, dem die Grundst\u00fccke des sp\u00e4teren L\u00fcderitzwegs und Woermannwegs geh\u00f6rten und der im Zusammenhang mit der rassistischen Verfolgung und Entrechtung durch das NS-Regime gezwungen wurde, die Grundst\u00fccke zu verkaufen.   <\/p>\n\n\n\n<p>Die Frist, bis zu der sich noch beteiligt werden kann, l\u00e4uft bis zum 22. M\u00e4rz 2026.<\/p>\n","protected":false},"excerpt":{"rendered":"<p>Die Stadt M\u00fcnster hat dazu aufgerufen, neue Stra\u00dfennamen f\u00fcr den L\u00fcderitzweg und den Woermannweg vorzuschlagen. \u00dcber das Portal BeteiligungNRW k\u00f6nnen entsprechende Namensvorschl\u00e4ge eingereicht werden. Alternativ kann man sich auch per E-Mail an strassennamen@stadt-muenster.de oder per Post an das Vermessungs- und &hellip; <a href=\"https:\/\/www.muenster.org\/iuw-ms\/buergerbeteiligung-bei-suche-nach-neuen-namen-fuer-den-luederitzweg-und-den-woermannweg\/\">Weiterlesen <span class=\"meta-nav\">&rarr;<\/span><\/a><\/p>\n","protected":false},"author":2,"featured_media":0,"comment_status":"closed","ping_status":"open","sticky":false,"template":"","format":"standard","meta":[],"categories":[1],"tags":[],"_links":{"self":[{"href":"https:\/\/www.muenster.org\/iuw-ms\/wp-json\/wp\/v2\/posts\/566"}],"collection":[{"href":"https:\/\/www.muenster.org\/iuw-ms\/wp-json\/wp\/v2\/posts"}],"about":[{"href":"https:\/\/www.muenster.org\/iuw-ms\/wp-json\/wp\/v2\/types\/post"}],"author":[{"embeddable":true,"href":"https:\/\/www.muenster.org\/iuw-ms\/wp-json\/wp\/v2\/users\/2"}],"replies":[{"embeddable":true,"href":"https:\/\/www.muenster.org\/iuw-ms\/wp-json\/wp\/v2\/comments?post=566"}],"version-history":[{"count":4,"href":"https:\/\/www.muenster.org\/iuw-ms\/wp-json\/wp\/v2\/posts\/566\/revisions"}],"predecessor-version":[{"id":570,"href":"https:\/\/www.muenster.org\/iuw-ms\/wp-json\/wp\/v2\/posts\/566\/revisions\/570"}],"wp:attachment":[{"href":"https:\/\/www.muenster.org\/iuw-ms\/wp-json\/wp\/v2\/media?parent=566"}],"wp:term":[{"taxonomy":"category","embeddable":true,"href":"https:\/\/www.muenster.org\/iuw-ms\/wp-json\/wp\/v2\/categories?post=566"},{"taxonomy":"post_tag","embeddable":true,"href":"https:\/\/www.muenster.org\/iuw-ms\/wp-json\/wp\/v2\/tags?post=566"}],"curies":[{"name":"wp","href":"https:\/\/api.w.org\/{rel}","templated":true}]}}