{"id":540,"date":"2025-12-10T09:17:58","date_gmt":"2025-12-10T08:17:58","guid":{"rendered":"https:\/\/www.muenster.org\/iuw-ms\/?p=540"},"modified":"2026-03-06T15:03:39","modified_gmt":"2026-03-06T14:03:39","slug":"bezirksvertretung-muenster-sued-ost-beschliesst-die-umbenennung-von-woermannweg-und-luederitzweg","status":"publish","type":"post","link":"https:\/\/www.muenster.org\/iuw-ms\/bezirksvertretung-muenster-sued-ost-beschliesst-die-umbenennung-von-woermannweg-und-luederitzweg\/","title":{"rendered":"Bezirksvertretung M\u00fcnster S\u00fcd-Ost beschlie\u00dft die Umbenennung von Woermannweg und L\u00fcderitzweg"},"content":{"rendered":"\n<p>Auf ihrer Sitzung am 9. Dezember 2025 hat die Bezirksvertretung M\u00fcnster S\u00fcd-Ost beschlossen, den Woermannweg und den L\u00fcderitzweg in Gremmendorf umzubenennen. Der Ausgang der Abstimmung war zuvor noch v\u00f6llig offen, umso \u00fcberraschender dann das deutliche Ergebnis: Die Beschlussvorlage zur Umbenennung beider Stra\u00dfen erhielt die Zustimmung einer klaren Mehrheit der Bezirksvertreterinnen und -vertreter. Entscheidend hierbei war das Votum der CDU-Fraktion, deren Mitglieder nicht einheitlich abstimmten. Der Fraktionsvorsitzende der Union, Dr. Michael Klenner, verwies in seinem Statement auf den intensiven Diskussionsprozess innerhalb der Fraktion, bei dem keine einheitliche Linie gefunden werden konnte. <\/p><p><!--more--><\/p><\/p>\n\n\n\n<p>Mit diesem Beschluss hat die Initiative zur Umbenennung des L\u00fcderitzwegs und des Woermannwegs ihr Ziel erreicht. Vorangegangen war eine fast zehnj\u00e4hrige Besch\u00e4ftigung mit dem Thema: Es begann mit Erkundigungen im Vermessungs- und Katasteramt und der Bitte um etwas kritischere Einordnungen der Namensgeber auf der Internetseite der Stadt M\u00fcnster, ging dann weiter mit dem Hinweis an die Fraktionen der Bezirksvertretung und schlie\u00dflich der Gr\u00fcndung einer Initiative. Mit einer Website, Flyern und pers\u00f6nlichen Gesp\u00e4chen versuchten wir zun\u00e4chst, die Nachbarschaft mit Informationen \u00fcber L\u00fcderitz und Woermann sowie die historischen Hintergr\u00fcnde der Benennung zu sensibilisieren, um uns anschlie\u00dfend wieder an Politik und Verwaltung zu wenden. Schlie\u00dflich stellten wir, im Februar 2023, einen<a href=\"https:\/\/www.muenster.org\/iuw-ms\/umbenennungsinitiative-stellt-buergerantrag\/#more-405\" target=\"_blank\" rel=\"noreferrer noopener\"> B\u00fcrgerantrag auf Umbenennung<\/a> beider Sta\u00dfen.<\/p>\n\n\n\n<p>Vor der Abstimmung auf der Sitzung der Bezirksvertretung sagte Bezirksb\u00fcrgermeister Peter Bensmann, dass es &#8211; egal wie die Sache ausgehen werde &#8211; Gewinner und Verlierer geben wird. Gut m\u00f6glich, dass sich vor allem einige Anwohnerinnen und Anwohner beider Stra\u00dfen im Moment tats\u00e4chlich als Verlierer sehen und diese Entscheidung ablehnen. Zu hoffen ist, dass das klare Votum und vor allem auch die Zustimmung zur Umbenennung aus Teilen der CDU und der FDP bei einigen zu einer gewissen Akzeptanz des Ergebnisses beitragen k\u00f6nnen. Einw\u00e4nde wurden geh\u00f6rt, ernst genommen und sorgf\u00e4ltig abgewogen. Doch selbst Vertreterinnen und Vertreter, die ansonsten vermutlich eher kritisch auf die Umbenennung von Stra\u00dfen blicken, mussten in diesem Fall am Ende anerkennen, dass das historische Urteil &#8211; nachzulesen in der <a href=\"https:\/\/www.stadt-muenster.de\/sessionnet\/sessionnetbi\/vo0050.php?__kvonr=2004055759\" target=\"_blank\" rel=\"noreferrer noopener\">Beschlussvorlage<\/a> der Stadtverwaltung &#8211; eindeutig ist.<\/p>\n\n\n\n<p>Die Anwohnerinnen und Anwohner, die gern ihren Stra\u00dfennamen behalten h\u00e4tten, haben nun die M\u00f6glichkeit, sich konstruktiv an der Auswahl neuer Namen zu beteiligen. Auf der Sitzung vom 9. Dezember wurde angek\u00fcndigt, dass es im neuen Jahr ein entsprechendes Verfahren geben wird, bei dem Vorschl\u00e4ge eingereicht werden k\u00f6nnen. <\/p>\n","protected":false},"excerpt":{"rendered":"<p>Auf ihrer Sitzung am 9. Dezember 2025 hat die Bezirksvertretung M\u00fcnster S\u00fcd-Ost beschlossen, den Woermannweg und den L\u00fcderitzweg in Gremmendorf umzubenennen. Der Ausgang der Abstimmung war zuvor noch v\u00f6llig offen, umso \u00fcberraschender dann das deutliche Ergebnis: Die Beschlussvorlage zur Umbenennung &hellip; <a href=\"https:\/\/www.muenster.org\/iuw-ms\/bezirksvertretung-muenster-sued-ost-beschliesst-die-umbenennung-von-woermannweg-und-luederitzweg\/\">Weiterlesen <span class=\"meta-nav\">&rarr;<\/span><\/a><\/p>\n","protected":false},"author":2,"featured_media":0,"comment_status":"closed","ping_status":"open","sticky":false,"template":"","format":"standard","meta":[],"categories":[1],"tags":[],"_links":{"self":[{"href":"https:\/\/www.muenster.org\/iuw-ms\/wp-json\/wp\/v2\/posts\/540"}],"collection":[{"href":"https:\/\/www.muenster.org\/iuw-ms\/wp-json\/wp\/v2\/posts"}],"about":[{"href":"https:\/\/www.muenster.org\/iuw-ms\/wp-json\/wp\/v2\/types\/post"}],"author":[{"embeddable":true,"href":"https:\/\/www.muenster.org\/iuw-ms\/wp-json\/wp\/v2\/users\/2"}],"replies":[{"embeddable":true,"href":"https:\/\/www.muenster.org\/iuw-ms\/wp-json\/wp\/v2\/comments?post=540"}],"version-history":[{"count":6,"href":"https:\/\/www.muenster.org\/iuw-ms\/wp-json\/wp\/v2\/posts\/540\/revisions"}],"predecessor-version":[{"id":554,"href":"https:\/\/www.muenster.org\/iuw-ms\/wp-json\/wp\/v2\/posts\/540\/revisions\/554"}],"wp:attachment":[{"href":"https:\/\/www.muenster.org\/iuw-ms\/wp-json\/wp\/v2\/media?parent=540"}],"wp:term":[{"taxonomy":"category","embeddable":true,"href":"https:\/\/www.muenster.org\/iuw-ms\/wp-json\/wp\/v2\/categories?post=540"},{"taxonomy":"post_tag","embeddable":true,"href":"https:\/\/www.muenster.org\/iuw-ms\/wp-json\/wp\/v2\/tags?post=540"}],"curies":[{"name":"wp","href":"https:\/\/api.w.org\/{rel}","templated":true}]}}