{"id":499,"date":"2025-09-30T14:42:38","date_gmt":"2025-09-30T12:42:38","guid":{"rendered":"https:\/\/www.muenster.org\/iuw-ms\/?p=499"},"modified":"2025-12-10T13:45:18","modified_gmt":"2025-12-10T12:45:18","slug":"was-bedeutet-das-ergebnis-der-kommunalwahl-fuer-strassenumbenennungen-in-muenster","status":"publish","type":"post","link":"https:\/\/www.muenster.org\/iuw-ms\/was-bedeutet-das-ergebnis-der-kommunalwahl-fuer-strassenumbenennungen-in-muenster\/","title":{"rendered":"Was bedeutet das Ergebnis der Kommunalwahl f\u00fcr Stra\u00dfenumbenennungen in M\u00fcnster?"},"content":{"rendered":"\n<p><p>Am Sonntag, dem 28. September 2025, wurde Tilman Fuchs (GR\u00dcNE) zum neuen Oberb\u00fcrgermeister von M\u00fcnster gew\u00e4hlt. Er setzte sich gegen den CDU-Kandidaten Georg Lunemann durch und wird Nachfolger des bisherigen Stadtoberhaupts Markus Lewe (ebenfalls CDU). Zuvor waren die GR\u00dcNEN erstmals st\u00e4rkste Kraft im Rat der Stadt geworden. Mit knapper Mehrheit k\u00f6nnten sie die Ratskoalition mit SPD und Volt fortsetzen, aber auch Koalitionen mit der Linken oder der CDU w\u00e4ren m\u00f6glich. Was bedeutet das f\u00fcr das Thema Stra\u00dfenumbenennungen in M\u00fcnster allgemein und im Besonderen f\u00fcr die anstehende Entscheidung zum Woermannweg und L\u00fcderitzweg in Gremmendorf?<\/p> <p><!--more--><\/p><\/p>\n\n\n\n<p>Mit einem <a href=\"https:\/\/www.instagram.com\/p\/DPBGjzijewN\/\">Video<\/a> kurz vor der Stichwahl am vergangenen Sonntag machte die CDU, gemeinsam mit der FDP, noch einmal klar, was sie von Stra\u00dfenumbenennungen in der Stadt h\u00e4lt: \u00fcberhaupt nicht viel. W\u00e4hrend die FDP vor allem die Kosten sieht, sorgt sich die CDU wegen des \u00c4rgers der Anwohnerinnen und Anwohner. Gemeinsam labeln CDU-Kandidat Lunemann und Paavo Czwikla von der FDP ihre Strategie bei dem Thema mit \u201elebendige Erinnerungskultur\u201c: Hinweisschilder und QR-Codes sollen den historischen Kontext erl\u00e4utern. Umbenennungen bezeichnen sie dagegen als \u201efehlgeleiteten Schlussstrich\u201c. Das passt zur bisherigen Positionierung der CDU im Rat bez\u00fcglich der beschlossenen Umbenennungen von Stra\u00dfen in Mitte. Anfang September brachte sie einen entsprechenden <a href=\"https:\/\/www.stadt-muenster.de\/sessionnet\/sessionnetbi\/vo0050.php?__kvonr=2004055547\">Antrag<\/a> mit dem Titel \u201eF\u00fcr Geschichtsbewusstsein \u2013 Umbenennungen stoppen\u201c ein.<\/p>\n\n\n\n<p>Die GR\u00dcNEN haben sich im Wahlkampf nicht explizit zu Stra\u00dfenumbenennungen ge\u00e4u\u00dfert. Allerdings haben sie in Mitte gemeinsam mit SPD, Volt und Die Linke \u2013 und entgegen der Empfehlung der Stadtverwaltung \u2013 die Umbenennung von NS-belasteten Stra\u00dfen beschlossen. Auch in der Bezirksvertretung S\u00fcd-Ost haben sich die GR\u00dcNEN f\u00fcr eine Umbenennung des Woermannwegs und des L\u00fcderitzwegs ausgesprochen. Laut <a href=\"https:\/\/gruene-muenster.de\/wp-content\/uploads\/2025\/06\/Kommunalwahlprogramm-25-GRUeNE-Muenster.pdf\">Wahlprogramm<\/a> setzen sie sich \u201ef\u00fcr eine Erinnerungskultur ein, die gesellschaftliche Verantwortung und die Auseinandersetzung mit der Geschichte f\u00f6rdert\u201c. Die \u201eAufarbeitung der kolonialen Vergangenheit M\u00fcnsters\u201c wird dabei als eines der \u201eSchl\u00fcsselanliegen\u201c bezeichnet.<\/p>\n\n\n\n<p>Bedeutet der Sieg der GR\u00dcNEN im Rat und bei der OB-Wahl nun auch gr\u00fcnes Licht f\u00fcr die Stra\u00dfenumbenennungen in Gremmendorf? OB Markus Lewe hatte die Empfehlung der Verwaltung im Mai 2025 mit Blick auf die Wahlen <a href=\"https:\/\/www.muenster.org\/iuw-ms\/muensters-ob-lewe-stoppt-abstimmung-ueber-woermannweg-und-luederitzweg\/\">aufgeschoben<\/a>. Eine gr\u00fcn gef\u00fchrte Stadtverwaltung k\u00f6nnte nun eine Beschlussvorlage erstellen und \u2013 wie es aufgrund der Fakten zu erwarten ist \u2013 Umbenennungen empfehlen. Die Entscheidung f\u00e4llt anschlie\u00dfend in der Bezirksvertretung S\u00fcd-Ost. Dort hat sich an den Mehrheitsverh\u00e4ltnissen mit der Wahl Mitte September nicht viel ge\u00e4ndert. CDU und FDP auf der einen sowie GR\u00dcNE, SPD, Die Linke und Volt auf der anderen Seite stehen sich mit gleicher St\u00e4rke gegen\u00fcber. Hinzu kommt ein Vertreter der AfD. Die CDU hat sich nach der <a href=\"https:\/\/www.muenster.org\/iuw-ms\/informationveranstaltung-zur-bevorstehenden-umbenennung-des-luederitzwegs-und-des-woermannwegs\/\">Informationsveranstaltung<\/a> zum Woermannweg und L\u00fcderitzweg im M\u00e4rz 2025 nicht eindeutig positioniert. Der damalige Fraktionsvorsitzende Alf Ka\u00dfenbrock lie\u00df allerdings durchklingen, dass auch er sich eine L\u00f6sung mit Hinweisschildern vorstellen k\u00f6nnte. <\/p>\n\n\n\n<p>Die entscheidende Frage wird sein, ob sich die Diskussionen in S\u00fcd-Ost in die hitzig gef\u00fchrte Debatte um Stra\u00dfennamen in M\u00fcnster allgemein hineinziehen lassen, bei der das Thema Stra\u00dfenumbenennungen zunehmend als Mittel im politischen Kulturkampf eingesetzt wird. Oder ob man sich in Gremmendorf an der Sachlage und den partei\u00fcbergreifend beschlossenen <a href=\"https:\/\/www.muenster.org\/iuw-ms\/stadt-muenster-erstellt-leitlinien-fuer-strassenumbenennungen\/\">Leitlinien f\u00fcr Ehrungen im \u00f6ffentlichen Raum<\/a> orientiert. Sollte Letzteres zutreffen, d\u00fcrfte einiges f\u00fcr eine baldige Umbenennung der Stra\u00dfen Woermannweg und L\u00fcderitzweg sprechen.<\/p>\n","protected":false},"excerpt":{"rendered":"<p>Am Sonntag, dem 28. September 2025, wurde Tilman Fuchs (GR\u00dcNE) zum neuen Oberb\u00fcrgermeister von M\u00fcnster gew\u00e4hlt. Er setzte sich gegen den CDU-Kandidaten Georg Lunemann durch und wird Nachfolger des bisherigen Stadtoberhaupts Markus Lewe (ebenfalls CDU). Zuvor waren die GR\u00dcNEN erstmals &hellip; <a href=\"https:\/\/www.muenster.org\/iuw-ms\/was-bedeutet-das-ergebnis-der-kommunalwahl-fuer-strassenumbenennungen-in-muenster\/\">Weiterlesen <span class=\"meta-nav\">&rarr;<\/span><\/a><\/p>\n","protected":false},"author":2,"featured_media":0,"comment_status":"closed","ping_status":"open","sticky":false,"template":"","format":"standard","meta":[],"categories":[1],"tags":[],"_links":{"self":[{"href":"https:\/\/www.muenster.org\/iuw-ms\/wp-json\/wp\/v2\/posts\/499"}],"collection":[{"href":"https:\/\/www.muenster.org\/iuw-ms\/wp-json\/wp\/v2\/posts"}],"about":[{"href":"https:\/\/www.muenster.org\/iuw-ms\/wp-json\/wp\/v2\/types\/post"}],"author":[{"embeddable":true,"href":"https:\/\/www.muenster.org\/iuw-ms\/wp-json\/wp\/v2\/users\/2"}],"replies":[{"embeddable":true,"href":"https:\/\/www.muenster.org\/iuw-ms\/wp-json\/wp\/v2\/comments?post=499"}],"version-history":[{"count":9,"href":"https:\/\/www.muenster.org\/iuw-ms\/wp-json\/wp\/v2\/posts\/499\/revisions"}],"predecessor-version":[{"id":545,"href":"https:\/\/www.muenster.org\/iuw-ms\/wp-json\/wp\/v2\/posts\/499\/revisions\/545"}],"wp:attachment":[{"href":"https:\/\/www.muenster.org\/iuw-ms\/wp-json\/wp\/v2\/media?parent=499"}],"wp:term":[{"taxonomy":"category","embeddable":true,"href":"https:\/\/www.muenster.org\/iuw-ms\/wp-json\/wp\/v2\/categories?post=499"},{"taxonomy":"post_tag","embeddable":true,"href":"https:\/\/www.muenster.org\/iuw-ms\/wp-json\/wp\/v2\/tags?post=499"}],"curies":[{"name":"wp","href":"https:\/\/api.w.org\/{rel}","templated":true}]}}