{"id":487,"date":"2025-06-06T16:39:52","date_gmt":"2025-06-06T14:39:52","guid":{"rendered":"https:\/\/www.muenster.org\/iuw-ms\/?p=487"},"modified":"2025-10-07T15:13:37","modified_gmt":"2025-10-07T13:13:37","slug":"muensters-ob-lewe-stoppt-abstimmung-ueber-woermannweg-und-luederitzweg","status":"publish","type":"post","link":"https:\/\/www.muenster.org\/iuw-ms\/muensters-ob-lewe-stoppt-abstimmung-ueber-woermannweg-und-luederitzweg\/","title":{"rendered":"M\u00fcnsters OB Lewe stoppt Abstimmung \u00fcber Woermannweg und L\u00fcderitzweg"},"content":{"rendered":"\n<p><p>Eigentlich h\u00e4tte am 3. Juni 2025 in der Bezirksvertretung M\u00fcnster S\u00fcd-Ost \u00fcber eine Umbenennung des Woermannwegs und des L\u00fcderitzwegs abgestimmt werden sollen. Wie der <a rel=\"noreferrer noopener\" href=\"https:\/\/www.wn.de\/muenster\/stadtteile\/angelmodde\/lewe-sorgt-fuer-einen-paukenschlag-3312083?pid=true&amp;ueg=fly-by\" target=\"_blank\">Oberb\u00fcrgermeister Markus Lewe in einem Schreiben<\/a> an Bezirksb\u00fcrgermeister Peter Bensmann und die Mitglieder der Bezirksvertretung am 26. Mai 2025 mitteilte, wird es jedoch seitens der Stadtverwaltung keine Beschlussvorlage f\u00fcr eine Abstimmung geben. Somit verschiebt sich die geplante Abstimmung auf unbestimmte Zeit. Eine neue Vorlage wurde f\u00fcr das erste Halbjahr 2026 angek\u00fcndigt.<\/p><p><!--more--><\/p><\/p>\n\n\n\n<p>Als Grund nannte Lewe die in M\u00fcnster emotional gef\u00fchrte Diskussion um Stra\u00dfennamen und die bevorstehende Kommunalwahl im September. Es sei &#8222;aktuell nicht opportun&#8220;, seitens der Verwaltung eine Beschlussvorlage zu erstellen. Was genau darunter zu verstehen ist und was eine Abtimmung in einem Bezirk mit den Kommunalwahlen zu tun hat, lie\u00df Lewe offen. Im Bezirk Mitte hatte kurze Zeit zuvor noch eine Abstimmung \u00fcber Stra\u00dfennamen stattgefunden. Dort hatte die Bezirksvertretung Umbenennungen beschlossen, nachdem die Verwaltung eine Beibehaltung der Namen empfohlen hatte. <\/p>\n\n\n\n<p>Aus der Antwort des Oberb\u00fcrgermeisters auf eine Anfrage des <a rel=\"noreferrer noopener\" href=\"https:\/\/www.rums.ms\/newsletter\/briefe\/brief-2025-06-03\/?utm_source=mail\" target=\"_blank\">Online-Magazins RUMS<\/a> geht hervor, dass die Beschlussvorlage f\u00fcr den Woermannweg und den L\u00fcderitzweg schon erstellt worden war, jedoch nicht unterschrieben wurde. Weitere Brisanz gewinnt der Vorgang dadurch, dass am 12. Juni 2025 in der Bezirksvertretung Hiltrup \u00fcber die <a rel=\"noreferrer noopener\" href=\"https:\/\/www.stadt-muenster.de\/sessionnet\/sessionnetbi\/vo0050.php?__kvonr=2004054869\" target=\"_blank\">Umbenennung der Heideggerstra\u00dfe<\/a> entschieden werden soll. Hierf\u00fcr lieferte die Verwaltung wie geplant eine Vorlage (in der sie die Beibehaltung des Namens empfiehlt). Die Frage bleibt somit, warum in Mitte und Hiltrup \u00fcber Stra\u00dfennamen abgestimmt werden darf, in S\u00fcd-Ost jedoch nicht. Liegt es vielleicht daran, dass die Verwaltung aufgrund der eindeutigen Faktenlage bei L\u00fcderitz und Woermann nicht drumherum kommt, eine Umbenennung zu empfehlen? Und der CDU-Oberb\u00fcrgermeister dies im Wahlkampf nicht f\u00fcr &#8222;opportun&#8220; h\u00e4lt?<\/p>\n\n\n\n<p>  <\/p>\n","protected":false},"excerpt":{"rendered":"<p>Eigentlich h\u00e4tte am 3. Juni 2025 in der Bezirksvertretung M\u00fcnster S\u00fcd-Ost \u00fcber eine Umbenennung des Woermannwegs und des L\u00fcderitzwegs abgestimmt werden sollen. Wie der Oberb\u00fcrgermeister Markus Lewe in einem Schreiben an Bezirksb\u00fcrgermeister Peter Bensmann und die Mitglieder der Bezirksvertretung am &hellip; <a href=\"https:\/\/www.muenster.org\/iuw-ms\/muensters-ob-lewe-stoppt-abstimmung-ueber-woermannweg-und-luederitzweg\/\">Weiterlesen <span class=\"meta-nav\">&rarr;<\/span><\/a><\/p>\n","protected":false},"author":2,"featured_media":0,"comment_status":"closed","ping_status":"open","sticky":false,"template":"","format":"standard","meta":[],"categories":[1],"tags":[],"_links":{"self":[{"href":"https:\/\/www.muenster.org\/iuw-ms\/wp-json\/wp\/v2\/posts\/487"}],"collection":[{"href":"https:\/\/www.muenster.org\/iuw-ms\/wp-json\/wp\/v2\/posts"}],"about":[{"href":"https:\/\/www.muenster.org\/iuw-ms\/wp-json\/wp\/v2\/types\/post"}],"author":[{"embeddable":true,"href":"https:\/\/www.muenster.org\/iuw-ms\/wp-json\/wp\/v2\/users\/2"}],"replies":[{"embeddable":true,"href":"https:\/\/www.muenster.org\/iuw-ms\/wp-json\/wp\/v2\/comments?post=487"}],"version-history":[{"count":6,"href":"https:\/\/www.muenster.org\/iuw-ms\/wp-json\/wp\/v2\/posts\/487\/revisions"}],"predecessor-version":[{"id":512,"href":"https:\/\/www.muenster.org\/iuw-ms\/wp-json\/wp\/v2\/posts\/487\/revisions\/512"}],"wp:attachment":[{"href":"https:\/\/www.muenster.org\/iuw-ms\/wp-json\/wp\/v2\/media?parent=487"}],"wp:term":[{"taxonomy":"category","embeddable":true,"href":"https:\/\/www.muenster.org\/iuw-ms\/wp-json\/wp\/v2\/categories?post=487"},{"taxonomy":"post_tag","embeddable":true,"href":"https:\/\/www.muenster.org\/iuw-ms\/wp-json\/wp\/v2\/tags?post=487"}],"curies":[{"name":"wp","href":"https:\/\/api.w.org\/{rel}","templated":true}]}}