{"id":482,"date":"2025-05-19T15:59:11","date_gmt":"2025-05-19T13:59:11","guid":{"rendered":"https:\/\/www.muenster.org\/iuw-ms\/?p=482"},"modified":"2025-10-07T15:14:11","modified_gmt":"2025-10-07T13:14:11","slug":"bezirksvertretung-mitte-beschliesst-strassenumbenennungen","status":"publish","type":"post","link":"https:\/\/www.muenster.org\/iuw-ms\/bezirksvertretung-mitte-beschliesst-strassenumbenennungen\/","title":{"rendered":"Bezirksvertretung Mitte beschlie\u00dft Stra\u00dfenumbenennungen"},"content":{"rendered":"\n<p><p>Die Bezirksvertretung M\u00fcnster-Mitte hat in ihrer Sitzung am 6. Mai entschieden, die Skagerrakstra\u00dfe, Admiral-Scheer-Stra\u00dfe, Admiral-Spee-Stra\u00dfe, Otto-Weddigen-Stra\u00dfe und Langemarckstra\u00dfe umzubenennen. Im Fall der Prinz-Eugen-Stra\u00dfe und Tannenbergstra\u00dfe stimmte die Vertretung gegen eine Umbenennung. Bei der Umbenennung der  Langemarckstra\u00dfe schl\u00e4gt die Bezierksvertretung vor, lediglich einen Buchstaben &#8211; das c &#8211; zu streichen. Der neue Name \u201eLangemarkstra\u00dfe\u201c soll sich dann nicht mehr auf die Schlacht von Langemarck im Ersten Weltkrieg, sondern auf die heutige Stadt Langemark in Belgien beziehen.<\/p><p><!--more--><\/p><\/p>\n\n\n\n<p>Der Entscheidung voraus ging eine intensive Debatte, bei der unter anderem die Sinnhaftigkeit der Umbenennung der Prinz-Eugen-Stra\u00dfe infrage gestellt wurde. Zuletzt hatte die Stadtverwaltung sogar den Verzicht auf jegliche Umbenennungen von Stra\u00dfen in Mitte empfohlen. Auch die CDU r\u00fcckte von ihrer einstigen Position ab, die Admiral-Scheer-Stra\u00dfe umbenennen zu wollen. Das B\u00fcndnis aus SPD, Gr\u00fcnen und Volt, das eine Mehrheit in der Bezirksvertretung h\u00e4lt, blieb jedoch weitgehend bei ihren Umbenennungsvorhaben. Eine B\u00fcrgerinitiative unter den Anwohnenden der betroffenen Stra\u00dfen hat bereits angek\u00fcndigt, ein B\u00fcrgerbegehren gegen die Umbenennungen anzustrengen.<\/p>\n","protected":false},"excerpt":{"rendered":"<p>Die Bezirksvertretung M\u00fcnster-Mitte hat in ihrer Sitzung am 6. Mai entschieden, die Skagerrakstra\u00dfe, Admiral-Scheer-Stra\u00dfe, Admiral-Spee-Stra\u00dfe, Otto-Weddigen-Stra\u00dfe und Langemarckstra\u00dfe umzubenennen. Im Fall der Prinz-Eugen-Stra\u00dfe und Tannenbergstra\u00dfe stimmte die Vertretung gegen eine Umbenennung. Bei der Umbenennung der Langemarckstra\u00dfe schl\u00e4gt die Bezierksvertretung vor, &hellip; <a href=\"https:\/\/www.muenster.org\/iuw-ms\/bezirksvertretung-mitte-beschliesst-strassenumbenennungen\/\">Weiterlesen <span class=\"meta-nav\">&rarr;<\/span><\/a><\/p>\n","protected":false},"author":2,"featured_media":0,"comment_status":"closed","ping_status":"open","sticky":false,"template":"","format":"standard","meta":[],"categories":[1],"tags":[],"_links":{"self":[{"href":"https:\/\/www.muenster.org\/iuw-ms\/wp-json\/wp\/v2\/posts\/482"}],"collection":[{"href":"https:\/\/www.muenster.org\/iuw-ms\/wp-json\/wp\/v2\/posts"}],"about":[{"href":"https:\/\/www.muenster.org\/iuw-ms\/wp-json\/wp\/v2\/types\/post"}],"author":[{"embeddable":true,"href":"https:\/\/www.muenster.org\/iuw-ms\/wp-json\/wp\/v2\/users\/2"}],"replies":[{"embeddable":true,"href":"https:\/\/www.muenster.org\/iuw-ms\/wp-json\/wp\/v2\/comments?post=482"}],"version-history":[{"count":3,"href":"https:\/\/www.muenster.org\/iuw-ms\/wp-json\/wp\/v2\/posts\/482\/revisions"}],"predecessor-version":[{"id":513,"href":"https:\/\/www.muenster.org\/iuw-ms\/wp-json\/wp\/v2\/posts\/482\/revisions\/513"}],"wp:attachment":[{"href":"https:\/\/www.muenster.org\/iuw-ms\/wp-json\/wp\/v2\/media?parent=482"}],"wp:term":[{"taxonomy":"category","embeddable":true,"href":"https:\/\/www.muenster.org\/iuw-ms\/wp-json\/wp\/v2\/categories?post=482"},{"taxonomy":"post_tag","embeddable":true,"href":"https:\/\/www.muenster.org\/iuw-ms\/wp-json\/wp\/v2\/tags?post=482"}],"curies":[{"name":"wp","href":"https:\/\/api.w.org\/{rel}","templated":true}]}}