{"id":462,"date":"2025-03-21T09:21:44","date_gmt":"2025-03-21T08:21:44","guid":{"rendered":"https:\/\/www.muenster.org\/iuw-ms\/?p=462"},"modified":"2025-10-07T15:14:47","modified_gmt":"2025-10-07T13:14:47","slug":"informationveranstaltung-zur-bevorstehenden-umbenennung-des-luederitzwegs-und-des-woermannwegs","status":"publish","type":"post","link":"https:\/\/www.muenster.org\/iuw-ms\/informationveranstaltung-zur-bevorstehenden-umbenennung-des-luederitzwegs-und-des-woermannwegs\/","title":{"rendered":"B\u00fcrgerbeteiligung zur m\u00f6glichen Umbenennung des L\u00fcderitzwegs und des Woermannwegs"},"content":{"rendered":"\n<p><p>Am Mittwoch, dem 19. M\u00e4rz 2025, fand in Gremmendorf eine <a rel=\"noreferrer noopener\" href=\"https:\/\/www.stadt-muenster.de\/strassennamen\/aktuelles-zu-strassenumbenennungen\" target=\"_blank\">Informationsveranstaltung<\/a> zur m\u00f6glichen Umbenennung des L\u00fcderitzwergs und des Woermannwegs statt. Die Stadt M\u00fcnster hatte alle Bewohnerinnen und Bewohner aus dem Stadtbezirk S\u00fcdost \u2013 insbesondere die Anwohnenden sowie die Eigent\u00fcmerinnen und Eigent\u00fcmer aus den betroffenen Stra\u00dfen \u2013 in den KonvOY Infopoint (Walesallee, York-Quartier) eingeladen, um \u00fcber den historischen Hintergrund der Stra\u00dfenbenennung sowie \u00fcber die Folgen einer Umbenennung zu informieren. Die Teilnehmenden hatten dabei die Gelegenheit, mit Mitgliedern der Bezirksvertretung S\u00fcdost, Ratsmitgliedern aus dem Stadtbezirk und Vertreterinnen und Vertretern der Stadtverwaltung \u00fcber diese Themen ins Gespr\u00e4ch zu kommen. &nbsp;<\/p><p><!--more--><\/p><\/p>\n\n\n\n<p>Ziel der Veranstaltung war laut Bezirksb\u00fcrgermeister Peter Bensmann, ein Stimmungsbild unter den Anwohnenden und anderen Bewohnerinnen und Bewohnern aus dem Stadtbezirk zu erhalten. Die ge\u00e4u\u00dferten Meinungen sollen in die Entscheidungsfindung der Bezirkvertretung einflie\u00dfen. Auch online gab es bis zum 30. M\u00e4rz 2025 die Gelegenheit, sich an der Debatte zu beteiligen. Anregungen und Meinungen konnten \u00fcber ein Formular<a rel=\"noreferrer noopener\" href=\"https:\/\/beteiligung.nrw.de\/portal\/muenster\/beteiligung\/themen\/1012618\" target=\"_blank\"> <\/a>eingereicht werden. Eine Abstimmung \u00fcber die Stra\u00dfennamen in der Bezirksvertretung soll am 3. Juni 2025 stattfinden.  <\/p>\n","protected":false},"excerpt":{"rendered":"<p>Am Mittwoch, dem 19. M\u00e4rz 2025, fand in Gremmendorf eine Informationsveranstaltung zur m\u00f6glichen Umbenennung des L\u00fcderitzwergs und des Woermannwegs statt. Die Stadt M\u00fcnster hatte alle Bewohnerinnen und Bewohner aus dem Stadtbezirk S\u00fcdost \u2013 insbesondere die Anwohnenden sowie die Eigent\u00fcmerinnen und &hellip; <a href=\"https:\/\/www.muenster.org\/iuw-ms\/informationveranstaltung-zur-bevorstehenden-umbenennung-des-luederitzwegs-und-des-woermannwegs\/\">Weiterlesen <span class=\"meta-nav\">&rarr;<\/span><\/a><\/p>\n","protected":false},"author":2,"featured_media":0,"comment_status":"closed","ping_status":"open","sticky":false,"template":"","format":"standard","meta":[],"categories":[1],"tags":[],"_links":{"self":[{"href":"https:\/\/www.muenster.org\/iuw-ms\/wp-json\/wp\/v2\/posts\/462"}],"collection":[{"href":"https:\/\/www.muenster.org\/iuw-ms\/wp-json\/wp\/v2\/posts"}],"about":[{"href":"https:\/\/www.muenster.org\/iuw-ms\/wp-json\/wp\/v2\/types\/post"}],"author":[{"embeddable":true,"href":"https:\/\/www.muenster.org\/iuw-ms\/wp-json\/wp\/v2\/users\/2"}],"replies":[{"embeddable":true,"href":"https:\/\/www.muenster.org\/iuw-ms\/wp-json\/wp\/v2\/comments?post=462"}],"version-history":[{"count":9,"href":"https:\/\/www.muenster.org\/iuw-ms\/wp-json\/wp\/v2\/posts\/462\/revisions"}],"predecessor-version":[{"id":514,"href":"https:\/\/www.muenster.org\/iuw-ms\/wp-json\/wp\/v2\/posts\/462\/revisions\/514"}],"wp:attachment":[{"href":"https:\/\/www.muenster.org\/iuw-ms\/wp-json\/wp\/v2\/media?parent=462"}],"wp:term":[{"taxonomy":"category","embeddable":true,"href":"https:\/\/www.muenster.org\/iuw-ms\/wp-json\/wp\/v2\/categories?post=462"},{"taxonomy":"post_tag","embeddable":true,"href":"https:\/\/www.muenster.org\/iuw-ms\/wp-json\/wp\/v2\/tags?post=462"}],"curies":[{"name":"wp","href":"https:\/\/api.w.org\/{rel}","templated":true}]}}