{"id":442,"date":"2024-05-21T16:14:49","date_gmt":"2024-05-21T14:14:49","guid":{"rendered":"https:\/\/www.muenster.org\/iuw-ms\/?p=442"},"modified":"2025-10-07T15:15:43","modified_gmt":"2025-10-07T13:15:43","slug":"bezirksbuergermeister-kuendigt-umbenennung-von-woermannweg-und-luederitzweg-an","status":"publish","type":"post","link":"https:\/\/www.muenster.org\/iuw-ms\/bezirksbuergermeister-kuendigt-umbenennung-von-woermannweg-und-luederitzweg-an\/","title":{"rendered":"Bezirksb\u00fcrgermeister k\u00fcndigt Umbenennung von Woermannweg und L\u00fcderitzweg an"},"content":{"rendered":"\n<p><p>In der Bezirksvertretung S\u00fcd-Ost wurden in der <a rel=\"noreferrer noopener\" href=\"https:\/\/www.stadt-muenster.de\/sessionnet\/sessionnetbi\/getfile.php?id=548599&amp;type=do\" target=\"_blank\">Sitzung am 14. Mai 2024<\/a> die Leitlinien f\u00fcr Ehrungen im \u00f6ffentlichen Raum diskutiert. Bevor es zur Aussprache im Gremium kam, machte Bezirksb\u00fcrgermeister Peter Bensmann (CDU) in einem Statement vorab deutlich, dass anhand der Leitlinien der Woermannweg und der L\u00fcderitzweg umbenannt werden sollten. Als Hauptgrund nannte er die Benennung der beiden Stra\u00dfen w\u00e4hrend der NS-Zeit zu ideologischen Zwecken. Die Einw\u00e4nde einiger anwesender Ratsmitglieder, die Anwohnerinnen und Anwohner zu dieser Entscheidung vorher zu befragen, wurden von Bensmann zur\u00fcckgewiesen. Die Einscheidungskompetenz liege in dieser Frage bei der Bezirksvertretung, diese k\u00f6nne nicht auf die Anwohnenden \u00fcbertragen werden. <\/p><p><!--more--><\/p><\/p>\n\n\n\n<p>Im Anschluss an die Aussprache wurden die Leitlinien durch die Bezirksvertretung angenommen. \u00dcber die Sitzung vom 14. Mai berichteten auch die <a rel=\"noreferrer noopener\" href=\"https:\/\/www.wn.de\/muenster\/strassennamen-woermannweg-luederitzweg-umbenennung-2976198?pid=true&amp;npg\" target=\"_blank\">Westf\u00e4lischen Nachrichten<\/a>.  <\/p>\n","protected":false},"excerpt":{"rendered":"<p>In der Bezirksvertretung S\u00fcd-Ost wurden in der Sitzung am 14. Mai 2024 die Leitlinien f\u00fcr Ehrungen im \u00f6ffentlichen Raum diskutiert. Bevor es zur Aussprache im Gremium kam, machte Bezirksb\u00fcrgermeister Peter Bensmann (CDU) in einem Statement vorab deutlich, dass anhand der &hellip; <a href=\"https:\/\/www.muenster.org\/iuw-ms\/bezirksbuergermeister-kuendigt-umbenennung-von-woermannweg-und-luederitzweg-an\/\">Weiterlesen <span class=\"meta-nav\">&rarr;<\/span><\/a><\/p>\n","protected":false},"author":2,"featured_media":0,"comment_status":"closed","ping_status":"open","sticky":false,"template":"","format":"standard","meta":[],"categories":[1],"tags":[],"_links":{"self":[{"href":"https:\/\/www.muenster.org\/iuw-ms\/wp-json\/wp\/v2\/posts\/442"}],"collection":[{"href":"https:\/\/www.muenster.org\/iuw-ms\/wp-json\/wp\/v2\/posts"}],"about":[{"href":"https:\/\/www.muenster.org\/iuw-ms\/wp-json\/wp\/v2\/types\/post"}],"author":[{"embeddable":true,"href":"https:\/\/www.muenster.org\/iuw-ms\/wp-json\/wp\/v2\/users\/2"}],"replies":[{"embeddable":true,"href":"https:\/\/www.muenster.org\/iuw-ms\/wp-json\/wp\/v2\/comments?post=442"}],"version-history":[{"count":6,"href":"https:\/\/www.muenster.org\/iuw-ms\/wp-json\/wp\/v2\/posts\/442\/revisions"}],"predecessor-version":[{"id":516,"href":"https:\/\/www.muenster.org\/iuw-ms\/wp-json\/wp\/v2\/posts\/442\/revisions\/516"}],"wp:attachment":[{"href":"https:\/\/www.muenster.org\/iuw-ms\/wp-json\/wp\/v2\/media?parent=442"}],"wp:term":[{"taxonomy":"category","embeddable":true,"href":"https:\/\/www.muenster.org\/iuw-ms\/wp-json\/wp\/v2\/categories?post=442"},{"taxonomy":"post_tag","embeddable":true,"href":"https:\/\/www.muenster.org\/iuw-ms\/wp-json\/wp\/v2\/tags?post=442"}],"curies":[{"name":"wp","href":"https:\/\/api.w.org\/{rel}","templated":true}]}}