{"id":426,"date":"2024-05-08T16:22:25","date_gmt":"2024-05-08T14:22:25","guid":{"rendered":"https:\/\/www.muenster.org\/iuw-ms\/?p=426"},"modified":"2025-10-07T15:16:18","modified_gmt":"2025-10-07T13:16:18","slug":"stadt-muenster-erstellt-leitlinien-fuer-strassenumbenennungen","status":"publish","type":"post","link":"https:\/\/www.muenster.org\/iuw-ms\/stadt-muenster-erstellt-leitlinien-fuer-strassenumbenennungen\/","title":{"rendered":"Stadt M\u00fcnster erstellt Leitlinien f\u00fcr Stra\u00dfenumbenennungen"},"content":{"rendered":"\n<p><p>Die Stadt M\u00fcnster hat Leitlinien und Kriterien f\u00fcr Ehrungen im \u00f6ffentlichen Raum erarbeitet. Diese finden sich in einer <a href=\"https:\/\/www.stadt-muenster.de\/sessionnet\/sessionnetbi\/vo0050.php?__kvonr=2004053858\" target=\"_blank\" rel=\"noreferrer noopener\">\u00f6ffentlichen Beschlussvorlage<\/a>, \u00fcber die der Rat der Stadt am 19. Juni 2024 entscheiden soll. Darin hei\u00dft es, &#8222;die Einigung auf gemeinsame Grunds\u00e4tze und Kriterien zur Entscheidungsfindung bei Ehrungen im \u00f6ffentlichen Raum soll die Transparenz und Nachvollziehbarkeit gegen\u00fcber der B\u00fcrgerschaft erh\u00f6hen&#8220;. <\/p><p><!--more--><\/p><\/p>\n\n\n\n<p>Neben umstrittenen Denkmalen geht es in dem Papier unter anderem auch um Stra\u00dfenbenennungen und -umbenennungen. Bez\u00fcglich Stra\u00dfenumbenennungen wird in den Leitlinien festgehalten: &#8222;Eine Umbenennung ist m\u00f6glich, wenn Fakten und eine historische Bewertung vorliegen, die zweifelsfrei nachweisen, dass die Ehrung der Person(-engruppe) unzul\u00e4ssig ist (&#8230;) oder die urspr\u00fcngliche Stra\u00dfenbenennung<br>propagandistischen Zwecken der nationalsozialistischen Zeit diente.&#8220; Und weiter: &#8222;Die Benennung nach Personen(-gruppen) stellt eine Ausnahme und besondere Ehrung dar; ein mahnender Charakter ist dabei nie intendiert.&#8220;<\/p>\n\n\n\n<p>Bevor der Rat der Stadt \u00fcber die Leitlinien entscheidet, wird die Beschlussvorlage auch in den Bezirkvertretungen diskutiert. Die Anh\u00f6rung f\u00fcr den Bezirk M\u00fcnster S\u00fcd-Ost, in dem \u00fcber die Umbenennung der Stra\u00dfen L\u00fcderitzweg und Woermannweg entschieden werden muss, findet am 14. Mai 2024 statt.<\/p>\n","protected":false},"excerpt":{"rendered":"<p>Die Stadt M\u00fcnster hat Leitlinien und Kriterien f\u00fcr Ehrungen im \u00f6ffentlichen Raum erarbeitet. Diese finden sich in einer \u00f6ffentlichen Beschlussvorlage, \u00fcber die der Rat der Stadt am 19. Juni 2024 entscheiden soll. Darin hei\u00dft es, &#8222;die Einigung auf gemeinsame Grunds\u00e4tze &hellip; <a href=\"https:\/\/www.muenster.org\/iuw-ms\/stadt-muenster-erstellt-leitlinien-fuer-strassenumbenennungen\/\">Weiterlesen <span class=\"meta-nav\">&rarr;<\/span><\/a><\/p>\n","protected":false},"author":2,"featured_media":0,"comment_status":"closed","ping_status":"open","sticky":false,"template":"","format":"standard","meta":[],"categories":[1],"tags":[],"_links":{"self":[{"href":"https:\/\/www.muenster.org\/iuw-ms\/wp-json\/wp\/v2\/posts\/426"}],"collection":[{"href":"https:\/\/www.muenster.org\/iuw-ms\/wp-json\/wp\/v2\/posts"}],"about":[{"href":"https:\/\/www.muenster.org\/iuw-ms\/wp-json\/wp\/v2\/types\/post"}],"author":[{"embeddable":true,"href":"https:\/\/www.muenster.org\/iuw-ms\/wp-json\/wp\/v2\/users\/2"}],"replies":[{"embeddable":true,"href":"https:\/\/www.muenster.org\/iuw-ms\/wp-json\/wp\/v2\/comments?post=426"}],"version-history":[{"count":6,"href":"https:\/\/www.muenster.org\/iuw-ms\/wp-json\/wp\/v2\/posts\/426\/revisions"}],"predecessor-version":[{"id":517,"href":"https:\/\/www.muenster.org\/iuw-ms\/wp-json\/wp\/v2\/posts\/426\/revisions\/517"}],"wp:attachment":[{"href":"https:\/\/www.muenster.org\/iuw-ms\/wp-json\/wp\/v2\/media?parent=426"}],"wp:term":[{"taxonomy":"category","embeddable":true,"href":"https:\/\/www.muenster.org\/iuw-ms\/wp-json\/wp\/v2\/categories?post=426"},{"taxonomy":"post_tag","embeddable":true,"href":"https:\/\/www.muenster.org\/iuw-ms\/wp-json\/wp\/v2\/tags?post=426"}],"curies":[{"name":"wp","href":"https:\/\/api.w.org\/{rel}","templated":true}]}}