{"id":413,"date":"2023-03-20T15:59:49","date_gmt":"2023-03-20T14:59:49","guid":{"rendered":"https:\/\/www.muenster.org\/iuw-ms\/?p=413"},"modified":"2025-10-07T15:16:48","modified_gmt":"2025-10-07T13:16:48","slug":"bezirksvertretung-muenster-suedost-beraet-ueber-umbenennung-von-woermannweg-und-luederitzweg","status":"publish","type":"post","link":"https:\/\/www.muenster.org\/iuw-ms\/bezirksvertretung-muenster-suedost-beraet-ueber-umbenennung-von-woermannweg-und-luederitzweg\/","title":{"rendered":"Bezirksvertretung M\u00fcnster-S\u00fcdost ber\u00e4t \u00fcber Umbenennung von Woermannweg und L\u00fcderitzweg"},"content":{"rendered":"\n<p><p>In ihrer <a href=\"https:\/\/www.stadt-muenster.de\/sessionnet\/sessionnetbi\/si0057.php?__ksinr=12936\" target=\"_blank\" rel=\"noreferrer noopener\">Sitzung vom 28. Februar 2023<\/a> haben die Mitglieder der Bezirksvertretung M\u00fcnster-S\u00fcdost \u00fcber die Umbenennung des Woermannwegs und des L\u00fcderitzwegs beraten. Unter den Vertreterinnen und Vertretern herrschte dabei Einigkeit dar\u00fcber, die B\u00fcrgerschaft in den Entscheidungsprozess einbeziehen zu wollen. Dies soll im Rahmen einer \u00f6ffentlichen Informationsveranstaltung geschehen. Eine Entscheidung \u00fcber eine m\u00f6gliche Umbenennung soll erst im Anschluss gef\u00e4llt werden.<\/p><p><!--more--><\/p><\/p>\n\n\n\n<p>Mit der Beratung \u00fcber eine Umbenennung der beiden Stra\u00dfen hatte die Bezirksvertretung eine Anregung nach \u00a7 24 GO NRW durch die Initiative zur Umbenennung des L\u00fcderitzwegs und des Woermannwegs aufgegriffen. <\/p>\n","protected":false},"excerpt":{"rendered":"<p>In ihrer Sitzung vom 28. Februar 2023 haben die Mitglieder der Bezirksvertretung M\u00fcnster-S\u00fcdost \u00fcber die Umbenennung des Woermannwegs und des L\u00fcderitzwegs beraten. Unter den Vertreterinnen und Vertretern herrschte dabei Einigkeit dar\u00fcber, die B\u00fcrgerschaft in den Entscheidungsprozess einbeziehen zu wollen. Dies &hellip; <a href=\"https:\/\/www.muenster.org\/iuw-ms\/bezirksvertretung-muenster-suedost-beraet-ueber-umbenennung-von-woermannweg-und-luederitzweg\/\">Weiterlesen <span class=\"meta-nav\">&rarr;<\/span><\/a><\/p>\n","protected":false},"author":2,"featured_media":0,"comment_status":"closed","ping_status":"open","sticky":false,"template":"","format":"standard","meta":[],"categories":[1],"tags":[],"_links":{"self":[{"href":"https:\/\/www.muenster.org\/iuw-ms\/wp-json\/wp\/v2\/posts\/413"}],"collection":[{"href":"https:\/\/www.muenster.org\/iuw-ms\/wp-json\/wp\/v2\/posts"}],"about":[{"href":"https:\/\/www.muenster.org\/iuw-ms\/wp-json\/wp\/v2\/types\/post"}],"author":[{"embeddable":true,"href":"https:\/\/www.muenster.org\/iuw-ms\/wp-json\/wp\/v2\/users\/2"}],"replies":[{"embeddable":true,"href":"https:\/\/www.muenster.org\/iuw-ms\/wp-json\/wp\/v2\/comments?post=413"}],"version-history":[{"count":3,"href":"https:\/\/www.muenster.org\/iuw-ms\/wp-json\/wp\/v2\/posts\/413\/revisions"}],"predecessor-version":[{"id":518,"href":"https:\/\/www.muenster.org\/iuw-ms\/wp-json\/wp\/v2\/posts\/413\/revisions\/518"}],"wp:attachment":[{"href":"https:\/\/www.muenster.org\/iuw-ms\/wp-json\/wp\/v2\/media?parent=413"}],"wp:term":[{"taxonomy":"category","embeddable":true,"href":"https:\/\/www.muenster.org\/iuw-ms\/wp-json\/wp\/v2\/categories?post=413"},{"taxonomy":"post_tag","embeddable":true,"href":"https:\/\/www.muenster.org\/iuw-ms\/wp-json\/wp\/v2\/tags?post=413"}],"curies":[{"name":"wp","href":"https:\/\/api.w.org\/{rel}","templated":true}]}}