{"id":405,"date":"2023-02-14T09:27:30","date_gmt":"2023-02-14T08:27:30","guid":{"rendered":"https:\/\/www.muenster.org\/iuw-ms\/?p=405"},"modified":"2025-10-07T15:17:03","modified_gmt":"2025-10-07T13:17:03","slug":"umbenennungsinitiative-stellt-buergerantrag","status":"publish","type":"post","link":"https:\/\/www.muenster.org\/iuw-ms\/umbenennungsinitiative-stellt-buergerantrag\/","title":{"rendered":"Umbenennungsinitiative stellt B\u00fcrgerantrag"},"content":{"rendered":"\n<p><p>Die Initiative zur Umbenennung des Woermannwegs und des L\u00fcderitzwegs hat bei der Stadt M\u00fcnster eine Anregung gem\u00e4\u00df Paragraf 24 Gemeindeordnung NRW eingebracht, nach der beide Stra\u00dfen umbenannt werden sollen. Als Alternativen verweist sie auf die von den Anwohnerinnen und Anwohnern gemachten <a href=\"https:\/\/www.muenster.org\/iuw-ms\/alternativen\/\" target=\"_blank\" rel=\"noreferrer noopener\">Vorschl\u00e4ge f\u00fcr neue Namen<\/a> der Stra\u00dfen.<\/p><p><!--more--><\/p><\/p>\n\n\n\n<p>In der Begr\u00fcndung des B\u00fcrgerantrags hei\u00dft es: &#8222;Mit den Namen der beiden Stra\u00dfen wird die Zeit des deutschen Kolonialismus in unangemessener Weise verherrlicht. Mit Adolf L\u00fcderitz und Adolph Woermann werden Personen geehrt, die an Kolonialverbrechen des Deutschen Kaiserreiches beteiligt waren. Die Stra\u00dfenbenennung erfolgte zudem in der Zeit des Nationalsozialismus und im Sinne der NS-Ideologie. Einer weltoffenen und toleranten Stadt wie M\u00fcnster (&#8222;Stadt des Friedens&#8220;) steht die Ehrung dieser Personen nicht gut zu Gesicht. Eine Umbenennung w\u00e4re ein Zeichen f\u00fcr einen bewussten und kritischen Umgang mit der Vergangenheit und f\u00fcr eine demokratisch wache Stadtgesellschaft.&#8220;<\/p>\n\n\n\n<p>  <\/p>\n","protected":false},"excerpt":{"rendered":"<p>Die Initiative zur Umbenennung des Woermannwegs und des L\u00fcderitzwegs hat bei der Stadt M\u00fcnster eine Anregung gem\u00e4\u00df Paragraf 24 Gemeindeordnung NRW eingebracht, nach der beide Stra\u00dfen umbenannt werden sollen. Als Alternativen verweist sie auf die von den Anwohnerinnen und Anwohnern &hellip; <a href=\"https:\/\/www.muenster.org\/iuw-ms\/umbenennungsinitiative-stellt-buergerantrag\/\">Weiterlesen <span class=\"meta-nav\">&rarr;<\/span><\/a><\/p>\n","protected":false},"author":2,"featured_media":0,"comment_status":"closed","ping_status":"open","sticky":false,"template":"","format":"standard","meta":[],"categories":[1],"tags":[],"_links":{"self":[{"href":"https:\/\/www.muenster.org\/iuw-ms\/wp-json\/wp\/v2\/posts\/405"}],"collection":[{"href":"https:\/\/www.muenster.org\/iuw-ms\/wp-json\/wp\/v2\/posts"}],"about":[{"href":"https:\/\/www.muenster.org\/iuw-ms\/wp-json\/wp\/v2\/types\/post"}],"author":[{"embeddable":true,"href":"https:\/\/www.muenster.org\/iuw-ms\/wp-json\/wp\/v2\/users\/2"}],"replies":[{"embeddable":true,"href":"https:\/\/www.muenster.org\/iuw-ms\/wp-json\/wp\/v2\/comments?post=405"}],"version-history":[{"count":4,"href":"https:\/\/www.muenster.org\/iuw-ms\/wp-json\/wp\/v2\/posts\/405\/revisions"}],"predecessor-version":[{"id":519,"href":"https:\/\/www.muenster.org\/iuw-ms\/wp-json\/wp\/v2\/posts\/405\/revisions\/519"}],"wp:attachment":[{"href":"https:\/\/www.muenster.org\/iuw-ms\/wp-json\/wp\/v2\/media?parent=405"}],"wp:term":[{"taxonomy":"category","embeddable":true,"href":"https:\/\/www.muenster.org\/iuw-ms\/wp-json\/wp\/v2\/categories?post=405"},{"taxonomy":"post_tag","embeddable":true,"href":"https:\/\/www.muenster.org\/iuw-ms\/wp-json\/wp\/v2\/tags?post=405"}],"curies":[{"name":"wp","href":"https:\/\/api.w.org\/{rel}","templated":true}]}}