{"id":392,"date":"2023-01-25T11:00:02","date_gmt":"2023-01-25T10:00:02","guid":{"rendered":"https:\/\/www.muenster.org\/iuw-ms\/?p=392"},"modified":"2025-10-07T15:17:37","modified_gmt":"2025-10-07T13:17:37","slug":"strassenumbennungen-im-bezirk-muenster-mitte","status":"publish","type":"post","link":"https:\/\/www.muenster.org\/iuw-ms\/strassenumbennungen-im-bezirk-muenster-mitte\/","title":{"rendered":"Stra\u00dfenumbenennungen im Bezirk M\u00fcnster-Mitte"},"content":{"rendered":"\n<p><p>Die Fraktionen der Gr\u00fcnen, SPD, Volt, CDU und FDP in der Bezirksvertretung Mitte haben sich f\u00fcr die Umbennung der Ostmarkstra\u00dfe und der Admiral-Scheer-Stra\u00dfe ausgesprochen. In ihren gemeinsamen <a href=\"https:\/\/rums.us19.list-manage.com\/track\/click?u=8c42c4f4df829ead4b77ef260&amp;id=b6e3374e89&amp;e=5473f209d1\" target=\"_blank\" rel=\"noreferrer noopener\"><strong>Antrag<\/strong><\/a> begr\u00fcnden sie diese Entscheidung damit, dass die Stra\u00dfennamen &#8222;den Nationalsozialismus verherrlichen bzw. nationalsozialistisches Gedankengut transportieren und damit im Widerspruch zu den demokratischen Werten der Bundesrepublik stehen&#8220;. Der Begriff &#8222;Ostmark&#8220; bezeichnete zwischen 1939 und 1942 das Gebiet des heutigen \u00d6sterreichs, das im Nationalsozialismus ans Deutsche Reich angeschlossen wurde. Reinhard Scheer war Admiral im Ersten Weltkrieg. Er lie\u00df zwei Hinrichtungen gegen widerst\u00e4ndige Matrosen vollstrecken und f\u00fchrte die deutsche Flotte in eine aussichtslose Seeschlacht gegen die britische Marine. <\/p><p><!--more--><\/p><\/p>\n\n\n\n<p>Dar\u00fcber hinaus wollen die Gr\u00fcnen, SPD und Volt laut einem zus\u00e4tzlichen <a href=\"https:\/\/rums.us19.list-manage.com\/track\/click?u=8c42c4f4df829ead4b77ef260&amp;id=8629c39bb8&amp;e=5473f209d1\" target=\"_blank\" rel=\"noreferrer noopener\"><strong>Antrag<\/strong><\/a> noch acht weitere Stra\u00dfen im Bezirk Mitte umbenennen: Admiral-Spee-Stra\u00dfe, Otto-Weddigen-Stra\u00dfe, Prinz-Eugen-Stra\u00dfe, Skaggerakstra\u00dfe, Tannenbergstra\u00dfe, Langemarckstra\u00dfe, Manfred-von-Richthofen-Stra\u00dfe und Andreas-Hofer-Stra\u00dfe. Alle zur Disposition stehen Stra\u00dfennamen wurden w\u00e4hrend der Zeit des Nationalsozialismus vergeben. Die Bezirksvertretung hatte zur Frage des Umgangs mit diesen Stra\u00dfennamen ein Gutachten durch Dr. Alexander J. Schwitanski erstellen lassen, das am 18. Januar 2022 vorgestellt worden war.<\/p>\n\n\n\n<p>UPDATE: Die Bezirksvertretung Mitte hat beide Antr\u00e4ge am 24. Januar 2023 angenommen. Damit sollen sieben der genannten Stra\u00dfen umbenannt werden, nachdem Informationsveranstaltungen f\u00fcr die B\u00fcrgerinnen und B\u00fcrger zum Vorhaben durchgef\u00fchrt wurden. F\u00fcr drei weitere Stra\u00dfen &#8211; Manfred-von-Richthofen-Stra\u00dfe, Andreas-Hofer-Stra\u00dfe und Ostmarkstra\u00dfe &#8211; empfiehlt die Bezirksvertretung dem Rat der Stadt M\u00fcnster eine Umbenennung.<\/p>\n","protected":false},"excerpt":{"rendered":"<p>Die Fraktionen der Gr\u00fcnen, SPD, Volt, CDU und FDP in der Bezirksvertretung Mitte haben sich f\u00fcr die Umbennung der Ostmarkstra\u00dfe und der Admiral-Scheer-Stra\u00dfe ausgesprochen. In ihren gemeinsamen Antrag begr\u00fcnden sie diese Entscheidung damit, dass die Stra\u00dfennamen &#8222;den Nationalsozialismus verherrlichen bzw. &hellip; <a href=\"https:\/\/www.muenster.org\/iuw-ms\/strassenumbennungen-im-bezirk-muenster-mitte\/\">Weiterlesen <span class=\"meta-nav\">&rarr;<\/span><\/a><\/p>\n","protected":false},"author":2,"featured_media":0,"comment_status":"closed","ping_status":"open","sticky":false,"template":"","format":"standard","meta":[],"categories":[1],"tags":[],"_links":{"self":[{"href":"https:\/\/www.muenster.org\/iuw-ms\/wp-json\/wp\/v2\/posts\/392"}],"collection":[{"href":"https:\/\/www.muenster.org\/iuw-ms\/wp-json\/wp\/v2\/posts"}],"about":[{"href":"https:\/\/www.muenster.org\/iuw-ms\/wp-json\/wp\/v2\/types\/post"}],"author":[{"embeddable":true,"href":"https:\/\/www.muenster.org\/iuw-ms\/wp-json\/wp\/v2\/users\/2"}],"replies":[{"embeddable":true,"href":"https:\/\/www.muenster.org\/iuw-ms\/wp-json\/wp\/v2\/comments?post=392"}],"version-history":[{"count":8,"href":"https:\/\/www.muenster.org\/iuw-ms\/wp-json\/wp\/v2\/posts\/392\/revisions"}],"predecessor-version":[{"id":520,"href":"https:\/\/www.muenster.org\/iuw-ms\/wp-json\/wp\/v2\/posts\/392\/revisions\/520"}],"wp:attachment":[{"href":"https:\/\/www.muenster.org\/iuw-ms\/wp-json\/wp\/v2\/media?parent=392"}],"wp:term":[{"taxonomy":"category","embeddable":true,"href":"https:\/\/www.muenster.org\/iuw-ms\/wp-json\/wp\/v2\/categories?post=392"},{"taxonomy":"post_tag","embeddable":true,"href":"https:\/\/www.muenster.org\/iuw-ms\/wp-json\/wp\/v2\/tags?post=392"}],"curies":[{"name":"wp","href":"https:\/\/api.w.org\/{rel}","templated":true}]}}