{"id":372,"date":"2022-11-19T21:24:07","date_gmt":"2022-11-19T20:24:07","guid":{"rendered":"https:\/\/www.muenster.org\/iuw-ms\/?p=372"},"modified":"2025-10-07T15:18:12","modified_gmt":"2025-10-07T13:18:12","slug":"372","status":"publish","type":"post","link":"https:\/\/www.muenster.org\/iuw-ms\/372\/","title":{"rendered":"Nachbarschaftlicher Austausch zur Stra\u00dfenumbenennung"},"content":{"rendered":"\n<p><p>Am letzten Samstag im Oktober haben die Mitglieder der Initiative zur Umbenennung des Woermannwegs und des L\u00fcderitzwegs alle Anwohnerinnen und Anwohner der beiden Stra\u00dfen zum gemeinsamen Austausch eingeladen. Zum Informationsstand auf dem L\u00fcderitzweg kamen zahlreiche Nachbarinnen und Nachbarn, um mehr \u00fcber das Vorhaben der Umbenennung zu erfahren, aber auch um dar\u00fcber kontrovers zu diskutieren. <\/p><p><!--more--><\/p><\/p>\n\n\n<div class=\"wp-block-image is-style-default\">\n<figure class=\"aligncenter size-large is-resized\"><img decoding=\"async\" loading=\"lazy\" src=\"https:\/\/www.muenster.org\/iuw-ms\/wp-content\/uploads\/2022\/11\/20221128_100133-COLLAGE-769x1024.jpg\" alt=\"\" class=\"wp-image-387\" width=\"290\" height=\"405\"\/><figcaption class=\"wp-element-caption\">Mit diesem Flyer wurden die Anwohnenden zum Austausch eingeladen.<\/figcaption><\/figure><\/div>\n\n\n<p>Wichtig erschien dabei vielen, dass die ehemaligen Stra\u00dfennamen im Falle einer Umbenennung durch ein Hinweisschild dauerhaft dokumentiert werden. Einerseits um der Bef\u00fcrchtung entgegenzutreten, dass durch eine Umbenennung Geschichte &#8222;ausradiert&#8220; werde, andererseits um die Information \u00fcber die besondere historische Stellung der beiden Stra\u00dfen zu erhalten, die fr\u00fcher als die umliegenden Stra\u00dfen als Abzweige von Angelmodder Weg entstanden sind.<\/p>\n\n\n<div class=\"wp-block-image is-style-default\">\n<figure class=\"aligncenter size-large is-resized\"><img decoding=\"async\" loading=\"lazy\" src=\"https:\/\/www.muenster.org\/iuw-ms\/wp-content\/uploads\/2022\/11\/Alternativen-768x1024.jpg\" alt=\"\" class=\"wp-image-382\" width=\"302\" height=\"415\"\/><figcaption class=\"wp-element-caption\">Flipchart vom Infostand am L\u00fcderitzweg. Weitere Vorschl\u00e4ge wurden per Postkarte oder E-Mail eingereicht; Foto: privat<\/figcaption><\/figure><\/div>\n\n\n<p>Alle Interessierten konnten vor Ort Vorschl\u00e4ge machen, wie die Stra\u00dfen zuk\u00fcnftig hei\u00dfen sollen (Dokumentation unter <a rel=\"noreferrer noopener\" href=\"https:\/\/www.muenster.org\/iuw-ms\/?page_id=130\" data-type=\"URL\" data-id=\"https:\/\/www.muenster.org\/iuw-ms\/?page_id=130\" target=\"_blank\">Alternativen<\/a>). Einigen war es dabei wichtig, dass mit den neuen Stra\u00dfennamen nicht erneut Personen geehrt werden. Andere wollten den aus ihrer Sicht zu Unrecht Geehrten Woermann und L\u00fcderitz gerade positiv besetzte und verdiente Personen entgegenstellen. <\/p>\n\n\n\n<p>Viele Anwohnerinnen und Anwohner nutzten auch die Gelegenheit, den B\u00fcrgerantrag zur Umbenennung der beiden Stra\u00dfen mit einer Unterschrift zu unterst\u00fctzen. Insgesamt wurden dabei 24 Unterschriften gesammelt.<\/p>\n","protected":false},"excerpt":{"rendered":"<p>Am letzten Samstag im Oktober haben die Mitglieder der Initiative zur Umbenennung des Woermannwegs und des L\u00fcderitzwegs alle Anwohnerinnen und Anwohner der beiden Stra\u00dfen zum gemeinsamen Austausch eingeladen. Zum Informationsstand auf dem L\u00fcderitzweg kamen zahlreiche Nachbarinnen und Nachbarn, um mehr &hellip; <a href=\"https:\/\/www.muenster.org\/iuw-ms\/372\/\">Weiterlesen <span class=\"meta-nav\">&rarr;<\/span><\/a><\/p>\n","protected":false},"author":2,"featured_media":0,"comment_status":"closed","ping_status":"open","sticky":false,"template":"","format":"standard","meta":[],"categories":[1],"tags":[],"_links":{"self":[{"href":"https:\/\/www.muenster.org\/iuw-ms\/wp-json\/wp\/v2\/posts\/372"}],"collection":[{"href":"https:\/\/www.muenster.org\/iuw-ms\/wp-json\/wp\/v2\/posts"}],"about":[{"href":"https:\/\/www.muenster.org\/iuw-ms\/wp-json\/wp\/v2\/types\/post"}],"author":[{"embeddable":true,"href":"https:\/\/www.muenster.org\/iuw-ms\/wp-json\/wp\/v2\/users\/2"}],"replies":[{"embeddable":true,"href":"https:\/\/www.muenster.org\/iuw-ms\/wp-json\/wp\/v2\/comments?post=372"}],"version-history":[{"count":4,"href":"https:\/\/www.muenster.org\/iuw-ms\/wp-json\/wp\/v2\/posts\/372\/revisions"}],"predecessor-version":[{"id":521,"href":"https:\/\/www.muenster.org\/iuw-ms\/wp-json\/wp\/v2\/posts\/372\/revisions\/521"}],"wp:attachment":[{"href":"https:\/\/www.muenster.org\/iuw-ms\/wp-json\/wp\/v2\/media?parent=372"}],"wp:term":[{"taxonomy":"category","embeddable":true,"href":"https:\/\/www.muenster.org\/iuw-ms\/wp-json\/wp\/v2\/categories?post=372"},{"taxonomy":"post_tag","embeddable":true,"href":"https:\/\/www.muenster.org\/iuw-ms\/wp-json\/wp\/v2\/tags?post=372"}],"curies":[{"name":"wp","href":"https:\/\/api.w.org\/{rel}","templated":true}]}}