{"id":335,"date":"2022-05-31T10:15:14","date_gmt":"2022-05-31T08:15:14","guid":{"rendered":"https:\/\/www.muenster.org\/iuw-ms\/?p=335"},"modified":"2022-10-19T09:44:00","modified_gmt":"2022-10-19T07:44:00","slug":"stadt-muenster-will-sich-oeffentlich-zur-deutschen-verantwortung-fuer-koloniales-unrecht-bekennen","status":"publish","type":"post","link":"https:\/\/www.muenster.org\/iuw-ms\/stadt-muenster-will-sich-oeffentlich-zur-deutschen-verantwortung-fuer-koloniales-unrecht-bekennen\/","title":{"rendered":"Stadt M\u00fcnster will sich \u00f6ffentlich zur &#8222;deutschen Verantwortung f\u00fcr koloniales Unrecht&#8220; bekennen"},"content":{"rendered":"\n<p>Die Stadt M\u00fcnster hat ein &#8222;Konzept zum zuk\u00fcnftigen Umgang mit Kriegerdenkmalen im \u00f6ffentlichen Raum&#8220; entwickelt. Die zahlreichen Kriegerdenkmale entlang der Promenade sollen mit Infostelen historisch-kritisch eingeordnet werden. Im Zentrum der Debatte steht dabei das sogenannte <a rel=\"noreferrer noopener\" href=\"https:\/\/www.stadt-muenster.de\/kriegerdenkmale\/zum-ersten-weltkrieg\/traindenkmal.html\" target=\"_blank\">Train-Denkmal<\/a> am Ludgerikreisel, mit dem auch an Soldaten erinnert wird, die an Verbrechen in den deutschen Kolonien beteiligt waren. Nach einem <a rel=\"noreferrer noopener\" href=\"https:\/\/www.stadt-muenster.de\/sessionnet\/sessionnetbi\/getfile.php?id=508281&amp;type=do\" target=\"_blank\">Beschluss des Stadtrates<\/a> soll auf der Stele zu diesem Denkmal k\u00fcnftig der Satz stehen: \u201eDie Stadt M\u00fcnster bekennt sich zur deutschen Verantwortung f\u00fcr koloniales Unrecht und den V\u00f6lkermord an den Herero und Nama zwischen 1904 und 1908. M\u00fcnster, 2022.\u201c  <\/p>\n","protected":false},"excerpt":{"rendered":"<p>Die Stadt M\u00fcnster hat ein &#8222;Konzept zum zuk\u00fcnftigen Umgang mit Kriegerdenkmalen im \u00f6ffentlichen Raum&#8220; entwickelt. Die zahlreichen Kriegerdenkmale entlang der Promenade sollen mit Infostelen historisch-kritisch eingeordnet werden. Im Zentrum der Debatte steht dabei das sogenannte Train-Denkmal am Ludgerikreisel, mit dem &hellip; <a href=\"https:\/\/www.muenster.org\/iuw-ms\/stadt-muenster-will-sich-oeffentlich-zur-deutschen-verantwortung-fuer-koloniales-unrecht-bekennen\/\">Weiterlesen <span class=\"meta-nav\">&rarr;<\/span><\/a><\/p>\n","protected":false},"author":2,"featured_media":0,"comment_status":"closed","ping_status":"open","sticky":false,"template":"","format":"standard","meta":[],"categories":[1],"tags":[],"_links":{"self":[{"href":"https:\/\/www.muenster.org\/iuw-ms\/wp-json\/wp\/v2\/posts\/335"}],"collection":[{"href":"https:\/\/www.muenster.org\/iuw-ms\/wp-json\/wp\/v2\/posts"}],"about":[{"href":"https:\/\/www.muenster.org\/iuw-ms\/wp-json\/wp\/v2\/types\/post"}],"author":[{"embeddable":true,"href":"https:\/\/www.muenster.org\/iuw-ms\/wp-json\/wp\/v2\/users\/2"}],"replies":[{"embeddable":true,"href":"https:\/\/www.muenster.org\/iuw-ms\/wp-json\/wp\/v2\/comments?post=335"}],"version-history":[{"count":3,"href":"https:\/\/www.muenster.org\/iuw-ms\/wp-json\/wp\/v2\/posts\/335\/revisions"}],"predecessor-version":[{"id":347,"href":"https:\/\/www.muenster.org\/iuw-ms\/wp-json\/wp\/v2\/posts\/335\/revisions\/347"}],"wp:attachment":[{"href":"https:\/\/www.muenster.org\/iuw-ms\/wp-json\/wp\/v2\/media?parent=335"}],"wp:term":[{"taxonomy":"category","embeddable":true,"href":"https:\/\/www.muenster.org\/iuw-ms\/wp-json\/wp\/v2\/categories?post=335"},{"taxonomy":"post_tag","embeddable":true,"href":"https:\/\/www.muenster.org\/iuw-ms\/wp-json\/wp\/v2\/tags?post=335"}],"curies":[{"name":"wp","href":"https:\/\/api.w.org\/{rel}","templated":true}]}}