{"id":331,"date":"2022-05-31T09:40:53","date_gmt":"2022-05-31T07:40:53","guid":{"rendered":"https:\/\/www.muenster.org\/iuw-ms\/?p=331"},"modified":"2022-05-31T10:46:45","modified_gmt":"2022-05-31T08:46:45","slug":"stadtarchiv-bescheinigt-luederitz-und-woermann-rassistische-gesinnung-und-aggressive-kolonialistische-haltung","status":"publish","type":"post","link":"https:\/\/www.muenster.org\/iuw-ms\/stadtarchiv-bescheinigt-luederitz-und-woermann-rassistische-gesinnung-und-aggressive-kolonialistische-haltung\/","title":{"rendered":"Stadtarchiv bescheinigt L\u00fcderitz und Woermann &#8222;rassistische Gesinnung und  aggressive kolonialistische Haltung&#8220;"},"content":{"rendered":"\n<p>Auf einem neuen Portal informiert das Stadtarchiv zu <a rel=\"noreferrer noopener\" href=\"https:\/\/www.stadt-muenster.de\/kolonialspuren\/startseite\" target=\"_blank\">Kolonialen R\u00e4umen in M\u00fcnster<\/a>. Als <a rel=\"noreferrer noopener\" href=\"https:\/\/www.stadt-muenster.de\/kolonialspuren\/oeffentlicher-raum\/benennungen\" target=\"_blank\">koloniale Spuren im \u00f6ffentlichen Raum<\/a> werden dabei auch die Stra\u00dfen Woermannweg und L\u00fcderitzweg thematisiert. Neben Informationen zu den beiden Namensgebern wird ebenso auf die Geschichte der Benennung w\u00e4hrend der NS-Zeit eingegangen. Schlie\u00dflich hei\u00dft es dort: &#8222;Aus heutiger Sicht besteht \u00fcber die rassistische Gesinnung und eine aggressive kolonialistische Haltung der beiden Kolonialunternehmer kein Zweifel.&#8220; Zu den <a rel=\"noreferrer noopener\" href=\"https:\/\/www.stadt-muenster.de\/kolonialspuren\/koloniale-wertschoepfung\" target=\"_blank\">Gesch\u00e4ftspraktiken <\/a>der beiden Kaufleute, die in M\u00fcnster mit einem Stra\u00dfennamen geehrt werden, schreibt das Stadtarchiv: &#8222;Woermann organisierte die Verwaltung vor Ort. Auf diese Weise verkaufte er minderwertige Ware in der westafrikanischen Kolonie [Kamerun] und bezog im Gegenzug g\u00fcnstig Produkte wie Kautschuk oder Schwarzpulver. Eine \u00e4hnliche Rolle nahm der Bremer Tabakh\u00e4ndler Adolf L\u00fcderitz im heutigen Namibia ein.&#8220; <\/p>\n","protected":false},"excerpt":{"rendered":"<p>Auf einem neuen Portal informiert das Stadtarchiv zu Kolonialen R\u00e4umen in M\u00fcnster. Als koloniale Spuren im \u00f6ffentlichen Raum werden dabei auch die Stra\u00dfen Woermannweg und L\u00fcderitzweg thematisiert. Neben Informationen zu den beiden Namensgebern wird ebenso auf die Geschichte der Benennung &hellip; <a href=\"https:\/\/www.muenster.org\/iuw-ms\/stadtarchiv-bescheinigt-luederitz-und-woermann-rassistische-gesinnung-und-aggressive-kolonialistische-haltung\/\">Weiterlesen <span class=\"meta-nav\">&rarr;<\/span><\/a><\/p>\n","protected":false},"author":2,"featured_media":0,"comment_status":"closed","ping_status":"open","sticky":false,"template":"","format":"standard","meta":[],"categories":[1],"tags":[],"_links":{"self":[{"href":"https:\/\/www.muenster.org\/iuw-ms\/wp-json\/wp\/v2\/posts\/331"}],"collection":[{"href":"https:\/\/www.muenster.org\/iuw-ms\/wp-json\/wp\/v2\/posts"}],"about":[{"href":"https:\/\/www.muenster.org\/iuw-ms\/wp-json\/wp\/v2\/types\/post"}],"author":[{"embeddable":true,"href":"https:\/\/www.muenster.org\/iuw-ms\/wp-json\/wp\/v2\/users\/2"}],"replies":[{"embeddable":true,"href":"https:\/\/www.muenster.org\/iuw-ms\/wp-json\/wp\/v2\/comments?post=331"}],"version-history":[{"count":3,"href":"https:\/\/www.muenster.org\/iuw-ms\/wp-json\/wp\/v2\/posts\/331\/revisions"}],"predecessor-version":[{"id":341,"href":"https:\/\/www.muenster.org\/iuw-ms\/wp-json\/wp\/v2\/posts\/331\/revisions\/341"}],"wp:attachment":[{"href":"https:\/\/www.muenster.org\/iuw-ms\/wp-json\/wp\/v2\/media?parent=331"}],"wp:term":[{"taxonomy":"category","embeddable":true,"href":"https:\/\/www.muenster.org\/iuw-ms\/wp-json\/wp\/v2\/categories?post=331"},{"taxonomy":"post_tag","embeddable":true,"href":"https:\/\/www.muenster.org\/iuw-ms\/wp-json\/wp\/v2\/tags?post=331"}],"curies":[{"name":"wp","href":"https:\/\/api.w.org\/{rel}","templated":true}]}}