{"id":180,"date":"2022-03-04T13:31:20","date_gmt":"2022-03-04T12:31:20","guid":{"rendered":"https:\/\/www.muenster.org\/iuw-ms\/?p=180"},"modified":"2022-03-04T21:22:45","modified_gmt":"2022-03-04T20:22:45","slug":"gruene-setzten-sich-fuer-umbenennung-von-neun-belasteten-strassen-in-muenster-ein","status":"publish","type":"post","link":"https:\/\/www.muenster.org\/iuw-ms\/gruene-setzten-sich-fuer-umbenennung-von-neun-belasteten-strassen-in-muenster-ein\/","title":{"rendered":"Gr\u00fcne setzen sich f\u00fcr Umbenennung von neun belasteten Stra\u00dfen in M\u00fcnster ein"},"content":{"rendered":"\n<p>Die <a href=\"https:\/\/www.wn.de\/muenster\/grune-wollen-strassen-umbenennen-2521243?pid=true\">Westf\u00e4lischen Nachrichten 25. Januar 2022<\/a> berichten, dass sich der Kreisverband der Gr\u00fcnen aktuell f\u00fcr eine Umbenennung von neun Stra\u00dfen in M\u00fcnster einsetzt, die nach einer \u00dcberpr\u00fcfung durch das Stadtarchiv als NS-belastet eingestuft werden. Folgende Stra\u00dfennamen sollen umbenannt werden: Admiral-Scheer-Stra\u00dfe, Admiral-Spee-Stra\u00dfe, Gorch-Fock-Stra\u00dfe, Otto-Weddigen-Stra\u00dfe, Skagerrakstra\u00dfe, Manfred-von-Richthofen-Stra\u00dfe, Ostmark- und Tannenbergstra\u00dfe. SPD und CDU wollen die Debatte jedoch ergebnisoffen f\u00fchren und streben eine breite Debatte an.<\/p>\n","protected":false},"excerpt":{"rendered":"<p>Die Westf\u00e4lischen Nachrichten 25. Januar 2022 berichten, dass sich der Kreisverband der Gr\u00fcnen aktuell f\u00fcr eine Umbenennung von neun Stra\u00dfen in M\u00fcnster einsetzt, die nach einer \u00dcberpr\u00fcfung durch das Stadtarchiv als NS-belastet eingestuft werden. Folgende Stra\u00dfennamen sollen umbenannt werden: Admiral-Scheer-Stra\u00dfe, &hellip; <a href=\"https:\/\/www.muenster.org\/iuw-ms\/gruene-setzten-sich-fuer-umbenennung-von-neun-belasteten-strassen-in-muenster-ein\/\">Weiterlesen <span class=\"meta-nav\">&rarr;<\/span><\/a><\/p>\n","protected":false},"author":2,"featured_media":0,"comment_status":"closed","ping_status":"open","sticky":false,"template":"","format":"standard","meta":[],"categories":[4],"tags":[],"_links":{"self":[{"href":"https:\/\/www.muenster.org\/iuw-ms\/wp-json\/wp\/v2\/posts\/180"}],"collection":[{"href":"https:\/\/www.muenster.org\/iuw-ms\/wp-json\/wp\/v2\/posts"}],"about":[{"href":"https:\/\/www.muenster.org\/iuw-ms\/wp-json\/wp\/v2\/types\/post"}],"author":[{"embeddable":true,"href":"https:\/\/www.muenster.org\/iuw-ms\/wp-json\/wp\/v2\/users\/2"}],"replies":[{"embeddable":true,"href":"https:\/\/www.muenster.org\/iuw-ms\/wp-json\/wp\/v2\/comments?post=180"}],"version-history":[{"count":3,"href":"https:\/\/www.muenster.org\/iuw-ms\/wp-json\/wp\/v2\/posts\/180\/revisions"}],"predecessor-version":[{"id":194,"href":"https:\/\/www.muenster.org\/iuw-ms\/wp-json\/wp\/v2\/posts\/180\/revisions\/194"}],"wp:attachment":[{"href":"https:\/\/www.muenster.org\/iuw-ms\/wp-json\/wp\/v2\/media?parent=180"}],"wp:term":[{"taxonomy":"category","embeddable":true,"href":"https:\/\/www.muenster.org\/iuw-ms\/wp-json\/wp\/v2\/categories?post=180"},{"taxonomy":"post_tag","embeddable":true,"href":"https:\/\/www.muenster.org\/iuw-ms\/wp-json\/wp\/v2\/tags?post=180"}],"curies":[{"name":"wp","href":"https:\/\/api.w.org\/{rel}","templated":true}]}}