{"id":176,"date":"2022-03-04T13:23:09","date_gmt":"2022-03-04T12:23:09","guid":{"rendered":"https:\/\/www.muenster.org\/iuw-ms\/?p=176"},"modified":"2025-10-07T15:20:08","modified_gmt":"2025-10-07T13:20:08","slug":"unveroeffentlichter-leserbrief-an-die-westfaelischen-nachrichten-zum-artikel-soldaten-und-schlachten-im-visier-vom-21-februar-2022","status":"publish","type":"post","link":"https:\/\/www.muenster.org\/iuw-ms\/unveroeffentlichter-leserbrief-an-die-westfaelischen-nachrichten-zum-artikel-soldaten-und-schlachten-im-visier-vom-21-februar-2022\/","title":{"rendered":"Unver\u00f6ffentlichter Leserbrief"},"content":{"rendered":"\n<p><p>zum Artikel <a href=\"https:\/\/www.wn.de\/muenster\/von-admiral-scheer-bis-tannenberg-bericht-nennt-neun-strassennamen-mit-ns-bezug-2519306\">&#8222;Soldaten und Schlachten im Visier&#8220;<\/a> in den Westf\u00e4lischen Nachrichten vom 21. Februar 2022 <\/p><p><!--more--><\/p><\/p>\n\n\n\n<p>Wenn man den Blick bei der historisch-wissenschaftlichen Analyse der Stra\u00dfennamen von 1933 bis 1945 auf das ganze Stadtgebiet von M\u00fcnster erweitert, st\u00f6\u00dft man u.a. auch auf die Stra\u00dfennamen \u201eWoermannweg\u201c und \u201eL\u00fcderitzweg\u201c in MS-Gremmendorf. Beide Stra\u00dfennamen wurden 1939 vergeben. Damit sollte in typischer nationalsozialistischer Erinnerungskultur der Kolonialzeit in Deutsch-S\u00fcdwestafrika (heute Namibia) gedacht werden.<\/p>\n\n\n\n<p>Sowohl Adolph Woermann wie auch Adolf L\u00fcderitz beuteten die damalige Kolonie r\u00fccksichtslos aus und scheuten nicht vor Zwangsarbeit, Ausbeutung und Betrug an der einheimischen Bev\u00f6lkerung zur\u00fcck. Die Gier nach immer gr\u00f6\u00dferem Profit m\u00fcndete dann 1904 im Herero-Aufstand, bei dem sogenannte\u201a deutsche Schutztruppen\u2018 bis zu 80.000 einheimische Herero und 20.000 Nama gnadenlos t\u00f6teten.<\/p>\n\n\n\n<p>Im Mai 2021 (nach Verhandlungen des CDU-Politikers Ruprecht Polenz) erkannte die deutsche Bundesregierung dies als V\u00f6lkermord an. Personen, die mit einem V\u00f6lkermord im Zusammenhang stehen, sollten keine Stra\u00dfennamen gewidmet sein!<\/p>\n\n\n\n<p><\/p>\n","protected":false},"excerpt":{"rendered":"<p>zum Artikel &#8222;Soldaten und Schlachten im Visier&#8220; in den Westf\u00e4lischen Nachrichten vom 21. Februar 2022<\/p>\n","protected":false},"author":2,"featured_media":0,"comment_status":"closed","ping_status":"open","sticky":false,"template":"","format":"standard","meta":[],"categories":[4],"tags":[],"_links":{"self":[{"href":"https:\/\/www.muenster.org\/iuw-ms\/wp-json\/wp\/v2\/posts\/176"}],"collection":[{"href":"https:\/\/www.muenster.org\/iuw-ms\/wp-json\/wp\/v2\/posts"}],"about":[{"href":"https:\/\/www.muenster.org\/iuw-ms\/wp-json\/wp\/v2\/types\/post"}],"author":[{"embeddable":true,"href":"https:\/\/www.muenster.org\/iuw-ms\/wp-json\/wp\/v2\/users\/2"}],"replies":[{"embeddable":true,"href":"https:\/\/www.muenster.org\/iuw-ms\/wp-json\/wp\/v2\/comments?post=176"}],"version-history":[{"count":3,"href":"https:\/\/www.muenster.org\/iuw-ms\/wp-json\/wp\/v2\/posts\/176\/revisions"}],"predecessor-version":[{"id":523,"href":"https:\/\/www.muenster.org\/iuw-ms\/wp-json\/wp\/v2\/posts\/176\/revisions\/523"}],"wp:attachment":[{"href":"https:\/\/www.muenster.org\/iuw-ms\/wp-json\/wp\/v2\/media?parent=176"}],"wp:term":[{"taxonomy":"category","embeddable":true,"href":"https:\/\/www.muenster.org\/iuw-ms\/wp-json\/wp\/v2\/categories?post=176"},{"taxonomy":"post_tag","embeddable":true,"href":"https:\/\/www.muenster.org\/iuw-ms\/wp-json\/wp\/v2\/tags?post=176"}],"curies":[{"name":"wp","href":"https:\/\/api.w.org\/{rel}","templated":true}]}}