{"id":165,"date":"2022-03-01T22:17:37","date_gmt":"2022-03-01T21:17:37","guid":{"rendered":"https:\/\/www.muenster.org\/iuw-ms\/?p=165"},"modified":"2025-09-30T14:43:06","modified_gmt":"2025-09-30T12:43:06","slug":"wer-wir-sind","status":"publish","type":"post","link":"https:\/\/www.muenster.org\/iuw-ms\/wer-wir-sind\/","title":{"rendered":"Wer wir sind"},"content":{"rendered":"\n<p>Wir sind eine nachbarschaftliche Initiative im M\u00fcnsteraner Stadtteil Gremmendorf.<br>Hier gibt es zwei Stra\u00dfen, deren Namen einen Bezug zur deutschen Kolonialzeit haben:<br>den Woermannweg und den L\u00fcderitzweg.<\/p>\n\n\n\n<figure class=\"wp-block-image size-full is-style-default\"><img decoding=\"async\" loading=\"lazy\" width=\"961\" height=\"398\" src=\"https:\/\/www.muenster.org\/iuw-ms\/wp-content\/uploads\/2022\/03\/2022-02-21_OpenStreetMaps_Woermannweg_Luederitzweg-1.png\" alt=\"\" class=\"wp-image-246\" srcset=\"https:\/\/www.muenster.org\/iuw-ms\/wp-content\/uploads\/2022\/03\/2022-02-21_OpenStreetMaps_Woermannweg_Luederitzweg-1.png 961w, https:\/\/www.muenster.org\/iuw-ms\/wp-content\/uploads\/2022\/03\/2022-02-21_OpenStreetMaps_Woermannweg_Luederitzweg-1-300x124.png 300w, https:\/\/www.muenster.org\/iuw-ms\/wp-content\/uploads\/2022\/03\/2022-02-21_OpenStreetMaps_Woermannweg_Luederitzweg-1-768x318.png 768w, https:\/\/www.muenster.org\/iuw-ms\/wp-content\/uploads\/2022\/03\/2022-02-21_OpenStreetMaps_Woermannweg_Luederitzweg-1-500x207.png 500w\" sizes=\"(max-width: 961px) 100vw, 961px\" \/><\/figure>\n\n\n\n<p>Wir laden zu einer kritischen Auseinandersetzung mit diesen Stra\u00dfennamen ein und m\u00f6chten auf dieser Website Informationen zu den Namensgebern sowie zum historischen Hintergrund der Stra\u00dfenbenennung geben.<br>Beide Stra\u00dfennamen sehen wir als historisch schwer belastet an: Adolf L\u00fcderitz und Adolph Woermann waren an Kolonialverbrechen zur Zeit des Deutschen Kaiserreiches beteiligt. Die Stra\u00dfenbenennung erfolgte zudem in der Zeit des Nationalsozialismus und im Sinne der NS-Ideologie. Daher setzen wir uns f\u00fcr eine Umbenennung beider Stra\u00dfen ein.<\/p>\n\n\n\n<p>Zur aktuellen Diskussion um die beiden Stra\u00dfennamen finden Sie hier <strong>in der Debatte h\u00e4ufig genannte <a href=\"https:\/\/www.muenster.org\/iuw-ms\/debatte\/\">Argumente und Gegenargumente<\/a><\/strong>. <\/p>\n","protected":false},"excerpt":{"rendered":"<p>Wir sind eine nachbarschaftliche Initiative im M\u00fcnsteraner Stadtteil Gremmendorf.Hier gibt es zwei Stra\u00dfen, deren Namen einen Bezug zur deutschen Kolonialzeit haben:den Woermannweg und den L\u00fcderitzweg. Wir laden zu einer kritischen Auseinandersetzung mit diesen Stra\u00dfennamen ein und m\u00f6chten auf dieser Website &hellip; <a href=\"https:\/\/www.muenster.org\/iuw-ms\/wer-wir-sind\/\">Weiterlesen <span class=\"meta-nav\">&rarr;<\/span><\/a><\/p>\n","protected":false},"author":2,"featured_media":0,"comment_status":"closed","ping_status":"open","sticky":false,"template":"","format":"standard","meta":[],"categories":[1],"tags":[],"_links":{"self":[{"href":"https:\/\/www.muenster.org\/iuw-ms\/wp-json\/wp\/v2\/posts\/165"}],"collection":[{"href":"https:\/\/www.muenster.org\/iuw-ms\/wp-json\/wp\/v2\/posts"}],"about":[{"href":"https:\/\/www.muenster.org\/iuw-ms\/wp-json\/wp\/v2\/types\/post"}],"author":[{"embeddable":true,"href":"https:\/\/www.muenster.org\/iuw-ms\/wp-json\/wp\/v2\/users\/2"}],"replies":[{"embeddable":true,"href":"https:\/\/www.muenster.org\/iuw-ms\/wp-json\/wp\/v2\/comments?post=165"}],"version-history":[{"count":8,"href":"https:\/\/www.muenster.org\/iuw-ms\/wp-json\/wp\/v2\/posts\/165\/revisions"}],"predecessor-version":[{"id":495,"href":"https:\/\/www.muenster.org\/iuw-ms\/wp-json\/wp\/v2\/posts\/165\/revisions\/495"}],"wp:attachment":[{"href":"https:\/\/www.muenster.org\/iuw-ms\/wp-json\/wp\/v2\/media?parent=165"}],"wp:term":[{"taxonomy":"category","embeddable":true,"href":"https:\/\/www.muenster.org\/iuw-ms\/wp-json\/wp\/v2\/categories?post=165"},{"taxonomy":"post_tag","embeddable":true,"href":"https:\/\/www.muenster.org\/iuw-ms\/wp-json\/wp\/v2\/tags?post=165"}],"curies":[{"name":"wp","href":"https:\/\/api.w.org\/{rel}","templated":true}]}}