{"id":3464,"date":"2026-09-03T15:39:26","date_gmt":"2026-09-03T13:39:26","guid":{"rendered":"https:\/\/www.muenster.org\/gvc-schule\/?p=3464"},"modified":"2026-09-04T22:36:45","modified_gmt":"2026-09-04T20:36:45","slug":"ein-bunter-start-ins-schulleben-herzlich-willkommen-an-der-gvc","status":"publish","type":"post","link":"https:\/\/www.muenster.org\/gvc-schule\/ein-bunter-start-ins-schulleben-herzlich-willkommen-an-der-gvc\/","title":{"rendered":"Ein bunter Start ins Schulleben: Herzlich willkommen an der GvC"},"content":{"rendered":"\n<p class=\"wp-block-paragraph\">Heute feierten unsere neuen Erstkl\u00e4sslerinnen und Erstkl\u00e4ssler einen tollen Start in den -ab jetzt- neuen Schulalltag.<\/p>\n\n\n\n<p class=\"wp-block-paragraph\">Der aufregende Tag begann mit einem stimmungsvollen Gottesdienst, den die vierten Klassen mit viel Herz gestaltet hatten.&nbsp;<\/p>\n\n\n\n<p class=\"wp-block-paragraph\">Ein besonderes Highlight wartete kurz darauf auf die Kinder: Sie schritten stolz durch unsere traditionelle, bunte Buchstabenstra\u00dfe, w\u00e4hrend die Jahrg\u00e4nge zwei bis vier im Spalier standen und den Neulingen begeistert mit bunten T\u00fcchern zuwinkten.<\/p>\n\n\n\n<p class=\"wp-block-paragraph\">Im Anschluss wurde es auf dem Schulhof musikalisch: Der Schulchor hie\u00df die Schulanf\u00e4nger mit fr\u00f6hlichen Liedern willkommen und auch der zweite Jahrgang pr\u00e4sentierte den coolen Zebra Rap!<\/p>\n\n\n\n<p class=\"wp-block-paragraph\">Unser Schulleiter Herr Diening begr\u00fc\u00dfte alle neuen Kinder und deren Familien. \u201eEs ist immer wieder sch\u00f6n, in diese strahlenden Kinderaugen zu schauen. Wir alle freuen uns auf unseren neuen ersten Jahrgang\u201c, sagte er nach der Einschulung.<\/p>\n\n\n\n<p class=\"wp-block-paragraph\">Nach diesem herzlichen Empfang ging es f\u00fcr die Erstkl\u00e4ssler direkt weiter zu ihrer allerersten, spannenden Unterrichtsstunde im Klassenraum.<\/p>\n\n\n\n<p class=\"wp-block-paragraph\">W\u00e4hrend die Kinder ihre neue Lernumgebung erkundeten, war auch f\u00fcr das Wohl der Eltern und G\u00e4ste bestens gesorgt: Der F\u00f6rderverein hatte die Getr\u00e4nkeversorgung organisiert und lud bei erfrischenden Getr\u00e4nken zum gem\u00fctlichen Austausch auf dem Schulhof ein. Das traditionelle Elterncaf\u00e9 des zweiten Jahrgangs durfte nat\u00fcrlich auch nicht fehlen.<\/p>\n\n\n\n<p class=\"wp-block-paragraph\">Ein herzliches Dankesch\u00f6n an alle engagierten Helferinnen und Helfer f\u00fcr diesen unvergesslichen Start!<\/p>\n\n\n\n<p class=\"wp-block-paragraph\"><\/p>\n\n\n\n<p class=\"wp-block-paragraph\"><\/p>\n\n\n\n<figure class=\"wp-block-image size-large\"><img loading=\"lazy\" decoding=\"async\" width=\"1024\" height=\"768\" src=\"https:\/\/www.muenster.org\/gvc-schule\/wp-content\/uploads\/2026\/09\/IMG_0968-1024x768.jpeg\" alt=\"\" class=\"wp-image-3470\" srcset=\"https:\/\/www.muenster.org\/gvc-schule\/wp-content\/uploads\/2026\/09\/IMG_0968-1024x768.jpeg 1024w, https:\/\/www.muenster.org\/gvc-schule\/wp-content\/uploads\/2026\/09\/IMG_0968-300x225.jpeg 300w, https:\/\/www.muenster.org\/gvc-schule\/wp-content\/uploads\/2026\/09\/IMG_0968-768x576.jpeg 768w, https:\/\/www.muenster.org\/gvc-schule\/wp-content\/uploads\/2026\/09\/IMG_0968-1536x1152.jpeg 1536w, https:\/\/www.muenster.org\/gvc-schule\/wp-content\/uploads\/2026\/09\/IMG_0968-2048x1536.jpeg 2048w\" sizes=\"auto, (max-width: 1024px) 100vw, 1024px\" \/><\/figure>\n\n\n\n<figure class=\"wp-block-gallery has-nested-images columns-default is-cropped wp-block-gallery-1 is-layout-flex wp-block-gallery-is-layout-flex\">\n<figure class=\"wp-block-image size-large\"><img loading=\"lazy\" decoding=\"async\" width=\"1024\" height=\"768\" data-id=\"3475\" src=\"https:\/\/www.muenster.org\/gvc-schule\/wp-content\/uploads\/2026\/09\/IMG_1079-1024x768.jpeg\" alt=\"\" class=\"wp-image-3475\" srcset=\"https:\/\/www.muenster.org\/gvc-schule\/wp-content\/uploads\/2026\/09\/IMG_1079-1024x768.jpeg 1024w, https:\/\/www.muenster.org\/gvc-schule\/wp-content\/uploads\/2026\/09\/IMG_1079-300x225.jpeg 300w, https:\/\/www.muenster.org\/gvc-schule\/wp-content\/uploads\/2026\/09\/IMG_1079-768x576.jpeg 768w, https:\/\/www.muenster.org\/gvc-schule\/wp-content\/uploads\/2026\/09\/IMG_1079-1536x1152.jpeg 1536w, https:\/\/www.muenster.org\/gvc-schule\/wp-content\/uploads\/2026\/09\/IMG_1079-2048x1536.jpeg 2048w\" sizes=\"auto, (max-width: 1024px) 100vw, 1024px\" \/><\/figure>\n\n\n\n<figure class=\"wp-block-image size-large\"><img loading=\"lazy\" decoding=\"async\" width=\"1024\" height=\"768\" data-id=\"3474\" src=\"https:\/\/www.muenster.org\/gvc-schule\/wp-content\/uploads\/2026\/09\/IMG_1083-1024x768.jpeg\" alt=\"\" class=\"wp-image-3474\" srcset=\"https:\/\/www.muenster.org\/gvc-schule\/wp-content\/uploads\/2026\/09\/IMG_1083-1024x768.jpeg 1024w, https:\/\/www.muenster.org\/gvc-schule\/wp-content\/uploads\/2026\/09\/IMG_1083-300x225.jpeg 300w, https:\/\/www.muenster.org\/gvc-schule\/wp-content\/uploads\/2026\/09\/IMG_1083-768x576.jpeg 768w, https:\/\/www.muenster.org\/gvc-schule\/wp-content\/uploads\/2026\/09\/IMG_1083-1536x1152.jpeg 1536w, https:\/\/www.muenster.org\/gvc-schule\/wp-content\/uploads\/2026\/09\/IMG_1083-2048x1536.jpeg 2048w\" sizes=\"auto, (max-width: 1024px) 100vw, 1024px\" \/><\/figure>\n\n\n\n<figure class=\"wp-block-image size-large\"><img loading=\"lazy\" decoding=\"async\" width=\"1024\" height=\"768\" data-id=\"3473\" src=\"https:\/\/www.muenster.org\/gvc-schule\/wp-content\/uploads\/2026\/09\/IMG_1084-1024x768.jpeg\" alt=\"\" class=\"wp-image-3473\" srcset=\"https:\/\/www.muenster.org\/gvc-schule\/wp-content\/uploads\/2026\/09\/IMG_1084-1024x768.jpeg 1024w, https:\/\/www.muenster.org\/gvc-schule\/wp-content\/uploads\/2026\/09\/IMG_1084-300x225.jpeg 300w, https:\/\/www.muenster.org\/gvc-schule\/wp-content\/uploads\/2026\/09\/IMG_1084-768x576.jpeg 768w, https:\/\/www.muenster.org\/gvc-schule\/wp-content\/uploads\/2026\/09\/IMG_1084-1536x1152.jpeg 1536w, https:\/\/www.muenster.org\/gvc-schule\/wp-content\/uploads\/2026\/09\/IMG_1084-2048x1536.jpeg 2048w\" sizes=\"auto, (max-width: 1024px) 100vw, 1024px\" \/><\/figure>\n\n\n\n<figure class=\"wp-block-image size-large\"><img loading=\"lazy\" decoding=\"async\" width=\"1024\" height=\"768\" data-id=\"3469\" src=\"https:\/\/www.muenster.org\/gvc-schule\/wp-content\/uploads\/2026\/09\/IMG_1008-1024x768.jpeg\" alt=\"\" class=\"wp-image-3469\" srcset=\"https:\/\/www.muenster.org\/gvc-schule\/wp-content\/uploads\/2026\/09\/IMG_1008-1024x768.jpeg 1024w, https:\/\/www.muenster.org\/gvc-schule\/wp-content\/uploads\/2026\/09\/IMG_1008-300x225.jpeg 300w, https:\/\/www.muenster.org\/gvc-schule\/wp-content\/uploads\/2026\/09\/IMG_1008-768x576.jpeg 768w, https:\/\/www.muenster.org\/gvc-schule\/wp-content\/uploads\/2026\/09\/IMG_1008-1536x1152.jpeg 1536w, https:\/\/www.muenster.org\/gvc-schule\/wp-content\/uploads\/2026\/09\/IMG_1008-2048x1536.jpeg 2048w\" sizes=\"auto, (max-width: 1024px) 100vw, 1024px\" \/><\/figure>\n\n\n\n<figure class=\"wp-block-image size-large\"><img loading=\"lazy\" decoding=\"async\" width=\"1024\" height=\"768\" data-id=\"3465\" src=\"https:\/\/www.muenster.org\/gvc-schule\/wp-content\/uploads\/2026\/09\/IMG_1004-1024x768.jpeg\" alt=\"\" class=\"wp-image-3465\" srcset=\"https:\/\/www.muenster.org\/gvc-schule\/wp-content\/uploads\/2026\/09\/IMG_1004-1024x768.jpeg 1024w, https:\/\/www.muenster.org\/gvc-schule\/wp-content\/uploads\/2026\/09\/IMG_1004-300x225.jpeg 300w, https:\/\/www.muenster.org\/gvc-schule\/wp-content\/uploads\/2026\/09\/IMG_1004-768x576.jpeg 768w, https:\/\/www.muenster.org\/gvc-schule\/wp-content\/uploads\/2026\/09\/IMG_1004-1536x1152.jpeg 1536w, https:\/\/www.muenster.org\/gvc-schule\/wp-content\/uploads\/2026\/09\/IMG_1004-2048x1536.jpeg 2048w\" sizes=\"auto, (max-width: 1024px) 100vw, 1024px\" \/><\/figure>\n<\/figure>\n\n\n\n<figure class=\"wp-block-image size-large\"><img loading=\"lazy\" decoding=\"async\" width=\"1024\" height=\"768\" src=\"https:\/\/www.muenster.org\/gvc-schule\/wp-content\/uploads\/2026\/09\/IMG_4224-1024x768.jpeg\" alt=\"\" class=\"wp-image-3481\" srcset=\"https:\/\/www.muenster.org\/gvc-schule\/wp-content\/uploads\/2026\/09\/IMG_4224-1024x768.jpeg 1024w, https:\/\/www.muenster.org\/gvc-schule\/wp-content\/uploads\/2026\/09\/IMG_4224-300x225.jpeg 300w, https:\/\/www.muenster.org\/gvc-schule\/wp-content\/uploads\/2026\/09\/IMG_4224-768x576.jpeg 768w, https:\/\/www.muenster.org\/gvc-schule\/wp-content\/uploads\/2026\/09\/IMG_4224-1536x1152.jpeg 1536w, https:\/\/www.muenster.org\/gvc-schule\/wp-content\/uploads\/2026\/09\/IMG_4224-2048x1536.jpeg 2048w\" sizes=\"auto, (max-width: 1024px) 100vw, 1024px\" \/><\/figure>\n","protected":false},"excerpt":{"rendered":"<p>Heute feierten unsere neuen Erstkl\u00e4sslerinnen und Erstkl\u00e4ssler einen tollen Start in den -ab jetzt- neuen Schulalltag. Der aufregende Tag begann mit einem stimmungsvollen Gottesdienst, den die vierten Klassen mit viel Herz gestaltet hatten.&nbsp; Ein besonderes Highlight wartete kurz darauf auf die Kinder: Sie schritten stolz durch unsere traditionelle, bunte Buchstabenstra\u00dfe, w\u00e4hrend die Jahrg\u00e4nge zwei bis [&hellip;]<\/p>\n","protected":false},"author":14,"featured_media":3472,"comment_status":"closed","ping_status":"closed","sticky":false,"template":"","format":"standard","meta":{"_uag_custom_page_level_css":"","site-sidebar-layout":"default","site-content-layout":"","ast-site-content-layout":"default","site-content-style":"default","site-sidebar-style":"default","ast-global-header-display":"","ast-banner-title-visibility":"","ast-main-header-display":"","ast-hfb-above-header-display":"","ast-hfb-below-header-display":"","ast-hfb-mobile-header-display":"","site-post-title":"disabled","ast-breadcrumbs-content":"","ast-featured-img":"","footer-sml-layout":"","theme-transparent-header-meta":"","adv-header-id-meta":"","stick-header-meta":"","header-above-stick-meta":"","header-main-stick-meta":"","header-below-stick-meta":"","astra-migrate-meta-layouts":"set","ast-page-background-enabled":"default","ast-page-background-meta":{"desktop":{"background-color":"","background-image":"","background-repeat":"repeat","background-position":"center center","background-size":"auto","background-attachment":"scroll","background-type":"","background-media":"","overlay-type":"","overlay-color":"","overlay-opacity":"","overlay-gradient":""},"tablet":{"background-color":"","background-image":"","background-repeat":"repeat","background-position":"center center","background-size":"auto","background-attachment":"scroll","background-type":"","background-media":"","overlay-type":"","overlay-color":"","overlay-opacity":"","overlay-gradient":""},"mobile":{"background-color":"","background-image":"","background-repeat":"repeat","background-position":"center center","background-size":"auto","background-attachment":"scroll","background-type":"","background-media":"","overlay-type":"","overlay-color":"","overlay-opacity":"","overlay-gradient":""}},"ast-content-background-meta":{"desktop":{"background-color":"var(--ast-global-color-5)","background-image":"","background-repeat":"repeat","background-position":"center center","background-size":"auto","background-attachment":"scroll","background-type":"","background-media":"","overlay-type":"","overlay-color":"","overlay-opacity":"","overlay-gradient":""},"tablet":{"background-color":"var(--ast-global-color-5)","background-image":"","background-repeat":"repeat","background-position":"center center","background-size":"auto","background-attachment":"scroll","background-type":"","background-media":"","overlay-type":"","overlay-color":"","overlay-opacity":"","overlay-gradient":""},"mobile":{"background-color":"var(--ast-global-color-5)","background-image":"","background-repeat":"repeat","background-position":"center center","background-size":"auto","background-attachment":"scroll","background-type":"","background-media":"","overlay-type":"","overlay-color":"","overlay-opacity":"","overlay-gradient":""}},"footnotes":""},"categories":[21,1,16],"tags":[],"class_list":["post-3464","post","type-post","status-publish","format-standard","has-post-thumbnail","hentry","category-aktuelles","category-allgemein","category-startseite"],"uagb_featured_image_src":{"full":["https:\/\/www.muenster.org\/gvc-schule\/wp-content\/uploads\/2026\/09\/IMG_0969-scaled.jpeg",2560,1920,false],"thumbnail":["https:\/\/www.muenster.org\/gvc-schule\/wp-content\/uploads\/2026\/09\/IMG_0969-150x150.jpeg",150,150,true],"medium":["https:\/\/www.muenster.org\/gvc-schule\/wp-content\/uploads\/2026\/09\/IMG_0969-300x225.jpeg",300,225,true],"medium_large":["https:\/\/www.muenster.org\/gvc-schule\/wp-content\/uploads\/2026\/09\/IMG_0969-768x576.jpeg",768,576,true],"large":["https:\/\/www.muenster.org\/gvc-schule\/wp-content\/uploads\/2026\/09\/IMG_0969-1024x768.jpeg",1024,768,true],"wpsm_team_pro_small":["https:\/\/www.muenster.org\/gvc-schule\/wp-content\/uploads\/2026\/09\/IMG_0969-100x100.jpeg",100,100,true],"wpsm_team_pro_small3":["https:\/\/www.muenster.org\/gvc-schule\/wp-content\/uploads\/2026\/09\/IMG_0969-250x250.jpeg",250,250,true],"wpsm_team_pro_small4":["https:\/\/www.muenster.org\/gvc-schule\/wp-content\/uploads\/2026\/09\/IMG_0969-320x320.jpeg",320,320,true],"wpsm_team_pro_small5":["https:\/\/www.muenster.org\/gvc-schule\/wp-content\/uploads\/2026\/09\/IMG_0969-300x400.jpeg",300,400,true],"wpsm_team_pro_small6":["https:\/\/www.muenster.org\/gvc-schule\/wp-content\/uploads\/2026\/09\/IMG_0969-600x400.jpeg",600,400,true],"1536x1536":["https:\/\/www.muenster.org\/gvc-schule\/wp-content\/uploads\/2026\/09\/IMG_0969-1536x1152.jpeg",1536,1152,true],"2048x2048":["https:\/\/www.muenster.org\/gvc-schule\/wp-content\/uploads\/2026\/09\/IMG_0969-2048x1536.jpeg",2048,1536,true]},"uagb_author_info":{"display_name":"Sven Lewandowski","author_link":"https:\/\/www.muenster.org\/gvc-schule\/author\/sven-lewandowski\/"},"uagb_comment_info":0,"uagb_excerpt":"Heute feierten unsere neuen Erstkl\u00e4sslerinnen und Erstkl\u00e4ssler einen tollen Start in den -ab jetzt- neuen Schulalltag. Der aufregende Tag begann mit einem stimmungsvollen Gottesdienst, den die vierten Klassen mit viel Herz gestaltet hatten.&nbsp; Ein besonderes Highlight wartete kurz darauf auf die Kinder: Sie schritten stolz durch unsere traditionelle, bunte Buchstabenstra\u00dfe, w\u00e4hrend die Jahrg\u00e4nge zwei bis&hellip;","_links":{"self":[{"href":"https:\/\/www.muenster.org\/gvc-schule\/wp-json\/wp\/v2\/posts\/3464","targetHints":{"allow":["GET"]}}],"collection":[{"href":"https:\/\/www.muenster.org\/gvc-schule\/wp-json\/wp\/v2\/posts"}],"about":[{"href":"https:\/\/www.muenster.org\/gvc-schule\/wp-json\/wp\/v2\/types\/post"}],"author":[{"embeddable":true,"href":"https:\/\/www.muenster.org\/gvc-schule\/wp-json\/wp\/v2\/users\/14"}],"replies":[{"embeddable":true,"href":"https:\/\/www.muenster.org\/gvc-schule\/wp-json\/wp\/v2\/comments?post=3464"}],"version-history":[{"count":5,"href":"https:\/\/www.muenster.org\/gvc-schule\/wp-json\/wp\/v2\/posts\/3464\/revisions"}],"predecessor-version":[{"id":3483,"href":"https:\/\/www.muenster.org\/gvc-schule\/wp-json\/wp\/v2\/posts\/3464\/revisions\/3483"}],"wp:featuredmedia":[{"embeddable":true,"href":"https:\/\/www.muenster.org\/gvc-schule\/wp-json\/wp\/v2\/media\/3472"}],"wp:attachment":[{"href":"https:\/\/www.muenster.org\/gvc-schule\/wp-json\/wp\/v2\/media?parent=3464"}],"wp:term":[{"taxonomy":"category","embeddable":true,"href":"https:\/\/www.muenster.org\/gvc-schule\/wp-json\/wp\/v2\/categories?post=3464"},{"taxonomy":"post_tag","embeddable":true,"href":"https:\/\/www.muenster.org\/gvc-schule\/wp-json\/wp\/v2\/tags?post=3464"}],"curies":[{"name":"wp","href":"https:\/\/api.w.org\/{rel}","templated":true}]}}