{"id":3352,"date":"2026-04-23T21:17:36","date_gmt":"2026-04-23T19:17:36","guid":{"rendered":"https:\/\/www.muenster.org\/gvc-schule\/?p=3352"},"modified":"2026-04-23T23:12:11","modified_gmt":"2026-04-23T21:12:11","slug":"%f0%9f%8f%83%f0%9f%8f%83%e2%99%80%ef%b8%8f%f0%9f%8f%83%e2%99%82%ef%b8%8fsponsorenlauf-an-der-gvc%f0%9f%8f%83%e2%99%80%ef%b8%8f%f0%9f%8f%83%e2%99%82%ef%b8%8f","status":"publish","type":"post","link":"https:\/\/www.muenster.org\/gvc-schule\/%f0%9f%8f%83%f0%9f%8f%83%e2%99%80%ef%b8%8f%f0%9f%8f%83%e2%99%82%ef%b8%8fsponsorenlauf-an-der-gvc%f0%9f%8f%83%e2%99%80%ef%b8%8f%f0%9f%8f%83%e2%99%82%ef%b8%8f\/","title":{"rendered":"\ud83c\udfc3\ud83c\udfc3\u200d\u2640\ufe0f\ud83c\udfc3\u200d\u2642\ufe0fSponsorenlauf an der GvC\ud83c\udfc3\u200d\u2640\ufe0f\ud83c\udfc3\u200d\u2642\ufe0f\ud83c\udfc3"},"content":{"rendered":"\n<p>Am vergangenen Freitag fand an unserer Schule ein fr\u00f6hlicher und bewegungsreicher Sponsorenlauf statt. Bei bestem Wetter gingen alle Klassen hochmotiviert an den Start und liefen einen abwechslungsreichen Parcours, der \u00fcber den Schulhof und den angrenzenden Spielplatz f\u00fchrte.<\/p>\n\n\n\n<p>Bereits im Vorfeld hatten sich die Kinder mit gro\u00dfem Engagement auf den Lauf vorbereitet und flei\u00dfig Sponsoren gesucht. Eltern, Verwandte und Freunde unterst\u00fctzten die jungen L\u00e4uferinnen und L\u00e4ufer mit ihren zahlreichen Spenden.<\/p>\n\n\n\n<p>Die Spenden sind f\u00fcr vier verschiedene Projekte gedacht:<\/p>\n\n\n\n<ul class=\"wp-block-list\">\n<li><strong>Umgestaltung unserer Schultoiletten<\/strong>, damit sich die Kinder dort wohler f\u00fchlen<\/li>\n\n\n\n<li><strong>Unterst\u00fctzung eines Musikprojekts<\/strong> f\u00fcr unsere Sch\u00fclerinnen und Sch\u00fcler<\/li>\n\n\n\n<li><strong>Unterst\u00fctzung unseres F\u00f6rdervereins<\/strong><\/li>\n\n\n\n<li><strong>Unterst\u00fctzung des Pelikanhauses am Clemenshospital <\/strong>(Unterkunft f\u00fcr Familien kranker Kinder)<\/li>\n<\/ul>\n\n\n\n<p>W\u00e4hrend des Laufs zeigten die Kinder gro\u00dfen Einsatz, Ausdauer und vor allem viel Freude an der Bewegung. Die gute Stimmung war \u00fcberall sp\u00fcrbar \u2013 angefeuert von Eltern, Verwandten und Lehrkr\u00e4ften wuchsen viele \u00fcber sich hinaus.<\/p>\n\n\n\n<p>Der Tag war f\u00fcr die gesamte GvC-Gemeinschaft ein besonderes Erlebnis! <\/p>\n\n\n\n<p>Wir sind sehr stolz auf unsere Sch\u00fclerinnen und Sch\u00fcler und bedanken uns jetzt schon herzlich bei allen Sponsoren f\u00fcr ihre Unterst\u00fctzung!<\/p>\n\n\n\n<p>Aktuell wird die Spendensumme noch eingesamelt und ausgez\u00e4hlt&#8230;. Wir sind gespannt, wieviel Geld wir zusammenbekommen!<\/p>\n\n\n\n<figure class=\"wp-block-image size-large is-resized\"><img loading=\"lazy\" decoding=\"async\" width=\"1024\" height=\"768\" src=\"https:\/\/www.muenster.org\/gvc-schule\/wp-content\/uploads\/2026\/04\/IMG_0729-1024x768.jpeg\" alt=\"\" class=\"wp-image-3355\" style=\"width:auto;height:0px\" srcset=\"https:\/\/www.muenster.org\/gvc-schule\/wp-content\/uploads\/2026\/04\/IMG_0729-1024x768.jpeg 1024w, https:\/\/www.muenster.org\/gvc-schule\/wp-content\/uploads\/2026\/04\/IMG_0729-300x225.jpeg 300w, https:\/\/www.muenster.org\/gvc-schule\/wp-content\/uploads\/2026\/04\/IMG_0729-768x576.jpeg 768w, https:\/\/www.muenster.org\/gvc-schule\/wp-content\/uploads\/2026\/04\/IMG_0729-1536x1152.jpeg 1536w, https:\/\/www.muenster.org\/gvc-schule\/wp-content\/uploads\/2026\/04\/IMG_0729-2048x1536.jpeg 2048w\" sizes=\"auto, (max-width: 1024px) 100vw, 1024px\" \/><\/figure>\n\n\n\n<figure class=\"wp-block-image size-large\"><img loading=\"lazy\" decoding=\"async\" width=\"768\" height=\"1024\" src=\"https:\/\/www.muenster.org\/gvc-schule\/wp-content\/uploads\/2026\/04\/IMG_0728-768x1024.jpeg\" alt=\"\" class=\"wp-image-3356\" srcset=\"https:\/\/www.muenster.org\/gvc-schule\/wp-content\/uploads\/2026\/04\/IMG_0728-768x1024.jpeg 768w, https:\/\/www.muenster.org\/gvc-schule\/wp-content\/uploads\/2026\/04\/IMG_0728-225x300.jpeg 225w, https:\/\/www.muenster.org\/gvc-schule\/wp-content\/uploads\/2026\/04\/IMG_0728-300x400.jpeg 300w, https:\/\/www.muenster.org\/gvc-schule\/wp-content\/uploads\/2026\/04\/IMG_0728-1152x1536.jpeg 1152w, https:\/\/www.muenster.org\/gvc-schule\/wp-content\/uploads\/2026\/04\/IMG_0728-1536x2048.jpeg 1536w, https:\/\/www.muenster.org\/gvc-schule\/wp-content\/uploads\/2026\/04\/IMG_0728-scaled.jpeg 1920w\" sizes=\"auto, (max-width: 768px) 100vw, 768px\" \/><\/figure>\n\n\n\n<figure class=\"wp-block-image size-large\"><img loading=\"lazy\" decoding=\"async\" width=\"1024\" height=\"768\" src=\"https:\/\/www.muenster.org\/gvc-schule\/wp-content\/uploads\/2026\/04\/IMG_0727-1024x768.jpeg\" alt=\"\" class=\"wp-image-3357\" srcset=\"https:\/\/www.muenster.org\/gvc-schule\/wp-content\/uploads\/2026\/04\/IMG_0727-1024x768.jpeg 1024w, https:\/\/www.muenster.org\/gvc-schule\/wp-content\/uploads\/2026\/04\/IMG_0727-300x225.jpeg 300w, https:\/\/www.muenster.org\/gvc-schule\/wp-content\/uploads\/2026\/04\/IMG_0727-768x576.jpeg 768w, https:\/\/www.muenster.org\/gvc-schule\/wp-content\/uploads\/2026\/04\/IMG_0727-1536x1152.jpeg 1536w, https:\/\/www.muenster.org\/gvc-schule\/wp-content\/uploads\/2026\/04\/IMG_0727-2048x1536.jpeg 2048w\" sizes=\"auto, (max-width: 1024px) 100vw, 1024px\" \/><\/figure>\n\n\n\n<figure class=\"wp-block-gallery has-nested-images columns-default is-cropped wp-block-gallery-1 is-layout-flex wp-block-gallery-is-layout-flex\">\n<figure class=\"wp-block-image size-large\"><img loading=\"lazy\" decoding=\"async\" width=\"1024\" height=\"768\" data-id=\"3362\" src=\"https:\/\/www.muenster.org\/gvc-schule\/wp-content\/uploads\/2026\/04\/IMG_3298-1024x768.jpeg\" alt=\"\" class=\"wp-image-3362\" srcset=\"https:\/\/www.muenster.org\/gvc-schule\/wp-content\/uploads\/2026\/04\/IMG_3298-1024x768.jpeg 1024w, https:\/\/www.muenster.org\/gvc-schule\/wp-content\/uploads\/2026\/04\/IMG_3298-300x225.jpeg 300w, https:\/\/www.muenster.org\/gvc-schule\/wp-content\/uploads\/2026\/04\/IMG_3298-768x576.jpeg 768w, https:\/\/www.muenster.org\/gvc-schule\/wp-content\/uploads\/2026\/04\/IMG_3298-1536x1152.jpeg 1536w, https:\/\/www.muenster.org\/gvc-schule\/wp-content\/uploads\/2026\/04\/IMG_3298-2048x1536.jpeg 2048w\" sizes=\"auto, (max-width: 1024px) 100vw, 1024px\" \/><\/figure>\n<\/figure>\n\n\n\n<figure class=\"wp-block-gallery has-nested-images columns-default is-cropped wp-block-gallery-2 is-layout-flex wp-block-gallery-is-layout-flex\">\n<figure class=\"wp-block-image size-large\"><img loading=\"lazy\" decoding=\"async\" width=\"1024\" height=\"768\" data-id=\"3363\" src=\"https:\/\/www.muenster.org\/gvc-schule\/wp-content\/uploads\/2026\/04\/IMG_3391-1024x768.jpeg\" alt=\"\" class=\"wp-image-3363\" srcset=\"https:\/\/www.muenster.org\/gvc-schule\/wp-content\/uploads\/2026\/04\/IMG_3391-1024x768.jpeg 1024w, https:\/\/www.muenster.org\/gvc-schule\/wp-content\/uploads\/2026\/04\/IMG_3391-300x225.jpeg 300w, https:\/\/www.muenster.org\/gvc-schule\/wp-content\/uploads\/2026\/04\/IMG_3391-768x576.jpeg 768w, https:\/\/www.muenster.org\/gvc-schule\/wp-content\/uploads\/2026\/04\/IMG_3391-1536x1152.jpeg 1536w, https:\/\/www.muenster.org\/gvc-schule\/wp-content\/uploads\/2026\/04\/IMG_3391-2048x1536.jpeg 2048w\" sizes=\"auto, (max-width: 1024px) 100vw, 1024px\" \/><\/figure>\n<\/figure>\n\n\n\n<figure class=\"wp-block-gallery has-nested-images columns-default is-cropped wp-block-gallery-3 is-layout-flex wp-block-gallery-is-layout-flex\">\n<figure class=\"wp-block-image size-large\"><img loading=\"lazy\" decoding=\"async\" width=\"1024\" height=\"657\" data-id=\"3365\" src=\"https:\/\/www.muenster.org\/gvc-schule\/wp-content\/uploads\/2026\/04\/IMG_3369-1024x657.jpeg\" alt=\"\" class=\"wp-image-3365\" srcset=\"https:\/\/www.muenster.org\/gvc-schule\/wp-content\/uploads\/2026\/04\/IMG_3369-1024x657.jpeg 1024w, https:\/\/www.muenster.org\/gvc-schule\/wp-content\/uploads\/2026\/04\/IMG_3369-300x193.jpeg 300w, https:\/\/www.muenster.org\/gvc-schule\/wp-content\/uploads\/2026\/04\/IMG_3369-768x493.jpeg 768w, https:\/\/www.muenster.org\/gvc-schule\/wp-content\/uploads\/2026\/04\/IMG_3369-1536x986.jpeg 1536w, https:\/\/www.muenster.org\/gvc-schule\/wp-content\/uploads\/2026\/04\/IMG_3369.jpeg 2000w\" sizes=\"auto, (max-width: 1024px) 100vw, 1024px\" \/><\/figure>\n<\/figure>\n\n\n\n<figure class=\"wp-block-gallery has-nested-images columns-default is-cropped wp-block-gallery-4 is-layout-flex wp-block-gallery-is-layout-flex\">\n<figure class=\"wp-block-image size-large\"><img loading=\"lazy\" decoding=\"async\" width=\"1024\" height=\"768\" data-id=\"3366\" src=\"https:\/\/www.muenster.org\/gvc-schule\/wp-content\/uploads\/2026\/04\/IMG_3340-1024x768.jpeg\" alt=\"\" class=\"wp-image-3366\" srcset=\"https:\/\/www.muenster.org\/gvc-schule\/wp-content\/uploads\/2026\/04\/IMG_3340-1024x768.jpeg 1024w, https:\/\/www.muenster.org\/gvc-schule\/wp-content\/uploads\/2026\/04\/IMG_3340-300x225.jpeg 300w, https:\/\/www.muenster.org\/gvc-schule\/wp-content\/uploads\/2026\/04\/IMG_3340-768x576.jpeg 768w, https:\/\/www.muenster.org\/gvc-schule\/wp-content\/uploads\/2026\/04\/IMG_3340-1536x1152.jpeg 1536w, https:\/\/www.muenster.org\/gvc-schule\/wp-content\/uploads\/2026\/04\/IMG_3340-2048x1536.jpeg 2048w\" sizes=\"auto, (max-width: 1024px) 100vw, 1024px\" \/><\/figure>\n<\/figure>\n\n\n\n<figure class=\"wp-block-image size-large\"><img loading=\"lazy\" decoding=\"async\" width=\"659\" height=\"1024\" src=\"https:\/\/www.muenster.org\/gvc-schule\/wp-content\/uploads\/2026\/04\/20260417_1105121-659x1024.jpg\" alt=\"\" class=\"wp-image-3369\" srcset=\"https:\/\/www.muenster.org\/gvc-schule\/wp-content\/uploads\/2026\/04\/20260417_1105121-659x1024.jpg 659w, https:\/\/www.muenster.org\/gvc-schule\/wp-content\/uploads\/2026\/04\/20260417_1105121-193x300.jpg 193w, https:\/\/www.muenster.org\/gvc-schule\/wp-content\/uploads\/2026\/04\/20260417_1105121-768x1194.jpg 768w, https:\/\/www.muenster.org\/gvc-schule\/wp-content\/uploads\/2026\/04\/20260417_1105121-988x1536.jpg 988w, https:\/\/www.muenster.org\/gvc-schule\/wp-content\/uploads\/2026\/04\/20260417_1105121-1317x2048.jpg 1317w, https:\/\/www.muenster.org\/gvc-schule\/wp-content\/uploads\/2026\/04\/20260417_1105121.jpg 1529w\" sizes=\"auto, (max-width: 659px) 100vw, 659px\" \/><\/figure>\n\n\n\n<figure class=\"wp-block-image size-large\"><img loading=\"lazy\" decoding=\"async\" width=\"768\" height=\"1024\" src=\"https:\/\/www.muenster.org\/gvc-schule\/wp-content\/uploads\/2026\/04\/20260417_110822-768x1024.jpg\" alt=\"\" class=\"wp-image-3370\" srcset=\"https:\/\/www.muenster.org\/gvc-schule\/wp-content\/uploads\/2026\/04\/20260417_110822-768x1024.jpg 768w, https:\/\/www.muenster.org\/gvc-schule\/wp-content\/uploads\/2026\/04\/20260417_110822-225x300.jpg 225w, https:\/\/www.muenster.org\/gvc-schule\/wp-content\/uploads\/2026\/04\/20260417_110822-300x400.jpg 300w, https:\/\/www.muenster.org\/gvc-schule\/wp-content\/uploads\/2026\/04\/20260417_110822-1152x1536.jpg 1152w, https:\/\/www.muenster.org\/gvc-schule\/wp-content\/uploads\/2026\/04\/20260417_110822-1536x2048.jpg 1536w, https:\/\/www.muenster.org\/gvc-schule\/wp-content\/uploads\/2026\/04\/20260417_110822-scaled.jpg 1920w\" sizes=\"auto, (max-width: 768px) 100vw, 768px\" \/><\/figure>\n\n\n\n<figure class=\"wp-block-image size-large\"><img loading=\"lazy\" decoding=\"async\" width=\"768\" height=\"1024\" src=\"https:\/\/www.muenster.org\/gvc-schule\/wp-content\/uploads\/2026\/04\/20260417_110624-768x1024.jpg\" alt=\"\" class=\"wp-image-3371\" srcset=\"https:\/\/www.muenster.org\/gvc-schule\/wp-content\/uploads\/2026\/04\/20260417_110624-768x1024.jpg 768w, https:\/\/www.muenster.org\/gvc-schule\/wp-content\/uploads\/2026\/04\/20260417_110624-225x300.jpg 225w, https:\/\/www.muenster.org\/gvc-schule\/wp-content\/uploads\/2026\/04\/20260417_110624-300x400.jpg 300w, https:\/\/www.muenster.org\/gvc-schule\/wp-content\/uploads\/2026\/04\/20260417_110624-1152x1536.jpg 1152w, https:\/\/www.muenster.org\/gvc-schule\/wp-content\/uploads\/2026\/04\/20260417_110624-1536x2048.jpg 1536w, https:\/\/www.muenster.org\/gvc-schule\/wp-content\/uploads\/2026\/04\/20260417_110624-scaled.jpg 1920w\" sizes=\"auto, (max-width: 768px) 100vw, 768px\" \/><\/figure>\n","protected":false},"excerpt":{"rendered":"<p>Am vergangenen Freitag fand an unserer Schule ein fr\u00f6hlicher und bewegungsreicher Sponsorenlauf statt. Bei bestem Wetter gingen alle Klassen hochmotiviert an den Start und liefen einen abwechslungsreichen Parcours, der \u00fcber den Schulhof und den angrenzenden Spielplatz f\u00fchrte. Bereits im Vorfeld hatten sich die Kinder mit gro\u00dfem Engagement auf den Lauf vorbereitet und flei\u00dfig Sponsoren gesucht. [&hellip;]<\/p>\n","protected":false},"author":14,"featured_media":3355,"comment_status":"closed","ping_status":"closed","sticky":false,"template":"","format":"standard","meta":{"_uag_custom_page_level_css":"","site-sidebar-layout":"default","site-content-layout":"","ast-site-content-layout":"default","site-content-style":"default","site-sidebar-style":"default","ast-global-header-display":"","ast-banner-title-visibility":"","ast-main-header-display":"","ast-hfb-above-header-display":"","ast-hfb-below-header-display":"","ast-hfb-mobile-header-display":"","site-post-title":"","ast-breadcrumbs-content":"","ast-featured-img":"disabled","footer-sml-layout":"","theme-transparent-header-meta":"","adv-header-id-meta":"","stick-header-meta":"","header-above-stick-meta":"","header-main-stick-meta":"","header-below-stick-meta":"","astra-migrate-meta-layouts":"set","ast-page-background-enabled":"default","ast-page-background-meta":{"desktop":{"background-color":"","background-image":"","background-repeat":"repeat","background-position":"center center","background-size":"auto","background-attachment":"scroll","background-type":"","background-media":"","overlay-type":"","overlay-color":"","overlay-opacity":"","overlay-gradient":""},"tablet":{"background-color":"","background-image":"","background-repeat":"repeat","background-position":"center center","background-size":"auto","background-attachment":"scroll","background-type":"","background-media":"","overlay-type":"","overlay-color":"","overlay-opacity":"","overlay-gradient":""},"mobile":{"background-color":"","background-image":"","background-repeat":"repeat","background-position":"center center","background-size":"auto","background-attachment":"scroll","background-type":"","background-media":"","overlay-type":"","overlay-color":"","overlay-opacity":"","overlay-gradient":""}},"ast-content-background-meta":{"desktop":{"background-color":"var(--ast-global-color-5)","background-image":"","background-repeat":"repeat","background-position":"center center","background-size":"auto","background-attachment":"scroll","background-type":"","background-media":"","overlay-type":"","overlay-color":"","overlay-opacity":"","overlay-gradient":""},"tablet":{"background-color":"var(--ast-global-color-5)","background-image":"","background-repeat":"repeat","background-position":"center center","background-size":"auto","background-attachment":"scroll","background-type":"","background-media":"","overlay-type":"","overlay-color":"","overlay-opacity":"","overlay-gradient":""},"mobile":{"background-color":"var(--ast-global-color-5)","background-image":"","background-repeat":"repeat","background-position":"center center","background-size":"auto","background-attachment":"scroll","background-type":"","background-media":"","overlay-type":"","overlay-color":"","overlay-opacity":"","overlay-gradient":""}},"footnotes":""},"categories":[21,1,32,34],"tags":[],"class_list":["post-3352","post","type-post","status-publish","format-standard","has-post-thumbnail","hentry","category-aktuelles","category-allgemein","category-foerderverein","category-projekte-und-aktionen"],"uagb_featured_image_src":{"full":["https:\/\/www.muenster.org\/gvc-schule\/wp-content\/uploads\/2026\/04\/IMG_0729-scaled.jpeg",2560,1920,false],"thumbnail":["https:\/\/www.muenster.org\/gvc-schule\/wp-content\/uploads\/2026\/04\/IMG_0729-150x150.jpeg",150,150,true],"medium":["https:\/\/www.muenster.org\/gvc-schule\/wp-content\/uploads\/2026\/04\/IMG_0729-300x225.jpeg",300,225,true],"medium_large":["https:\/\/www.muenster.org\/gvc-schule\/wp-content\/uploads\/2026\/04\/IMG_0729-768x576.jpeg",768,576,true],"large":["https:\/\/www.muenster.org\/gvc-schule\/wp-content\/uploads\/2026\/04\/IMG_0729-1024x768.jpeg",1024,768,true],"wpsm_team_pro_small":["https:\/\/www.muenster.org\/gvc-schule\/wp-content\/uploads\/2026\/04\/IMG_0729-100x100.jpeg",100,100,true],"wpsm_team_pro_small3":["https:\/\/www.muenster.org\/gvc-schule\/wp-content\/uploads\/2026\/04\/IMG_0729-250x250.jpeg",250,250,true],"wpsm_team_pro_small4":["https:\/\/www.muenster.org\/gvc-schule\/wp-content\/uploads\/2026\/04\/IMG_0729-320x320.jpeg",320,320,true],"wpsm_team_pro_small5":["https:\/\/www.muenster.org\/gvc-schule\/wp-content\/uploads\/2026\/04\/IMG_0729-300x400.jpeg",300,400,true],"wpsm_team_pro_small6":["https:\/\/www.muenster.org\/gvc-schule\/wp-content\/uploads\/2026\/04\/IMG_0729-600x400.jpeg",600,400,true],"1536x1536":["https:\/\/www.muenster.org\/gvc-schule\/wp-content\/uploads\/2026\/04\/IMG_0729-1536x1152.jpeg",1536,1152,true],"2048x2048":["https:\/\/www.muenster.org\/gvc-schule\/wp-content\/uploads\/2026\/04\/IMG_0729-2048x1536.jpeg",2048,1536,true]},"uagb_author_info":{"display_name":"Sven Lewandowski","author_link":"https:\/\/www.muenster.org\/gvc-schule\/author\/sven-lewandowski\/"},"uagb_comment_info":0,"uagb_excerpt":"Am vergangenen Freitag fand an unserer Schule ein fr\u00f6hlicher und bewegungsreicher Sponsorenlauf statt. Bei bestem Wetter gingen alle Klassen hochmotiviert an den Start und liefen einen abwechslungsreichen Parcours, der \u00fcber den Schulhof und den angrenzenden Spielplatz f\u00fchrte. Bereits im Vorfeld hatten sich die Kinder mit gro\u00dfem Engagement auf den Lauf vorbereitet und flei\u00dfig Sponsoren gesucht.&hellip;","_links":{"self":[{"href":"https:\/\/www.muenster.org\/gvc-schule\/wp-json\/wp\/v2\/posts\/3352","targetHints":{"allow":["GET"]}}],"collection":[{"href":"https:\/\/www.muenster.org\/gvc-schule\/wp-json\/wp\/v2\/posts"}],"about":[{"href":"https:\/\/www.muenster.org\/gvc-schule\/wp-json\/wp\/v2\/types\/post"}],"author":[{"embeddable":true,"href":"https:\/\/www.muenster.org\/gvc-schule\/wp-json\/wp\/v2\/users\/14"}],"replies":[{"embeddable":true,"href":"https:\/\/www.muenster.org\/gvc-schule\/wp-json\/wp\/v2\/comments?post=3352"}],"version-history":[{"count":9,"href":"https:\/\/www.muenster.org\/gvc-schule\/wp-json\/wp\/v2\/posts\/3352\/revisions"}],"predecessor-version":[{"id":3373,"href":"https:\/\/www.muenster.org\/gvc-schule\/wp-json\/wp\/v2\/posts\/3352\/revisions\/3373"}],"wp:featuredmedia":[{"embeddable":true,"href":"https:\/\/www.muenster.org\/gvc-schule\/wp-json\/wp\/v2\/media\/3355"}],"wp:attachment":[{"href":"https:\/\/www.muenster.org\/gvc-schule\/wp-json\/wp\/v2\/media?parent=3352"}],"wp:term":[{"taxonomy":"category","embeddable":true,"href":"https:\/\/www.muenster.org\/gvc-schule\/wp-json\/wp\/v2\/categories?post=3352"},{"taxonomy":"post_tag","embeddable":true,"href":"https:\/\/www.muenster.org\/gvc-schule\/wp-json\/wp\/v2\/tags?post=3352"}],"curies":[{"name":"wp","href":"https:\/\/api.w.org\/{rel}","templated":true}]}}