{"id":2973,"date":"2024-11-25T10:29:01","date_gmt":"2024-11-25T09:29:01","guid":{"rendered":"https:\/\/www.muenster.org\/gvc-schule\/?p=2973"},"modified":"2024-11-25T10:29:01","modified_gmt":"2024-11-25T09:29:01","slug":"bundesweiter-vorlesetag-2024","status":"publish","type":"post","link":"https:\/\/www.muenster.org\/gvc-schule\/bundesweiter-vorlesetag-2024\/","title":{"rendered":"Bundesweiter Vorlesetag 2024"},"content":{"rendered":"\n<p>Auch in diesem Jahr nahm unsere Schule am BUNDESWEITEN VORLESETAG teil. Dank des Engagements des Kollegiums und vieler Leseeltern und -gro\u00dfeltern konnten die Kinder vorab wieder aus einem breiten Vorleseangebot w\u00e4hlen. Am Vorlesetag wurde dann in gro\u00dfen oder auch ganz kleinen Gruppen in s\u00e4mtlichen R\u00e4umen der Schule zun\u00e4chst den Geschichten gelauscht und im Anschluss in den Klassen dazu erz\u00e4hlt und geschrieben. Viele der Geschichten und B\u00fccher k\u00f6nnen die Kinder auch in unserer Schulb\u00fccherei ausleihen und weiterlesen. Ein herzliches Dankesch\u00f6n nochmals an alle Vorleserinnen und Vorleser, die sich Zeit genommen haben und zu uns in die Schule gekommen sind! Die Kinder haben es genossen!<\/p>\n\n\n\n<figure class=\"wp-block-gallery has-nested-images columns-default is-cropped wp-block-gallery-1 is-layout-flex wp-block-gallery-is-layout-flex\">\n<figure class=\"wp-block-image size-large\"><img loading=\"lazy\" decoding=\"async\" width=\"1024\" height=\"768\" data-id=\"2976\" src=\"https:\/\/www.muenster.org\/gvc-schule\/wp-content\/uploads\/2024\/11\/IMG_1831L242-1024x768.jpeg\" alt=\"\" class=\"wp-image-2976\" srcset=\"https:\/\/www.muenster.org\/gvc-schule\/wp-content\/uploads\/2024\/11\/IMG_1831L242-1024x768.jpeg 1024w, https:\/\/www.muenster.org\/gvc-schule\/wp-content\/uploads\/2024\/11\/IMG_1831L242-300x225.jpeg 300w, https:\/\/www.muenster.org\/gvc-schule\/wp-content\/uploads\/2024\/11\/IMG_1831L242-768x576.jpeg 768w, https:\/\/www.muenster.org\/gvc-schule\/wp-content\/uploads\/2024\/11\/IMG_1831L242-1536x1152.jpeg 1536w, https:\/\/www.muenster.org\/gvc-schule\/wp-content\/uploads\/2024\/11\/IMG_1831L242-2048x1536.jpeg 2048w\" sizes=\"auto, (max-width: 1024px) 100vw, 1024px\" \/><\/figure>\n\n\n\n<figure class=\"wp-block-image size-large\"><img loading=\"lazy\" decoding=\"async\" width=\"1024\" height=\"768\" data-id=\"2975\" src=\"https:\/\/www.muenster.org\/gvc-schule\/wp-content\/uploads\/2024\/11\/IMG_1845L244-1024x768.jpeg\" alt=\"\" class=\"wp-image-2975\" srcset=\"https:\/\/www.muenster.org\/gvc-schule\/wp-content\/uploads\/2024\/11\/IMG_1845L244-1024x768.jpeg 1024w, https:\/\/www.muenster.org\/gvc-schule\/wp-content\/uploads\/2024\/11\/IMG_1845L244-300x225.jpeg 300w, https:\/\/www.muenster.org\/gvc-schule\/wp-content\/uploads\/2024\/11\/IMG_1845L244-768x576.jpeg 768w, https:\/\/www.muenster.org\/gvc-schule\/wp-content\/uploads\/2024\/11\/IMG_1845L244-1536x1152.jpeg 1536w, https:\/\/www.muenster.org\/gvc-schule\/wp-content\/uploads\/2024\/11\/IMG_1845L244-2048x1536.jpeg 2048w\" sizes=\"auto, (max-width: 1024px) 100vw, 1024px\" \/><\/figure>\n\n\n\n<figure class=\"wp-block-image size-large\"><img loading=\"lazy\" decoding=\"async\" width=\"1024\" height=\"768\" data-id=\"2974\" src=\"https:\/\/www.muenster.org\/gvc-schule\/wp-content\/uploads\/2024\/11\/IMG_1840L243-1024x768.jpeg\" alt=\"\" class=\"wp-image-2974\" srcset=\"https:\/\/www.muenster.org\/gvc-schule\/wp-content\/uploads\/2024\/11\/IMG_1840L243-1024x768.jpeg 1024w, https:\/\/www.muenster.org\/gvc-schule\/wp-content\/uploads\/2024\/11\/IMG_1840L243-300x225.jpeg 300w, https:\/\/www.muenster.org\/gvc-schule\/wp-content\/uploads\/2024\/11\/IMG_1840L243-768x576.jpeg 768w, https:\/\/www.muenster.org\/gvc-schule\/wp-content\/uploads\/2024\/11\/IMG_1840L243-1536x1152.jpeg 1536w, https:\/\/www.muenster.org\/gvc-schule\/wp-content\/uploads\/2024\/11\/IMG_1840L243-2048x1536.jpeg 2048w\" sizes=\"auto, (max-width: 1024px) 100vw, 1024px\" \/><\/figure>\n<\/figure>\n","protected":false},"excerpt":{"rendered":"<p>Auch in diesem Jahr nahm unsere Schule am BUNDESWEITEN VORLESETAG teil. Dank des Engagements des Kollegiums und vieler Leseeltern und -gro\u00dfeltern konnten die Kinder vorab wieder aus einem breiten Vorleseangebot w\u00e4hlen. Am Vorlesetag wurde dann in gro\u00dfen oder auch ganz kleinen Gruppen in s\u00e4mtlichen R\u00e4umen der Schule zun\u00e4chst den Geschichten gelauscht und im Anschluss in [&hellip;]<\/p>\n","protected":false},"author":12,"featured_media":2977,"comment_status":"closed","ping_status":"closed","sticky":false,"template":"","format":"standard","meta":{"_uag_custom_page_level_css":"","site-sidebar-layout":"default","site-content-layout":"","ast-site-content-layout":"default","site-content-style":"default","site-sidebar-style":"default","ast-global-header-display":"","ast-banner-title-visibility":"","ast-main-header-display":"","ast-hfb-above-header-display":"","ast-hfb-below-header-display":"","ast-hfb-mobile-header-display":"","site-post-title":"","ast-breadcrumbs-content":"","ast-featured-img":"","footer-sml-layout":"","theme-transparent-header-meta":"","adv-header-id-meta":"","stick-header-meta":"","header-above-stick-meta":"","header-main-stick-meta":"","header-below-stick-meta":"","astra-migrate-meta-layouts":"set","ast-page-background-enabled":"default","ast-page-background-meta":{"desktop":{"background-color":"","background-image":"","background-repeat":"repeat","background-position":"center center","background-size":"auto","background-attachment":"scroll","background-type":"","background-media":"","overlay-type":"","overlay-color":"","overlay-opacity":"","overlay-gradient":""},"tablet":{"background-color":"","background-image":"","background-repeat":"repeat","background-position":"center center","background-size":"auto","background-attachment":"scroll","background-type":"","background-media":"","overlay-type":"","overlay-color":"","overlay-opacity":"","overlay-gradient":""},"mobile":{"background-color":"","background-image":"","background-repeat":"repeat","background-position":"center center","background-size":"auto","background-attachment":"scroll","background-type":"","background-media":"","overlay-type":"","overlay-color":"","overlay-opacity":"","overlay-gradient":""}},"ast-content-background-meta":{"desktop":{"background-color":"var(--ast-global-color-5)","background-image":"","background-repeat":"repeat","background-position":"center center","background-size":"auto","background-attachment":"scroll","background-type":"","background-media":"","overlay-type":"","overlay-color":"","overlay-opacity":"","overlay-gradient":""},"tablet":{"background-color":"var(--ast-global-color-5)","background-image":"","background-repeat":"repeat","background-position":"center center","background-size":"auto","background-attachment":"scroll","background-type":"","background-media":"","overlay-type":"","overlay-color":"","overlay-opacity":"","overlay-gradient":""},"mobile":{"background-color":"var(--ast-global-color-5)","background-image":"","background-repeat":"repeat","background-position":"center center","background-size":"auto","background-attachment":"scroll","background-type":"","background-media":"","overlay-type":"","overlay-color":"","overlay-opacity":"","overlay-gradient":""}},"footnotes":""},"categories":[21,34,16],"tags":[],"class_list":["post-2973","post","type-post","status-publish","format-standard","has-post-thumbnail","hentry","category-aktuelles","category-projekte-und-aktionen","category-startseite"],"uagb_featured_image_src":{"full":["https:\/\/www.muenster.org\/gvc-schule\/wp-content\/uploads\/2024\/11\/IMG_1826L241-scaled.jpeg",2560,1920,false],"thumbnail":["https:\/\/www.muenster.org\/gvc-schule\/wp-content\/uploads\/2024\/11\/IMG_1826L241-150x150.jpeg",150,150,true],"medium":["https:\/\/www.muenster.org\/gvc-schule\/wp-content\/uploads\/2024\/11\/IMG_1826L241-300x225.jpeg",300,225,true],"medium_large":["https:\/\/www.muenster.org\/gvc-schule\/wp-content\/uploads\/2024\/11\/IMG_1826L241-768x576.jpeg",768,576,true],"large":["https:\/\/www.muenster.org\/gvc-schule\/wp-content\/uploads\/2024\/11\/IMG_1826L241-1024x768.jpeg",1024,768,true],"wpsm_team_pro_small":["https:\/\/www.muenster.org\/gvc-schule\/wp-content\/uploads\/2024\/11\/IMG_1826L241-100x100.jpeg",100,100,true],"wpsm_team_pro_small3":["https:\/\/www.muenster.org\/gvc-schule\/wp-content\/uploads\/2024\/11\/IMG_1826L241-250x250.jpeg",250,250,true],"wpsm_team_pro_small4":["https:\/\/www.muenster.org\/gvc-schule\/wp-content\/uploads\/2024\/11\/IMG_1826L241-320x320.jpeg",320,320,true],"wpsm_team_pro_small5":["https:\/\/www.muenster.org\/gvc-schule\/wp-content\/uploads\/2024\/11\/IMG_1826L241-300x400.jpeg",300,400,true],"wpsm_team_pro_small6":["https:\/\/www.muenster.org\/gvc-schule\/wp-content\/uploads\/2024\/11\/IMG_1826L241-600x400.jpeg",600,400,true],"1536x1536":["https:\/\/www.muenster.org\/gvc-schule\/wp-content\/uploads\/2024\/11\/IMG_1826L241-1536x1152.jpeg",1536,1152,true],"2048x2048":["https:\/\/www.muenster.org\/gvc-schule\/wp-content\/uploads\/2024\/11\/IMG_1826L241-2048x1536.jpeg",2048,1536,true]},"uagb_author_info":{"display_name":"Susanne Bellenhaus","author_link":"https:\/\/www.muenster.org\/gvc-schule\/author\/susannebellenhausadmin\/"},"uagb_comment_info":0,"uagb_excerpt":"Auch in diesem Jahr nahm unsere Schule am BUNDESWEITEN VORLESETAG teil. Dank des Engagements des Kollegiums und vieler Leseeltern und -gro\u00dfeltern konnten die Kinder vorab wieder aus einem breiten Vorleseangebot w\u00e4hlen. Am Vorlesetag wurde dann in gro\u00dfen oder auch ganz kleinen Gruppen in s\u00e4mtlichen R\u00e4umen der Schule zun\u00e4chst den Geschichten gelauscht und im Anschluss in&hellip;","_links":{"self":[{"href":"https:\/\/www.muenster.org\/gvc-schule\/wp-json\/wp\/v2\/posts\/2973","targetHints":{"allow":["GET"]}}],"collection":[{"href":"https:\/\/www.muenster.org\/gvc-schule\/wp-json\/wp\/v2\/posts"}],"about":[{"href":"https:\/\/www.muenster.org\/gvc-schule\/wp-json\/wp\/v2\/types\/post"}],"author":[{"embeddable":true,"href":"https:\/\/www.muenster.org\/gvc-schule\/wp-json\/wp\/v2\/users\/12"}],"replies":[{"embeddable":true,"href":"https:\/\/www.muenster.org\/gvc-schule\/wp-json\/wp\/v2\/comments?post=2973"}],"version-history":[{"count":1,"href":"https:\/\/www.muenster.org\/gvc-schule\/wp-json\/wp\/v2\/posts\/2973\/revisions"}],"predecessor-version":[{"id":2978,"href":"https:\/\/www.muenster.org\/gvc-schule\/wp-json\/wp\/v2\/posts\/2973\/revisions\/2978"}],"wp:featuredmedia":[{"embeddable":true,"href":"https:\/\/www.muenster.org\/gvc-schule\/wp-json\/wp\/v2\/media\/2977"}],"wp:attachment":[{"href":"https:\/\/www.muenster.org\/gvc-schule\/wp-json\/wp\/v2\/media?parent=2973"}],"wp:term":[{"taxonomy":"category","embeddable":true,"href":"https:\/\/www.muenster.org\/gvc-schule\/wp-json\/wp\/v2\/categories?post=2973"},{"taxonomy":"post_tag","embeddable":true,"href":"https:\/\/www.muenster.org\/gvc-schule\/wp-json\/wp\/v2\/tags?post=2973"}],"curies":[{"name":"wp","href":"https:\/\/api.w.org\/{rel}","templated":true}]}}