{"id":2969,"date":"2024-11-17T12:08:25","date_gmt":"2024-11-17T11:08:25","guid":{"rendered":"https:\/\/www.muenster.org\/gvc-schule\/?p=2969"},"modified":"2024-11-17T12:08:25","modified_gmt":"2024-11-17T11:08:25","slug":"musikalische-lesung-in-der-stadtbuecherei","status":"publish","type":"post","link":"https:\/\/www.muenster.org\/gvc-schule\/musikalische-lesung-in-der-stadtbuecherei\/","title":{"rendered":"Musikalische Lesung in der Stadtb\u00fccherei"},"content":{"rendered":"\n<p>Die Klassen des 1. Jahrgangs brachen am Dienstag, 12.11.24, zu ihrem 1. Ausflug auf. Mit dem Bus fuhren wir zur Stadtb\u00fccherei M\u00fcnster und durften schon vor der \u00f6ffentlichen \u00d6ffnungszeit in der Kinderb\u00fccherei im Untergeschoss fr\u00fchst\u00fccken \u2013 und im tollen Angebot der B\u00fccherei ein wenig st\u00f6bern. Dann ging es aber zur eigentlichen Veranstaltung: Burgfr\u00e4ulein B\u00f6 (Patricia Prawit) erz\u00e4hlte und sang f\u00fcr uns aus einer der Geschichten von \u201eRitter Rost\u201c. Bei den Liedern \u00fcber Hunde und ihre Besitzer und \u00fcber die Kochrezepte von Oma Rost mussten wir tatkr\u00e4ftig unterst\u00fctzen: \u201eHmmm \u2013 lecker, lecker, diese Kost \u2013 so kocht die Oma von Ritter Rost!\u201c<\/p>\n","protected":false},"excerpt":{"rendered":"<p>Die Klassen des 1. Jahrgangs brachen am Dienstag, 12.11.24, zu ihrem 1. Ausflug auf. Mit dem Bus fuhren wir zur Stadtb\u00fccherei M\u00fcnster und durften schon vor der \u00f6ffentlichen \u00d6ffnungszeit in der Kinderb\u00fccherei im Untergeschoss fr\u00fchst\u00fccken \u2013 und im tollen Angebot der B\u00fccherei ein wenig st\u00f6bern. Dann ging es aber zur eigentlichen Veranstaltung: Burgfr\u00e4ulein B\u00f6 (Patricia [&hellip;]<\/p>\n","protected":false},"author":10,"featured_media":2971,"comment_status":"closed","ping_status":"closed","sticky":false,"template":"","format":"standard","meta":{"_uag_custom_page_level_css":"","site-sidebar-layout":"default","site-content-layout":"","ast-site-content-layout":"default","site-content-style":"default","site-sidebar-style":"default","ast-global-header-display":"","ast-banner-title-visibility":"","ast-main-header-display":"","ast-hfb-above-header-display":"","ast-hfb-below-header-display":"","ast-hfb-mobile-header-display":"","site-post-title":"","ast-breadcrumbs-content":"","ast-featured-img":"","footer-sml-layout":"","theme-transparent-header-meta":"","adv-header-id-meta":"","stick-header-meta":"","header-above-stick-meta":"","header-main-stick-meta":"","header-below-stick-meta":"","astra-migrate-meta-layouts":"set","ast-page-background-enabled":"default","ast-page-background-meta":{"desktop":{"background-color":"","background-image":"","background-repeat":"repeat","background-position":"center center","background-size":"auto","background-attachment":"scroll","background-type":"","background-media":"","overlay-type":"","overlay-color":"","overlay-opacity":"","overlay-gradient":""},"tablet":{"background-color":"","background-image":"","background-repeat":"repeat","background-position":"center center","background-size":"auto","background-attachment":"scroll","background-type":"","background-media":"","overlay-type":"","overlay-color":"","overlay-opacity":"","overlay-gradient":""},"mobile":{"background-color":"","background-image":"","background-repeat":"repeat","background-position":"center center","background-size":"auto","background-attachment":"scroll","background-type":"","background-media":"","overlay-type":"","overlay-color":"","overlay-opacity":"","overlay-gradient":""}},"ast-content-background-meta":{"desktop":{"background-color":"var(--ast-global-color-5)","background-image":"","background-repeat":"repeat","background-position":"center center","background-size":"auto","background-attachment":"scroll","background-type":"","background-media":"","overlay-type":"","overlay-color":"","overlay-opacity":"","overlay-gradient":""},"tablet":{"background-color":"var(--ast-global-color-5)","background-image":"","background-repeat":"repeat","background-position":"center center","background-size":"auto","background-attachment":"scroll","background-type":"","background-media":"","overlay-type":"","overlay-color":"","overlay-opacity":"","overlay-gradient":""},"mobile":{"background-color":"var(--ast-global-color-5)","background-image":"","background-repeat":"repeat","background-position":"center center","background-size":"auto","background-attachment":"scroll","background-type":"","background-media":"","overlay-type":"","overlay-color":"","overlay-opacity":"","overlay-gradient":""}},"footnotes":""},"categories":[21,1,16],"tags":[],"class_list":["post-2969","post","type-post","status-publish","format-standard","has-post-thumbnail","hentry","category-aktuelles","category-allgemein","category-startseite"],"uagb_featured_image_src":{"full":["https:\/\/www.muenster.org\/gvc-schule\/wp-content\/uploads\/2024\/11\/IMG_1105-Kopie-scaled.jpg",2560,1920,false],"thumbnail":["https:\/\/www.muenster.org\/gvc-schule\/wp-content\/uploads\/2024\/11\/IMG_1105-Kopie-150x150.jpg",150,150,true],"medium":["https:\/\/www.muenster.org\/gvc-schule\/wp-content\/uploads\/2024\/11\/IMG_1105-Kopie-300x225.jpg",300,225,true],"medium_large":["https:\/\/www.muenster.org\/gvc-schule\/wp-content\/uploads\/2024\/11\/IMG_1105-Kopie-768x576.jpg",768,576,true],"large":["https:\/\/www.muenster.org\/gvc-schule\/wp-content\/uploads\/2024\/11\/IMG_1105-Kopie-1024x768.jpg",1024,768,true],"wpsm_team_pro_small":["https:\/\/www.muenster.org\/gvc-schule\/wp-content\/uploads\/2024\/11\/IMG_1105-Kopie-100x100.jpg",100,100,true],"wpsm_team_pro_small3":["https:\/\/www.muenster.org\/gvc-schule\/wp-content\/uploads\/2024\/11\/IMG_1105-Kopie-250x250.jpg",250,250,true],"wpsm_team_pro_small4":["https:\/\/www.muenster.org\/gvc-schule\/wp-content\/uploads\/2024\/11\/IMG_1105-Kopie-320x320.jpg",320,320,true],"wpsm_team_pro_small5":["https:\/\/www.muenster.org\/gvc-schule\/wp-content\/uploads\/2024\/11\/IMG_1105-Kopie-300x400.jpg",300,400,true],"wpsm_team_pro_small6":["https:\/\/www.muenster.org\/gvc-schule\/wp-content\/uploads\/2024\/11\/IMG_1105-Kopie-600x400.jpg",600,400,true],"1536x1536":["https:\/\/www.muenster.org\/gvc-schule\/wp-content\/uploads\/2024\/11\/IMG_1105-Kopie-1536x1152.jpg",1536,1152,true],"2048x2048":["https:\/\/www.muenster.org\/gvc-schule\/wp-content\/uploads\/2024\/11\/IMG_1105-Kopie-2048x1536.jpg",2048,1536,true]},"uagb_author_info":{"display_name":"Martina Pascher","author_link":"https:\/\/www.muenster.org\/gvc-schule\/author\/martinapascheradmim\/"},"uagb_comment_info":0,"uagb_excerpt":"Die Klassen des 1. Jahrgangs brachen am Dienstag, 12.11.24, zu ihrem 1. Ausflug auf. Mit dem Bus fuhren wir zur Stadtb\u00fccherei M\u00fcnster und durften schon vor der \u00f6ffentlichen \u00d6ffnungszeit in der Kinderb\u00fccherei im Untergeschoss fr\u00fchst\u00fccken \u2013 und im tollen Angebot der B\u00fccherei ein wenig st\u00f6bern. Dann ging es aber zur eigentlichen Veranstaltung: Burgfr\u00e4ulein B\u00f6 (Patricia&hellip;","_links":{"self":[{"href":"https:\/\/www.muenster.org\/gvc-schule\/wp-json\/wp\/v2\/posts\/2969","targetHints":{"allow":["GET"]}}],"collection":[{"href":"https:\/\/www.muenster.org\/gvc-schule\/wp-json\/wp\/v2\/posts"}],"about":[{"href":"https:\/\/www.muenster.org\/gvc-schule\/wp-json\/wp\/v2\/types\/post"}],"author":[{"embeddable":true,"href":"https:\/\/www.muenster.org\/gvc-schule\/wp-json\/wp\/v2\/users\/10"}],"replies":[{"embeddable":true,"href":"https:\/\/www.muenster.org\/gvc-schule\/wp-json\/wp\/v2\/comments?post=2969"}],"version-history":[{"count":1,"href":"https:\/\/www.muenster.org\/gvc-schule\/wp-json\/wp\/v2\/posts\/2969\/revisions"}],"predecessor-version":[{"id":2970,"href":"https:\/\/www.muenster.org\/gvc-schule\/wp-json\/wp\/v2\/posts\/2969\/revisions\/2970"}],"wp:featuredmedia":[{"embeddable":true,"href":"https:\/\/www.muenster.org\/gvc-schule\/wp-json\/wp\/v2\/media\/2971"}],"wp:attachment":[{"href":"https:\/\/www.muenster.org\/gvc-schule\/wp-json\/wp\/v2\/media?parent=2969"}],"wp:term":[{"taxonomy":"category","embeddable":true,"href":"https:\/\/www.muenster.org\/gvc-schule\/wp-json\/wp\/v2\/categories?post=2969"},{"taxonomy":"post_tag","embeddable":true,"href":"https:\/\/www.muenster.org\/gvc-schule\/wp-json\/wp\/v2\/tags?post=2969"}],"curies":[{"name":"wp","href":"https:\/\/api.w.org\/{rel}","templated":true}]}}