{"id":2917,"date":"2024-08-16T15:15:39","date_gmt":"2024-08-16T13:15:39","guid":{"rendered":"https:\/\/www.muenster.org\/gvc-schule\/?p=2917"},"modified":"2024-08-16T15:15:39","modified_gmt":"2024-08-16T13:15:39","slug":"wir-freuen-uns-auf-euch","status":"publish","type":"post","link":"https:\/\/www.muenster.org\/gvc-schule\/wir-freuen-uns-auf-euch\/","title":{"rendered":"Wir freuen uns auf euch!"},"content":{"rendered":"\n<p>Wir begr\u00fc\u00dfen alle Kinder der Klassen 2 bis 4 am Mittwoch (21.8.2024) zu ihrem ersten Schultag.<\/p>\n\n\n\n<p>Wie gewohnt starten wir mit dem offenen Anfang ab 7.45 Uhr, der Unterricht beginnt um 8.00 Uhr. Um 10.00 Uhr gehen die Klassen zum Gottesdienst. Dazu laden wir auch alle Familien herzlich ein.<\/p>\n\n\n\n<p>An diesem Tag endet der Unterricht f\u00fcr alle Kinder nach der vierten Stunde. OGS und BiMi finden normal statt.&nbsp;<\/p>\n\n\n\n<p>Am Donnerstag empfangen wir dann unsere neuen Erstkl\u00e4ssler*innen! An diesem Tag startet der Gottesdienst f\u00fcr unsere \u201eNeuen\u201c und ihre Familien um 09.45 Uhr in der Gottfriedkirche. Im Anschluss werden die Kinder bei uns an der Schule begr\u00fc\u00dft und erleben ihre erste richtige Unterrichtsstunde. W\u00e4hrend die Kinder im Klassenraum sind, k\u00f6nnen sich die Familien bei einem Plausch im Elternkaffee kennenlernen!<\/p>\n\n\n\n<p>Wir w\u00fcnschen euch noch sch\u00f6ne Ferientage und bereiten in der Schule alles f\u00fcr euch vor!\u00a0<\/p>\n","protected":false},"excerpt":{"rendered":"<p>Wir begr\u00fc\u00dfen alle Kinder der Klassen 2 bis 4 am Mittwoch (21.8.2024) zu ihrem ersten Schultag. Wie gewohnt starten wir mit dem offenen Anfang ab 7.45 Uhr, der Unterricht beginnt um 8.00 Uhr. Um 10.00 Uhr gehen die Klassen zum Gottesdienst. Dazu laden wir auch alle Familien herzlich ein. An diesem Tag endet der Unterricht [&hellip;]<\/p>\n","protected":false},"author":12,"featured_media":0,"comment_status":"closed","ping_status":"closed","sticky":false,"template":"","format":"standard","meta":{"_uag_custom_page_level_css":"","site-sidebar-layout":"default","site-content-layout":"","ast-site-content-layout":"default","site-content-style":"default","site-sidebar-style":"default","ast-global-header-display":"","ast-banner-title-visibility":"","ast-main-header-display":"","ast-hfb-above-header-display":"","ast-hfb-below-header-display":"","ast-hfb-mobile-header-display":"","site-post-title":"","ast-breadcrumbs-content":"","ast-featured-img":"","footer-sml-layout":"","theme-transparent-header-meta":"","adv-header-id-meta":"","stick-header-meta":"","header-above-stick-meta":"","header-main-stick-meta":"","header-below-stick-meta":"","astra-migrate-meta-layouts":"set","ast-page-background-enabled":"default","ast-page-background-meta":{"desktop":{"background-color":"","background-image":"","background-repeat":"repeat","background-position":"center center","background-size":"auto","background-attachment":"scroll","background-type":"","background-media":"","overlay-type":"","overlay-color":"","overlay-opacity":"","overlay-gradient":""},"tablet":{"background-color":"","background-image":"","background-repeat":"repeat","background-position":"center center","background-size":"auto","background-attachment":"scroll","background-type":"","background-media":"","overlay-type":"","overlay-color":"","overlay-opacity":"","overlay-gradient":""},"mobile":{"background-color":"","background-image":"","background-repeat":"repeat","background-position":"center center","background-size":"auto","background-attachment":"scroll","background-type":"","background-media":"","overlay-type":"","overlay-color":"","overlay-opacity":"","overlay-gradient":""}},"ast-content-background-meta":{"desktop":{"background-color":"var(--ast-global-color-5)","background-image":"","background-repeat":"repeat","background-position":"center center","background-size":"auto","background-attachment":"scroll","background-type":"","background-media":"","overlay-type":"","overlay-color":"","overlay-opacity":"","overlay-gradient":""},"tablet":{"background-color":"var(--ast-global-color-5)","background-image":"","background-repeat":"repeat","background-position":"center center","background-size":"auto","background-attachment":"scroll","background-type":"","background-media":"","overlay-type":"","overlay-color":"","overlay-opacity":"","overlay-gradient":""},"mobile":{"background-color":"var(--ast-global-color-5)","background-image":"","background-repeat":"repeat","background-position":"center center","background-size":"auto","background-attachment":"scroll","background-type":"","background-media":"","overlay-type":"","overlay-color":"","overlay-opacity":"","overlay-gradient":""}},"footnotes":""},"categories":[21,16],"tags":[],"class_list":["post-2917","post","type-post","status-publish","format-standard","hentry","category-aktuelles","category-startseite"],"uagb_featured_image_src":{"full":false,"thumbnail":false,"medium":false,"medium_large":false,"large":false,"wpsm_team_pro_small":false,"wpsm_team_pro_small3":false,"wpsm_team_pro_small4":false,"wpsm_team_pro_small5":false,"wpsm_team_pro_small6":false,"1536x1536":false,"2048x2048":false},"uagb_author_info":{"display_name":"Susanne Bellenhaus","author_link":"https:\/\/www.muenster.org\/gvc-schule\/author\/susannebellenhausadmin\/"},"uagb_comment_info":0,"uagb_excerpt":"Wir begr\u00fc\u00dfen alle Kinder der Klassen 2 bis 4 am Mittwoch (21.8.2024) zu ihrem ersten Schultag. Wie gewohnt starten wir mit dem offenen Anfang ab 7.45 Uhr, der Unterricht beginnt um 8.00 Uhr. Um 10.00 Uhr gehen die Klassen zum Gottesdienst. Dazu laden wir auch alle Familien herzlich ein. An diesem Tag endet der Unterricht&hellip;","_links":{"self":[{"href":"https:\/\/www.muenster.org\/gvc-schule\/wp-json\/wp\/v2\/posts\/2917","targetHints":{"allow":["GET"]}}],"collection":[{"href":"https:\/\/www.muenster.org\/gvc-schule\/wp-json\/wp\/v2\/posts"}],"about":[{"href":"https:\/\/www.muenster.org\/gvc-schule\/wp-json\/wp\/v2\/types\/post"}],"author":[{"embeddable":true,"href":"https:\/\/www.muenster.org\/gvc-schule\/wp-json\/wp\/v2\/users\/12"}],"replies":[{"embeddable":true,"href":"https:\/\/www.muenster.org\/gvc-schule\/wp-json\/wp\/v2\/comments?post=2917"}],"version-history":[{"count":1,"href":"https:\/\/www.muenster.org\/gvc-schule\/wp-json\/wp\/v2\/posts\/2917\/revisions"}],"predecessor-version":[{"id":2918,"href":"https:\/\/www.muenster.org\/gvc-schule\/wp-json\/wp\/v2\/posts\/2917\/revisions\/2918"}],"wp:attachment":[{"href":"https:\/\/www.muenster.org\/gvc-schule\/wp-json\/wp\/v2\/media?parent=2917"}],"wp:term":[{"taxonomy":"category","embeddable":true,"href":"https:\/\/www.muenster.org\/gvc-schule\/wp-json\/wp\/v2\/categories?post=2917"},{"taxonomy":"post_tag","embeddable":true,"href":"https:\/\/www.muenster.org\/gvc-schule\/wp-json\/wp\/v2\/tags?post=2917"}],"curies":[{"name":"wp","href":"https:\/\/api.w.org\/{rel}","templated":true}]}}