{"id":2909,"date":"2024-07-04T19:08:01","date_gmt":"2024-07-04T17:08:01","guid":{"rendered":"https:\/\/www.muenster.org\/gvc-schule\/?p=2909"},"modified":"2024-07-04T19:09:30","modified_gmt":"2024-07-04T17:09:30","slug":"wir-wuenschen-allen-wunderschoene-ferien","status":"publish","type":"post","link":"https:\/\/www.muenster.org\/gvc-schule\/wir-wuenschen-allen-wunderschoene-ferien\/","title":{"rendered":"Wir w\u00fcnschen allen wundersch\u00f6ne Ferien!"},"content":{"rendered":"\n<p>Das Schuljahr ist so gut wie vorbei und am Ende ist nat\u00fcrlich wieder Zeugniszeit. Kinder unserer Schule haben sch\u00f6ne, mutmachende und wertsch\u00e4tzende S\u00e4tze auf den Schulhof geschrieben, denn eins ist ja klar: Jeder ist einzigartig, wunderbar, kann stolz auf sich sein und sollte immer an sich glauben. Wir w\u00fcnschen allen Kinder und ihren Familien erholsame und entspannte Ferien. Den Sch\u00fclerinnen und Sch\u00fclern des vierten Jahrgangs w\u00fcnschen wir nach den Ferien einen guten Start an ihrer neuen Schule und wir freuen uns, alle Kinde der neuen Jahrg\u00e4nge zwei bis vier nach den Ferien am Mittwoch hier wieder zu empfangen. Und nur einen Tag sp\u00e4ter begr\u00fc\u00dfen wir unsere neuen Erstis! <\/p>\n","protected":false},"excerpt":{"rendered":"<p>Das Schuljahr ist so gut wie vorbei und am Ende ist nat\u00fcrlich wieder Zeugniszeit. Kinder unserer Schule haben sch\u00f6ne, mutmachende und wertsch\u00e4tzende S\u00e4tze auf den Schulhof geschrieben, denn eins ist ja klar: Jeder ist einzigartig, wunderbar, kann stolz auf sich sein und sollte immer an sich glauben. Wir w\u00fcnschen allen Kinder und ihren Familien erholsame [&hellip;]<\/p>\n","protected":false},"author":12,"featured_media":2910,"comment_status":"closed","ping_status":"closed","sticky":false,"template":"","format":"standard","meta":{"_uag_custom_page_level_css":"","site-sidebar-layout":"default","site-content-layout":"","ast-site-content-layout":"default","site-content-style":"default","site-sidebar-style":"default","ast-global-header-display":"","ast-banner-title-visibility":"","ast-main-header-display":"","ast-hfb-above-header-display":"","ast-hfb-below-header-display":"","ast-hfb-mobile-header-display":"","site-post-title":"","ast-breadcrumbs-content":"","ast-featured-img":"","footer-sml-layout":"","theme-transparent-header-meta":"","adv-header-id-meta":"","stick-header-meta":"","header-above-stick-meta":"","header-main-stick-meta":"","header-below-stick-meta":"","astra-migrate-meta-layouts":"set","ast-page-background-enabled":"default","ast-page-background-meta":{"desktop":{"background-color":"","background-image":"","background-repeat":"repeat","background-position":"center center","background-size":"auto","background-attachment":"scroll","background-type":"","background-media":"","overlay-type":"","overlay-color":"","overlay-opacity":"","overlay-gradient":""},"tablet":{"background-color":"","background-image":"","background-repeat":"repeat","background-position":"center center","background-size":"auto","background-attachment":"scroll","background-type":"","background-media":"","overlay-type":"","overlay-color":"","overlay-opacity":"","overlay-gradient":""},"mobile":{"background-color":"","background-image":"","background-repeat":"repeat","background-position":"center center","background-size":"auto","background-attachment":"scroll","background-type":"","background-media":"","overlay-type":"","overlay-color":"","overlay-opacity":"","overlay-gradient":""}},"ast-content-background-meta":{"desktop":{"background-color":"var(--ast-global-color-5)","background-image":"","background-repeat":"repeat","background-position":"center center","background-size":"auto","background-attachment":"scroll","background-type":"","background-media":"","overlay-type":"","overlay-color":"","overlay-opacity":"","overlay-gradient":""},"tablet":{"background-color":"var(--ast-global-color-5)","background-image":"","background-repeat":"repeat","background-position":"center center","background-size":"auto","background-attachment":"scroll","background-type":"","background-media":"","overlay-type":"","overlay-color":"","overlay-opacity":"","overlay-gradient":""},"mobile":{"background-color":"var(--ast-global-color-5)","background-image":"","background-repeat":"repeat","background-position":"center center","background-size":"auto","background-attachment":"scroll","background-type":"","background-media":"","overlay-type":"","overlay-color":"","overlay-opacity":"","overlay-gradient":""}},"footnotes":""},"categories":[21,1,34,16],"tags":[],"class_list":["post-2909","post","type-post","status-publish","format-standard","has-post-thumbnail","hentry","category-aktuelles","category-allgemein","category-projekte-und-aktionen","category-startseite"],"uagb_featured_image_src":{"full":["https:\/\/www.muenster.org\/gvc-schule\/wp-content\/uploads\/2024\/07\/106a8832-bd09-4dca-bd9a-5fdfad4fe466.jpeg",1600,1022,false],"thumbnail":["https:\/\/www.muenster.org\/gvc-schule\/wp-content\/uploads\/2024\/07\/106a8832-bd09-4dca-bd9a-5fdfad4fe466-150x150.jpeg",150,150,true],"medium":["https:\/\/www.muenster.org\/gvc-schule\/wp-content\/uploads\/2024\/07\/106a8832-bd09-4dca-bd9a-5fdfad4fe466-300x192.jpeg",300,192,true],"medium_large":["https:\/\/www.muenster.org\/gvc-schule\/wp-content\/uploads\/2024\/07\/106a8832-bd09-4dca-bd9a-5fdfad4fe466-768x491.jpeg",768,491,true],"large":["https:\/\/www.muenster.org\/gvc-schule\/wp-content\/uploads\/2024\/07\/106a8832-bd09-4dca-bd9a-5fdfad4fe466-1024x654.jpeg",1024,654,true],"wpsm_team_pro_small":["https:\/\/www.muenster.org\/gvc-schule\/wp-content\/uploads\/2024\/07\/106a8832-bd09-4dca-bd9a-5fdfad4fe466-100x100.jpeg",100,100,true],"wpsm_team_pro_small3":["https:\/\/www.muenster.org\/gvc-schule\/wp-content\/uploads\/2024\/07\/106a8832-bd09-4dca-bd9a-5fdfad4fe466-250x250.jpeg",250,250,true],"wpsm_team_pro_small4":["https:\/\/www.muenster.org\/gvc-schule\/wp-content\/uploads\/2024\/07\/106a8832-bd09-4dca-bd9a-5fdfad4fe466-320x320.jpeg",320,320,true],"wpsm_team_pro_small5":["https:\/\/www.muenster.org\/gvc-schule\/wp-content\/uploads\/2024\/07\/106a8832-bd09-4dca-bd9a-5fdfad4fe466-300x400.jpeg",300,400,true],"wpsm_team_pro_small6":["https:\/\/www.muenster.org\/gvc-schule\/wp-content\/uploads\/2024\/07\/106a8832-bd09-4dca-bd9a-5fdfad4fe466-600x400.jpeg",600,400,true],"1536x1536":["https:\/\/www.muenster.org\/gvc-schule\/wp-content\/uploads\/2024\/07\/106a8832-bd09-4dca-bd9a-5fdfad4fe466-1536x981.jpeg",1536,981,true],"2048x2048":["https:\/\/www.muenster.org\/gvc-schule\/wp-content\/uploads\/2024\/07\/106a8832-bd09-4dca-bd9a-5fdfad4fe466.jpeg",1600,1022,false]},"uagb_author_info":{"display_name":"Susanne Bellenhaus","author_link":"https:\/\/www.muenster.org\/gvc-schule\/author\/susannebellenhausadmin\/"},"uagb_comment_info":0,"uagb_excerpt":"Das Schuljahr ist so gut wie vorbei und am Ende ist nat\u00fcrlich wieder Zeugniszeit. Kinder unserer Schule haben sch\u00f6ne, mutmachende und wertsch\u00e4tzende S\u00e4tze auf den Schulhof geschrieben, denn eins ist ja klar: Jeder ist einzigartig, wunderbar, kann stolz auf sich sein und sollte immer an sich glauben. Wir w\u00fcnschen allen Kinder und ihren Familien erholsame&hellip;","_links":{"self":[{"href":"https:\/\/www.muenster.org\/gvc-schule\/wp-json\/wp\/v2\/posts\/2909","targetHints":{"allow":["GET"]}}],"collection":[{"href":"https:\/\/www.muenster.org\/gvc-schule\/wp-json\/wp\/v2\/posts"}],"about":[{"href":"https:\/\/www.muenster.org\/gvc-schule\/wp-json\/wp\/v2\/types\/post"}],"author":[{"embeddable":true,"href":"https:\/\/www.muenster.org\/gvc-schule\/wp-json\/wp\/v2\/users\/12"}],"replies":[{"embeddable":true,"href":"https:\/\/www.muenster.org\/gvc-schule\/wp-json\/wp\/v2\/comments?post=2909"}],"version-history":[{"count":2,"href":"https:\/\/www.muenster.org\/gvc-schule\/wp-json\/wp\/v2\/posts\/2909\/revisions"}],"predecessor-version":[{"id":2912,"href":"https:\/\/www.muenster.org\/gvc-schule\/wp-json\/wp\/v2\/posts\/2909\/revisions\/2912"}],"wp:featuredmedia":[{"embeddable":true,"href":"https:\/\/www.muenster.org\/gvc-schule\/wp-json\/wp\/v2\/media\/2910"}],"wp:attachment":[{"href":"https:\/\/www.muenster.org\/gvc-schule\/wp-json\/wp\/v2\/media?parent=2909"}],"wp:term":[{"taxonomy":"category","embeddable":true,"href":"https:\/\/www.muenster.org\/gvc-schule\/wp-json\/wp\/v2\/categories?post=2909"},{"taxonomy":"post_tag","embeddable":true,"href":"https:\/\/www.muenster.org\/gvc-schule\/wp-json\/wp\/v2\/tags?post=2909"}],"curies":[{"name":"wp","href":"https:\/\/api.w.org\/{rel}","templated":true}]}}