{"id":2898,"date":"2024-07-03T16:05:32","date_gmt":"2024-07-03T14:05:32","guid":{"rendered":"https:\/\/www.muenster.org\/gvc-schule\/?p=2898"},"modified":"2024-07-03T16:05:32","modified_gmt":"2024-07-03T14:05:32","slug":"wandertaggvc","status":"publish","type":"post","link":"https:\/\/www.muenster.org\/gvc-schule\/wandertaggvc\/","title":{"rendered":"Wandertag@GvC"},"content":{"rendered":"\n<p>Bei traumhaftem Wetter machte sich die komplette Schulgemeinde auf den Weg, um gemeinsam einen Wandertag zu erleben. Ziel war der Sportplatz von Blau-Wei\u00df Aasee. Es gab viele verschiedene Bewegungsangebote und die Beteiligten waren mehr als begeistert. \u201eDer Wandertag mit allen war ein richtig sch\u00f6nes Erlebnis. Den Tag werde ich nicht so schnell vergessen! Schade, dass es an dieser Schule unser letzter Wandertag war\u201c, erz\u00e4hlte ein Viertkl\u00e4ssler. Nach dem vollen Erfolg ist klar: es muss auch im n\u00e4chsten Schuljahr wieder ein Wandertag geben! Wir freuen uns darauf.<\/p>\n\n\n\t\t\t\t\t<!-- Configure your Spectra Image Gallery -->\n\t\t\t\t\t\n\n\n<figure class=\"wp-block-gallery has-nested-images columns-default is-cropped wp-block-gallery-1 is-layout-flex wp-block-gallery-is-layout-flex\">\n<figure class=\"wp-block-image size-large\"><img loading=\"lazy\" decoding=\"async\" width=\"1024\" height=\"768\" data-id=\"2904\" src=\"https:\/\/www.muenster.org\/gvc-schule\/wp-content\/uploads\/2024\/07\/W8-1-1024x768.jpeg\" alt=\"\" class=\"wp-image-2904\" srcset=\"https:\/\/www.muenster.org\/gvc-schule\/wp-content\/uploads\/2024\/07\/W8-1-1024x768.jpeg 1024w, https:\/\/www.muenster.org\/gvc-schule\/wp-content\/uploads\/2024\/07\/W8-1-300x225.jpeg 300w, https:\/\/www.muenster.org\/gvc-schule\/wp-content\/uploads\/2024\/07\/W8-1-768x576.jpeg 768w, https:\/\/www.muenster.org\/gvc-schule\/wp-content\/uploads\/2024\/07\/W8-1-1536x1152.jpeg 1536w, https:\/\/www.muenster.org\/gvc-schule\/wp-content\/uploads\/2024\/07\/W8-1-2048x1536.jpeg 2048w\" sizes=\"auto, (max-width: 1024px) 100vw, 1024px\" \/><\/figure>\n\n\n\n<figure class=\"wp-block-image size-large\"><img loading=\"lazy\" decoding=\"async\" width=\"1024\" height=\"768\" data-id=\"2902\" src=\"https:\/\/www.muenster.org\/gvc-schule\/wp-content\/uploads\/2024\/07\/W1-1024x768.jpeg\" alt=\"\" class=\"wp-image-2902\" srcset=\"https:\/\/www.muenster.org\/gvc-schule\/wp-content\/uploads\/2024\/07\/W1-1024x768.jpeg 1024w, https:\/\/www.muenster.org\/gvc-schule\/wp-content\/uploads\/2024\/07\/W1-300x225.jpeg 300w, https:\/\/www.muenster.org\/gvc-schule\/wp-content\/uploads\/2024\/07\/W1-768x576.jpeg 768w, https:\/\/www.muenster.org\/gvc-schule\/wp-content\/uploads\/2024\/07\/W1-1536x1152.jpeg 1536w, https:\/\/www.muenster.org\/gvc-schule\/wp-content\/uploads\/2024\/07\/W1-2048x1536.jpeg 2048w\" sizes=\"auto, (max-width: 1024px) 100vw, 1024px\" \/><\/figure>\n\n\n\n<figure class=\"wp-block-image size-large\"><img loading=\"lazy\" decoding=\"async\" width=\"1024\" height=\"768\" data-id=\"2903\" src=\"https:\/\/www.muenster.org\/gvc-schule\/wp-content\/uploads\/2024\/07\/W2-1024x768.jpeg\" alt=\"\" class=\"wp-image-2903\" srcset=\"https:\/\/www.muenster.org\/gvc-schule\/wp-content\/uploads\/2024\/07\/W2-1024x768.jpeg 1024w, https:\/\/www.muenster.org\/gvc-schule\/wp-content\/uploads\/2024\/07\/W2-300x225.jpeg 300w, https:\/\/www.muenster.org\/gvc-schule\/wp-content\/uploads\/2024\/07\/W2-768x576.jpeg 768w, https:\/\/www.muenster.org\/gvc-schule\/wp-content\/uploads\/2024\/07\/W2-1536x1152.jpeg 1536w, https:\/\/www.muenster.org\/gvc-schule\/wp-content\/uploads\/2024\/07\/W2-2048x1536.jpeg 2048w\" sizes=\"auto, (max-width: 1024px) 100vw, 1024px\" \/><\/figure>\n\n\n\n<figure class=\"wp-block-image size-large\"><img loading=\"lazy\" decoding=\"async\" width=\"1024\" height=\"768\" data-id=\"2907\" src=\"https:\/\/www.muenster.org\/gvc-schule\/wp-content\/uploads\/2024\/07\/W5-1024x768.jpeg\" alt=\"\" class=\"wp-image-2907\" srcset=\"https:\/\/www.muenster.org\/gvc-schule\/wp-content\/uploads\/2024\/07\/W5-1024x768.jpeg 1024w, https:\/\/www.muenster.org\/gvc-schule\/wp-content\/uploads\/2024\/07\/W5-300x225.jpeg 300w, https:\/\/www.muenster.org\/gvc-schule\/wp-content\/uploads\/2024\/07\/W5-768x576.jpeg 768w, https:\/\/www.muenster.org\/gvc-schule\/wp-content\/uploads\/2024\/07\/W5-1536x1152.jpeg 1536w, https:\/\/www.muenster.org\/gvc-schule\/wp-content\/uploads\/2024\/07\/W5-2048x1536.jpeg 2048w\" sizes=\"auto, (max-width: 1024px) 100vw, 1024px\" \/><\/figure>\n\n\n\n<figure class=\"wp-block-image size-large\"><img loading=\"lazy\" decoding=\"async\" width=\"1024\" height=\"768\" data-id=\"2905\" src=\"https:\/\/www.muenster.org\/gvc-schule\/wp-content\/uploads\/2024\/07\/W7-1024x768.jpeg\" alt=\"\" class=\"wp-image-2905\" srcset=\"https:\/\/www.muenster.org\/gvc-schule\/wp-content\/uploads\/2024\/07\/W7-1024x768.jpeg 1024w, https:\/\/www.muenster.org\/gvc-schule\/wp-content\/uploads\/2024\/07\/W7-300x225.jpeg 300w, https:\/\/www.muenster.org\/gvc-schule\/wp-content\/uploads\/2024\/07\/W7-768x576.jpeg 768w, https:\/\/www.muenster.org\/gvc-schule\/wp-content\/uploads\/2024\/07\/W7-1536x1152.jpeg 1536w, https:\/\/www.muenster.org\/gvc-schule\/wp-content\/uploads\/2024\/07\/W7-2048x1536.jpeg 2048w\" sizes=\"auto, (max-width: 1024px) 100vw, 1024px\" \/><\/figure>\n\n\n\n<figure class=\"wp-block-image size-large\"><img loading=\"lazy\" decoding=\"async\" width=\"1024\" height=\"768\" data-id=\"2906\" src=\"https:\/\/www.muenster.org\/gvc-schule\/wp-content\/uploads\/2024\/07\/W4-1024x768.jpeg\" alt=\"\" class=\"wp-image-2906\" srcset=\"https:\/\/www.muenster.org\/gvc-schule\/wp-content\/uploads\/2024\/07\/W4-1024x768.jpeg 1024w, https:\/\/www.muenster.org\/gvc-schule\/wp-content\/uploads\/2024\/07\/W4-300x225.jpeg 300w, https:\/\/www.muenster.org\/gvc-schule\/wp-content\/uploads\/2024\/07\/W4-768x576.jpeg 768w, https:\/\/www.muenster.org\/gvc-schule\/wp-content\/uploads\/2024\/07\/W4-1536x1152.jpeg 1536w, https:\/\/www.muenster.org\/gvc-schule\/wp-content\/uploads\/2024\/07\/W4-2048x1536.jpeg 2048w\" sizes=\"auto, (max-width: 1024px) 100vw, 1024px\" \/><\/figure>\n<\/figure>\n","protected":false},"excerpt":{"rendered":"<p>Bei traumhaftem Wetter machte sich die komplette Schulgemeinde auf den Weg, um gemeinsam einen Wandertag zu erleben. Ziel war der Sportplatz von Blau-Wei\u00df Aasee. Es gab viele verschiedene Bewegungsangebote und die Beteiligten waren mehr als begeistert. \u201eDer Wandertag mit allen war ein richtig sch\u00f6nes Erlebnis. Den Tag werde ich nicht so schnell vergessen! Schade, dass [&hellip;]<\/p>\n","protected":false},"author":12,"featured_media":2899,"comment_status":"closed","ping_status":"closed","sticky":false,"template":"","format":"standard","meta":{"_uag_custom_page_level_css":"","site-sidebar-layout":"default","site-content-layout":"","ast-site-content-layout":"default","site-content-style":"default","site-sidebar-style":"default","ast-global-header-display":"","ast-banner-title-visibility":"","ast-main-header-display":"","ast-hfb-above-header-display":"","ast-hfb-below-header-display":"","ast-hfb-mobile-header-display":"","site-post-title":"","ast-breadcrumbs-content":"","ast-featured-img":"","footer-sml-layout":"","theme-transparent-header-meta":"","adv-header-id-meta":"","stick-header-meta":"","header-above-stick-meta":"","header-main-stick-meta":"","header-below-stick-meta":"","astra-migrate-meta-layouts":"set","ast-page-background-enabled":"default","ast-page-background-meta":{"desktop":{"background-color":"","background-image":"","background-repeat":"repeat","background-position":"center center","background-size":"auto","background-attachment":"scroll","background-type":"","background-media":"","overlay-type":"","overlay-color":"","overlay-opacity":"","overlay-gradient":""},"tablet":{"background-color":"","background-image":"","background-repeat":"repeat","background-position":"center center","background-size":"auto","background-attachment":"scroll","background-type":"","background-media":"","overlay-type":"","overlay-color":"","overlay-opacity":"","overlay-gradient":""},"mobile":{"background-color":"","background-image":"","background-repeat":"repeat","background-position":"center center","background-size":"auto","background-attachment":"scroll","background-type":"","background-media":"","overlay-type":"","overlay-color":"","overlay-opacity":"","overlay-gradient":""}},"ast-content-background-meta":{"desktop":{"background-color":"var(--ast-global-color-5)","background-image":"","background-repeat":"repeat","background-position":"center center","background-size":"auto","background-attachment":"scroll","background-type":"","background-media":"","overlay-type":"","overlay-color":"","overlay-opacity":"","overlay-gradient":""},"tablet":{"background-color":"var(--ast-global-color-5)","background-image":"","background-repeat":"repeat","background-position":"center center","background-size":"auto","background-attachment":"scroll","background-type":"","background-media":"","overlay-type":"","overlay-color":"","overlay-opacity":"","overlay-gradient":""},"mobile":{"background-color":"var(--ast-global-color-5)","background-image":"","background-repeat":"repeat","background-position":"center center","background-size":"auto","background-attachment":"scroll","background-type":"","background-media":"","overlay-type":"","overlay-color":"","overlay-opacity":"","overlay-gradient":""}},"footnotes":""},"categories":[21,16],"tags":[],"class_list":["post-2898","post","type-post","status-publish","format-standard","has-post-thumbnail","hentry","category-aktuelles","category-startseite"],"uagb_featured_image_src":{"full":["https:\/\/www.muenster.org\/gvc-schule\/wp-content\/uploads\/2024\/07\/W3-scaled.jpeg",2560,1920,false],"thumbnail":["https:\/\/www.muenster.org\/gvc-schule\/wp-content\/uploads\/2024\/07\/W3-150x150.jpeg",150,150,true],"medium":["https:\/\/www.muenster.org\/gvc-schule\/wp-content\/uploads\/2024\/07\/W3-300x225.jpeg",300,225,true],"medium_large":["https:\/\/www.muenster.org\/gvc-schule\/wp-content\/uploads\/2024\/07\/W3-768x576.jpeg",768,576,true],"large":["https:\/\/www.muenster.org\/gvc-schule\/wp-content\/uploads\/2024\/07\/W3-1024x768.jpeg",1024,768,true],"wpsm_team_pro_small":["https:\/\/www.muenster.org\/gvc-schule\/wp-content\/uploads\/2024\/07\/W3-100x100.jpeg",100,100,true],"wpsm_team_pro_small3":["https:\/\/www.muenster.org\/gvc-schule\/wp-content\/uploads\/2024\/07\/W3-250x250.jpeg",250,250,true],"wpsm_team_pro_small4":["https:\/\/www.muenster.org\/gvc-schule\/wp-content\/uploads\/2024\/07\/W3-320x320.jpeg",320,320,true],"wpsm_team_pro_small5":["https:\/\/www.muenster.org\/gvc-schule\/wp-content\/uploads\/2024\/07\/W3-300x400.jpeg",300,400,true],"wpsm_team_pro_small6":["https:\/\/www.muenster.org\/gvc-schule\/wp-content\/uploads\/2024\/07\/W3-600x400.jpeg",600,400,true],"1536x1536":["https:\/\/www.muenster.org\/gvc-schule\/wp-content\/uploads\/2024\/07\/W3-1536x1152.jpeg",1536,1152,true],"2048x2048":["https:\/\/www.muenster.org\/gvc-schule\/wp-content\/uploads\/2024\/07\/W3-2048x1536.jpeg",2048,1536,true]},"uagb_author_info":{"display_name":"Susanne Bellenhaus","author_link":"https:\/\/www.muenster.org\/gvc-schule\/author\/susannebellenhausadmin\/"},"uagb_comment_info":0,"uagb_excerpt":"Bei traumhaftem Wetter machte sich die komplette Schulgemeinde auf den Weg, um gemeinsam einen Wandertag zu erleben. Ziel war der Sportplatz von Blau-Wei\u00df Aasee. Es gab viele verschiedene Bewegungsangebote und die Beteiligten waren mehr als begeistert. \u201eDer Wandertag mit allen war ein richtig sch\u00f6nes Erlebnis. Den Tag werde ich nicht so schnell vergessen! Schade, dass&hellip;","_links":{"self":[{"href":"https:\/\/www.muenster.org\/gvc-schule\/wp-json\/wp\/v2\/posts\/2898","targetHints":{"allow":["GET"]}}],"collection":[{"href":"https:\/\/www.muenster.org\/gvc-schule\/wp-json\/wp\/v2\/posts"}],"about":[{"href":"https:\/\/www.muenster.org\/gvc-schule\/wp-json\/wp\/v2\/types\/post"}],"author":[{"embeddable":true,"href":"https:\/\/www.muenster.org\/gvc-schule\/wp-json\/wp\/v2\/users\/12"}],"replies":[{"embeddable":true,"href":"https:\/\/www.muenster.org\/gvc-schule\/wp-json\/wp\/v2\/comments?post=2898"}],"version-history":[{"count":2,"href":"https:\/\/www.muenster.org\/gvc-schule\/wp-json\/wp\/v2\/posts\/2898\/revisions"}],"predecessor-version":[{"id":2908,"href":"https:\/\/www.muenster.org\/gvc-schule\/wp-json\/wp\/v2\/posts\/2898\/revisions\/2908"}],"wp:featuredmedia":[{"embeddable":true,"href":"https:\/\/www.muenster.org\/gvc-schule\/wp-json\/wp\/v2\/media\/2899"}],"wp:attachment":[{"href":"https:\/\/www.muenster.org\/gvc-schule\/wp-json\/wp\/v2\/media?parent=2898"}],"wp:term":[{"taxonomy":"category","embeddable":true,"href":"https:\/\/www.muenster.org\/gvc-schule\/wp-json\/wp\/v2\/categories?post=2898"},{"taxonomy":"post_tag","embeddable":true,"href":"https:\/\/www.muenster.org\/gvc-schule\/wp-json\/wp\/v2\/tags?post=2898"}],"curies":[{"name":"wp","href":"https:\/\/api.w.org\/{rel}","templated":true}]}}