{"id":2893,"date":"2024-06-25T15:18:05","date_gmt":"2024-06-25T13:18:05","guid":{"rendered":"https:\/\/www.muenster.org\/gvc-schule\/?p=2893"},"modified":"2024-06-25T15:18:05","modified_gmt":"2024-06-25T13:18:05","slug":"jekiss-sommersingen","status":"publish","type":"post","link":"https:\/\/www.muenster.org\/gvc-schule\/jekiss-sommersingen\/","title":{"rendered":"JeKisS Sommersingen"},"content":{"rendered":"\n<p>Sommer, Sonne, Sonnenschein! Es war wieder Zeit f\u00fcr unser beliebtes JeKisS Sommerkonzert. Gemeinsam mit der Chorleiterin zauberten unsere JeKisS Kinder mit wundersch\u00f6nen Liedern eine tolle Atmosph\u00e4re auf dem Schulhof. Unsere Schulgemeinde und interessierte Eltern und Familienangeh\u00f6rige belohnten unsere flei\u00dfigen S\u00e4nger*innen mit lautem Applaus! Wir freuen uns jetzt schon alle auf das n\u00e4chste Konzert!<\/p>\n","protected":false},"excerpt":{"rendered":"<p>Sommer, Sonne, Sonnenschein! Es war wieder Zeit f\u00fcr unser beliebtes JeKisS Sommerkonzert. Gemeinsam mit der Chorleiterin zauberten unsere JeKisS Kinder mit wundersch\u00f6nen Liedern eine tolle Atmosph\u00e4re auf dem Schulhof. Unsere Schulgemeinde und interessierte Eltern und Familienangeh\u00f6rige belohnten unsere flei\u00dfigen S\u00e4nger*innen mit lautem Applaus! Wir freuen uns jetzt schon alle auf das n\u00e4chste Konzert!<\/p>\n","protected":false},"author":12,"featured_media":2894,"comment_status":"closed","ping_status":"closed","sticky":false,"template":"","format":"standard","meta":{"_uag_custom_page_level_css":"","site-sidebar-layout":"default","site-content-layout":"","ast-site-content-layout":"default","site-content-style":"default","site-sidebar-style":"default","ast-global-header-display":"","ast-banner-title-visibility":"","ast-main-header-display":"","ast-hfb-above-header-display":"","ast-hfb-below-header-display":"","ast-hfb-mobile-header-display":"","site-post-title":"","ast-breadcrumbs-content":"","ast-featured-img":"","footer-sml-layout":"","theme-transparent-header-meta":"","adv-header-id-meta":"","stick-header-meta":"","header-above-stick-meta":"","header-main-stick-meta":"","header-below-stick-meta":"","astra-migrate-meta-layouts":"set","ast-page-background-enabled":"default","ast-page-background-meta":{"desktop":{"background-color":"","background-image":"","background-repeat":"repeat","background-position":"center center","background-size":"auto","background-attachment":"scroll","background-type":"","background-media":"","overlay-type":"","overlay-color":"","overlay-opacity":"","overlay-gradient":""},"tablet":{"background-color":"","background-image":"","background-repeat":"repeat","background-position":"center center","background-size":"auto","background-attachment":"scroll","background-type":"","background-media":"","overlay-type":"","overlay-color":"","overlay-opacity":"","overlay-gradient":""},"mobile":{"background-color":"","background-image":"","background-repeat":"repeat","background-position":"center center","background-size":"auto","background-attachment":"scroll","background-type":"","background-media":"","overlay-type":"","overlay-color":"","overlay-opacity":"","overlay-gradient":""}},"ast-content-background-meta":{"desktop":{"background-color":"var(--ast-global-color-5)","background-image":"","background-repeat":"repeat","background-position":"center center","background-size":"auto","background-attachment":"scroll","background-type":"","background-media":"","overlay-type":"","overlay-color":"","overlay-opacity":"","overlay-gradient":""},"tablet":{"background-color":"var(--ast-global-color-5)","background-image":"","background-repeat":"repeat","background-position":"center center","background-size":"auto","background-attachment":"scroll","background-type":"","background-media":"","overlay-type":"","overlay-color":"","overlay-opacity":"","overlay-gradient":""},"mobile":{"background-color":"var(--ast-global-color-5)","background-image":"","background-repeat":"repeat","background-position":"center center","background-size":"auto","background-attachment":"scroll","background-type":"","background-media":"","overlay-type":"","overlay-color":"","overlay-opacity":"","overlay-gradient":""}},"footnotes":""},"categories":[21,16],"tags":[],"class_list":["post-2893","post","type-post","status-publish","format-standard","has-post-thumbnail","hentry","category-aktuelles","category-startseite"],"uagb_featured_image_src":{"full":["https:\/\/www.muenster.org\/gvc-schule\/wp-content\/uploads\/2024\/06\/PHOTO-2024-06-24-19-28-46.jpeg",1525,1121,false],"thumbnail":["https:\/\/www.muenster.org\/gvc-schule\/wp-content\/uploads\/2024\/06\/PHOTO-2024-06-24-19-28-46-150x150.jpeg",150,150,true],"medium":["https:\/\/www.muenster.org\/gvc-schule\/wp-content\/uploads\/2024\/06\/PHOTO-2024-06-24-19-28-46-300x221.jpeg",300,221,true],"medium_large":["https:\/\/www.muenster.org\/gvc-schule\/wp-content\/uploads\/2024\/06\/PHOTO-2024-06-24-19-28-46-768x565.jpeg",768,565,true],"large":["https:\/\/www.muenster.org\/gvc-schule\/wp-content\/uploads\/2024\/06\/PHOTO-2024-06-24-19-28-46-1024x753.jpeg",1024,753,true],"wpsm_team_pro_small":["https:\/\/www.muenster.org\/gvc-schule\/wp-content\/uploads\/2024\/06\/PHOTO-2024-06-24-19-28-46-100x100.jpeg",100,100,true],"wpsm_team_pro_small3":["https:\/\/www.muenster.org\/gvc-schule\/wp-content\/uploads\/2024\/06\/PHOTO-2024-06-24-19-28-46-250x250.jpeg",250,250,true],"wpsm_team_pro_small4":["https:\/\/www.muenster.org\/gvc-schule\/wp-content\/uploads\/2024\/06\/PHOTO-2024-06-24-19-28-46-320x320.jpeg",320,320,true],"wpsm_team_pro_small5":["https:\/\/www.muenster.org\/gvc-schule\/wp-content\/uploads\/2024\/06\/PHOTO-2024-06-24-19-28-46-300x400.jpeg",300,400,true],"wpsm_team_pro_small6":["https:\/\/www.muenster.org\/gvc-schule\/wp-content\/uploads\/2024\/06\/PHOTO-2024-06-24-19-28-46-600x400.jpeg",600,400,true],"1536x1536":["https:\/\/www.muenster.org\/gvc-schule\/wp-content\/uploads\/2024\/06\/PHOTO-2024-06-24-19-28-46.jpeg",1525,1121,false],"2048x2048":["https:\/\/www.muenster.org\/gvc-schule\/wp-content\/uploads\/2024\/06\/PHOTO-2024-06-24-19-28-46.jpeg",1525,1121,false]},"uagb_author_info":{"display_name":"Susanne Bellenhaus","author_link":"https:\/\/www.muenster.org\/gvc-schule\/author\/susannebellenhausadmin\/"},"uagb_comment_info":0,"uagb_excerpt":"Sommer, Sonne, Sonnenschein! Es war wieder Zeit f\u00fcr unser beliebtes JeKisS Sommerkonzert. Gemeinsam mit der Chorleiterin zauberten unsere JeKisS Kinder mit wundersch\u00f6nen Liedern eine tolle Atmosph\u00e4re auf dem Schulhof. Unsere Schulgemeinde und interessierte Eltern und Familienangeh\u00f6rige belohnten unsere flei\u00dfigen S\u00e4nger*innen mit lautem Applaus! Wir freuen uns jetzt schon alle auf das n\u00e4chste Konzert!","_links":{"self":[{"href":"https:\/\/www.muenster.org\/gvc-schule\/wp-json\/wp\/v2\/posts\/2893","targetHints":{"allow":["GET"]}}],"collection":[{"href":"https:\/\/www.muenster.org\/gvc-schule\/wp-json\/wp\/v2\/posts"}],"about":[{"href":"https:\/\/www.muenster.org\/gvc-schule\/wp-json\/wp\/v2\/types\/post"}],"author":[{"embeddable":true,"href":"https:\/\/www.muenster.org\/gvc-schule\/wp-json\/wp\/v2\/users\/12"}],"replies":[{"embeddable":true,"href":"https:\/\/www.muenster.org\/gvc-schule\/wp-json\/wp\/v2\/comments?post=2893"}],"version-history":[{"count":1,"href":"https:\/\/www.muenster.org\/gvc-schule\/wp-json\/wp\/v2\/posts\/2893\/revisions"}],"predecessor-version":[{"id":2895,"href":"https:\/\/www.muenster.org\/gvc-schule\/wp-json\/wp\/v2\/posts\/2893\/revisions\/2895"}],"wp:featuredmedia":[{"embeddable":true,"href":"https:\/\/www.muenster.org\/gvc-schule\/wp-json\/wp\/v2\/media\/2894"}],"wp:attachment":[{"href":"https:\/\/www.muenster.org\/gvc-schule\/wp-json\/wp\/v2\/media?parent=2893"}],"wp:term":[{"taxonomy":"category","embeddable":true,"href":"https:\/\/www.muenster.org\/gvc-schule\/wp-json\/wp\/v2\/categories?post=2893"},{"taxonomy":"post_tag","embeddable":true,"href":"https:\/\/www.muenster.org\/gvc-schule\/wp-json\/wp\/v2\/tags?post=2893"}],"curies":[{"name":"wp","href":"https:\/\/api.w.org\/{rel}","templated":true}]}}