{"id":2882,"date":"2024-05-08T17:05:05","date_gmt":"2024-05-08T15:05:05","guid":{"rendered":"https:\/\/www.muenster.org\/gvc-schule\/?p=2882"},"modified":"2024-05-08T17:06:58","modified_gmt":"2024-05-08T15:06:58","slug":"christi-himmelfahrt","status":"publish","type":"post","link":"https:\/\/www.muenster.org\/gvc-schule\/christi-himmelfahrt\/","title":{"rendered":"Christi Himmelfahrt"},"content":{"rendered":"\n<p>Egal ob Mutter-oder Vatertag&#8230;                                                                                                                                   wir w\u00fcnschen allen Sch\u00fclerInnen ein sch\u00f6nes langes Wochenende mit ihren Lieblingsmenschen!<\/p>\n","protected":false},"excerpt":{"rendered":"<p>Egal ob Mutter-oder Vatertag&#8230; wir w\u00fcnschen allen Sch\u00fclerInnen ein sch\u00f6nes langes Wochenende mit ihren Lieblingsmenschen!<\/p>\n","protected":false},"author":10,"featured_media":2881,"comment_status":"closed","ping_status":"closed","sticky":false,"template":"","format":"standard","meta":{"_uag_custom_page_level_css":"","site-sidebar-layout":"default","site-content-layout":"","ast-site-content-layout":"default","site-content-style":"default","site-sidebar-style":"default","ast-global-header-display":"","ast-banner-title-visibility":"","ast-main-header-display":"","ast-hfb-above-header-display":"","ast-hfb-below-header-display":"","ast-hfb-mobile-header-display":"","site-post-title":"","ast-breadcrumbs-content":"","ast-featured-img":"","footer-sml-layout":"","theme-transparent-header-meta":"","adv-header-id-meta":"","stick-header-meta":"","header-above-stick-meta":"","header-main-stick-meta":"","header-below-stick-meta":"","astra-migrate-meta-layouts":"set","ast-page-background-enabled":"default","ast-page-background-meta":{"desktop":{"background-color":"","background-image":"","background-repeat":"repeat","background-position":"center center","background-size":"auto","background-attachment":"scroll","background-type":"","background-media":"","overlay-type":"","overlay-color":"","overlay-opacity":"","overlay-gradient":""},"tablet":{"background-color":"","background-image":"","background-repeat":"repeat","background-position":"center center","background-size":"auto","background-attachment":"scroll","background-type":"","background-media":"","overlay-type":"","overlay-color":"","overlay-opacity":"","overlay-gradient":""},"mobile":{"background-color":"","background-image":"","background-repeat":"repeat","background-position":"center center","background-size":"auto","background-attachment":"scroll","background-type":"","background-media":"","overlay-type":"","overlay-color":"","overlay-opacity":"","overlay-gradient":""}},"ast-content-background-meta":{"desktop":{"background-color":"var(--ast-global-color-5)","background-image":"","background-repeat":"repeat","background-position":"center center","background-size":"auto","background-attachment":"scroll","background-type":"","background-media":"","overlay-type":"","overlay-color":"","overlay-opacity":"","overlay-gradient":""},"tablet":{"background-color":"var(--ast-global-color-5)","background-image":"","background-repeat":"repeat","background-position":"center center","background-size":"auto","background-attachment":"scroll","background-type":"","background-media":"","overlay-type":"","overlay-color":"","overlay-opacity":"","overlay-gradient":""},"mobile":{"background-color":"var(--ast-global-color-5)","background-image":"","background-repeat":"repeat","background-position":"center center","background-size":"auto","background-attachment":"scroll","background-type":"","background-media":"","overlay-type":"","overlay-color":"","overlay-opacity":"","overlay-gradient":""}},"footnotes":""},"categories":[1,16],"tags":[],"class_list":["post-2882","post","type-post","status-publish","format-standard","has-post-thumbnail","hentry","category-allgemein","category-startseite"],"uagb_featured_image_src":{"full":["https:\/\/www.muenster.org\/gvc-schule\/wp-content\/uploads\/2024\/05\/IMG_4499-Kopie-scaled.jpg",1920,2560,false],"thumbnail":["https:\/\/www.muenster.org\/gvc-schule\/wp-content\/uploads\/2024\/05\/IMG_4499-Kopie-150x150.jpg",150,150,true],"medium":["https:\/\/www.muenster.org\/gvc-schule\/wp-content\/uploads\/2024\/05\/IMG_4499-Kopie-225x300.jpg",225,300,true],"medium_large":["https:\/\/www.muenster.org\/gvc-schule\/wp-content\/uploads\/2024\/05\/IMG_4499-Kopie-768x1024.jpg",768,1024,true],"large":["https:\/\/www.muenster.org\/gvc-schule\/wp-content\/uploads\/2024\/05\/IMG_4499-Kopie-768x1024.jpg",768,1024,true],"wpsm_team_pro_small":["https:\/\/www.muenster.org\/gvc-schule\/wp-content\/uploads\/2024\/05\/IMG_4499-Kopie-100x100.jpg",100,100,true],"wpsm_team_pro_small3":["https:\/\/www.muenster.org\/gvc-schule\/wp-content\/uploads\/2024\/05\/IMG_4499-Kopie-250x250.jpg",250,250,true],"wpsm_team_pro_small4":["https:\/\/www.muenster.org\/gvc-schule\/wp-content\/uploads\/2024\/05\/IMG_4499-Kopie-320x320.jpg",320,320,true],"wpsm_team_pro_small5":["https:\/\/www.muenster.org\/gvc-schule\/wp-content\/uploads\/2024\/05\/IMG_4499-Kopie-300x400.jpg",300,400,true],"wpsm_team_pro_small6":["https:\/\/www.muenster.org\/gvc-schule\/wp-content\/uploads\/2024\/05\/IMG_4499-Kopie-600x400.jpg",600,400,true],"1536x1536":["https:\/\/www.muenster.org\/gvc-schule\/wp-content\/uploads\/2024\/05\/IMG_4499-Kopie-1152x1536.jpg",1152,1536,true],"2048x2048":["https:\/\/www.muenster.org\/gvc-schule\/wp-content\/uploads\/2024\/05\/IMG_4499-Kopie-1536x2048.jpg",1536,2048,true]},"uagb_author_info":{"display_name":"Martina Pascher","author_link":"https:\/\/www.muenster.org\/gvc-schule\/author\/martinapascheradmim\/"},"uagb_comment_info":0,"uagb_excerpt":"Egal ob Mutter-oder Vatertag&#8230; wir w\u00fcnschen allen Sch\u00fclerInnen ein sch\u00f6nes langes Wochenende mit ihren Lieblingsmenschen!","_links":{"self":[{"href":"https:\/\/www.muenster.org\/gvc-schule\/wp-json\/wp\/v2\/posts\/2882","targetHints":{"allow":["GET"]}}],"collection":[{"href":"https:\/\/www.muenster.org\/gvc-schule\/wp-json\/wp\/v2\/posts"}],"about":[{"href":"https:\/\/www.muenster.org\/gvc-schule\/wp-json\/wp\/v2\/types\/post"}],"author":[{"embeddable":true,"href":"https:\/\/www.muenster.org\/gvc-schule\/wp-json\/wp\/v2\/users\/10"}],"replies":[{"embeddable":true,"href":"https:\/\/www.muenster.org\/gvc-schule\/wp-json\/wp\/v2\/comments?post=2882"}],"version-history":[{"count":1,"href":"https:\/\/www.muenster.org\/gvc-schule\/wp-json\/wp\/v2\/posts\/2882\/revisions"}],"predecessor-version":[{"id":2883,"href":"https:\/\/www.muenster.org\/gvc-schule\/wp-json\/wp\/v2\/posts\/2882\/revisions\/2883"}],"wp:featuredmedia":[{"embeddable":true,"href":"https:\/\/www.muenster.org\/gvc-schule\/wp-json\/wp\/v2\/media\/2881"}],"wp:attachment":[{"href":"https:\/\/www.muenster.org\/gvc-schule\/wp-json\/wp\/v2\/media?parent=2882"}],"wp:term":[{"taxonomy":"category","embeddable":true,"href":"https:\/\/www.muenster.org\/gvc-schule\/wp-json\/wp\/v2\/categories?post=2882"},{"taxonomy":"post_tag","embeddable":true,"href":"https:\/\/www.muenster.org\/gvc-schule\/wp-json\/wp\/v2\/tags?post=2882"}],"curies":[{"name":"wp","href":"https:\/\/api.w.org\/{rel}","templated":true}]}}