{"id":2812,"date":"2024-03-19T20:26:24","date_gmt":"2024-03-19T19:26:24","guid":{"rendered":"https:\/\/www.muenster.org\/gvc-schule\/?p=2812"},"modified":"2024-03-19T20:29:10","modified_gmt":"2024-03-19T19:29:10","slug":"klimatage-jg-1-wir-werden-muell-experten","status":"publish","type":"post","link":"https:\/\/www.muenster.org\/gvc-schule\/klimatage-jg-1-wir-werden-muell-experten\/","title":{"rendered":"Klimatage Jg. 1: Wir werden \u201eM\u00fcll-Experten\u201c!"},"content":{"rendered":"\n<p>Die Sch\u00fclerInnen des 1. Jahrgangs haben sich in den Klimatagen mit folgenden Themen auseinandergesetzt:<\/p>\n\n\n\n<p>M\u00fclltrennung\/M\u00fcllentsorgung<\/p>\n\n\n\n<p>Vermeidung von M\u00fcll\/ Alternativen zu Einwegprodukten<\/p>\n\n\n\n<p>Upcycling<\/p>\n\n\n\n<p>Wie auch alle anderen Sch\u00fclerInnen der GvC haben die Kinder des 1. Jahrgangs als \u201eM\u00fcll-Superhelden\u201c das Schulgel\u00e4nde und die Umgebung ges\u00e4ubert. Aus einzelnen Fundst\u00fccken der M\u00fcll-Sammelaktion mit dem ersten Jahrgang ist die \u201eGirlande der Schande\u201c entstanden. Aktuell h\u00e4ngt sie zur Ansicht noch vor dem Eingang der Schule.&nbsp;&nbsp;<\/p>\n","protected":false},"excerpt":{"rendered":"<p>Die Sch\u00fclerInnen des 1. Jahrgangs haben sich in den Klimatagen mit folgenden Themen auseinandergesetzt: M\u00fclltrennung\/M\u00fcllentsorgung Vermeidung von M\u00fcll\/ Alternativen zu Einwegprodukten Upcycling Wie auch alle anderen Sch\u00fclerInnen der GvC haben die Kinder des 1. Jahrgangs als \u201eM\u00fcll-Superhelden\u201c das Schulgel\u00e4nde und die Umgebung ges\u00e4ubert. Aus einzelnen Fundst\u00fccken der M\u00fcll-Sammelaktion mit dem ersten Jahrgang ist die \u201eGirlande [&hellip;]<\/p>\n","protected":false},"author":10,"featured_media":2822,"comment_status":"closed","ping_status":"closed","sticky":false,"template":"","format":"standard","meta":{"_uag_custom_page_level_css":"","site-sidebar-layout":"default","site-content-layout":"","ast-site-content-layout":"default","site-content-style":"default","site-sidebar-style":"default","ast-global-header-display":"","ast-banner-title-visibility":"","ast-main-header-display":"","ast-hfb-above-header-display":"","ast-hfb-below-header-display":"","ast-hfb-mobile-header-display":"","site-post-title":"","ast-breadcrumbs-content":"","ast-featured-img":"disabled","footer-sml-layout":"","theme-transparent-header-meta":"","adv-header-id-meta":"","stick-header-meta":"","header-above-stick-meta":"","header-main-stick-meta":"","header-below-stick-meta":"","astra-migrate-meta-layouts":"set","ast-page-background-enabled":"default","ast-page-background-meta":{"desktop":{"background-color":"","background-image":"","background-repeat":"repeat","background-position":"center center","background-size":"auto","background-attachment":"scroll","background-type":"","background-media":"","overlay-type":"","overlay-color":"","overlay-opacity":"","overlay-gradient":""},"tablet":{"background-color":"","background-image":"","background-repeat":"repeat","background-position":"center center","background-size":"auto","background-attachment":"scroll","background-type":"","background-media":"","overlay-type":"","overlay-color":"","overlay-opacity":"","overlay-gradient":""},"mobile":{"background-color":"","background-image":"","background-repeat":"repeat","background-position":"center center","background-size":"auto","background-attachment":"scroll","background-type":"","background-media":"","overlay-type":"","overlay-color":"","overlay-opacity":"","overlay-gradient":""}},"ast-content-background-meta":{"desktop":{"background-color":"var(--ast-global-color-5)","background-image":"","background-repeat":"repeat","background-position":"center center","background-size":"auto","background-attachment":"scroll","background-type":"","background-media":"","overlay-type":"","overlay-color":"","overlay-opacity":"","overlay-gradient":""},"tablet":{"background-color":"var(--ast-global-color-5)","background-image":"","background-repeat":"repeat","background-position":"center center","background-size":"auto","background-attachment":"scroll","background-type":"","background-media":"","overlay-type":"","overlay-color":"","overlay-opacity":"","overlay-gradient":""},"mobile":{"background-color":"var(--ast-global-color-5)","background-image":"","background-repeat":"repeat","background-position":"center center","background-size":"auto","background-attachment":"scroll","background-type":"","background-media":"","overlay-type":"","overlay-color":"","overlay-opacity":"","overlay-gradient":""}},"footnotes":""},"categories":[21,1,34,16],"tags":[],"class_list":["post-2812","post","type-post","status-publish","format-standard","has-post-thumbnail","hentry","category-aktuelles","category-allgemein","category-projekte-und-aktionen","category-startseite"],"uagb_featured_image_src":{"full":["https:\/\/www.muenster.org\/gvc-schule\/wp-content\/uploads\/2024\/03\/Klima1c-scaled.jpg",1920,2560,false],"thumbnail":["https:\/\/www.muenster.org\/gvc-schule\/wp-content\/uploads\/2024\/03\/Klima1c-150x150.jpg",150,150,true],"medium":["https:\/\/www.muenster.org\/gvc-schule\/wp-content\/uploads\/2024\/03\/Klima1c-225x300.jpg",225,300,true],"medium_large":["https:\/\/www.muenster.org\/gvc-schule\/wp-content\/uploads\/2024\/03\/Klima1c-768x1024.jpg",768,1024,true],"large":["https:\/\/www.muenster.org\/gvc-schule\/wp-content\/uploads\/2024\/03\/Klima1c-768x1024.jpg",768,1024,true],"wpsm_team_pro_small":["https:\/\/www.muenster.org\/gvc-schule\/wp-content\/uploads\/2024\/03\/Klima1c-100x100.jpg",100,100,true],"wpsm_team_pro_small3":["https:\/\/www.muenster.org\/gvc-schule\/wp-content\/uploads\/2024\/03\/Klima1c-250x250.jpg",250,250,true],"wpsm_team_pro_small4":["https:\/\/www.muenster.org\/gvc-schule\/wp-content\/uploads\/2024\/03\/Klima1c-320x320.jpg",320,320,true],"wpsm_team_pro_small5":["https:\/\/www.muenster.org\/gvc-schule\/wp-content\/uploads\/2024\/03\/Klima1c-300x400.jpg",300,400,true],"wpsm_team_pro_small6":["https:\/\/www.muenster.org\/gvc-schule\/wp-content\/uploads\/2024\/03\/Klima1c-600x400.jpg",600,400,true],"1536x1536":["https:\/\/www.muenster.org\/gvc-schule\/wp-content\/uploads\/2024\/03\/Klima1c-1152x1536.jpg",1152,1536,true],"2048x2048":["https:\/\/www.muenster.org\/gvc-schule\/wp-content\/uploads\/2024\/03\/Klima1c-1536x2048.jpg",1536,2048,true]},"uagb_author_info":{"display_name":"Martina Pascher","author_link":"https:\/\/www.muenster.org\/gvc-schule\/author\/martinapascheradmim\/"},"uagb_comment_info":0,"uagb_excerpt":"Die Sch\u00fclerInnen des 1. Jahrgangs haben sich in den Klimatagen mit folgenden Themen auseinandergesetzt: M\u00fclltrennung\/M\u00fcllentsorgung Vermeidung von M\u00fcll\/ Alternativen zu Einwegprodukten Upcycling Wie auch alle anderen Sch\u00fclerInnen der GvC haben die Kinder des 1. Jahrgangs als \u201eM\u00fcll-Superhelden\u201c das Schulgel\u00e4nde und die Umgebung ges\u00e4ubert. Aus einzelnen Fundst\u00fccken der M\u00fcll-Sammelaktion mit dem ersten Jahrgang ist die \u201eGirlande&hellip;","_links":{"self":[{"href":"https:\/\/www.muenster.org\/gvc-schule\/wp-json\/wp\/v2\/posts\/2812","targetHints":{"allow":["GET"]}}],"collection":[{"href":"https:\/\/www.muenster.org\/gvc-schule\/wp-json\/wp\/v2\/posts"}],"about":[{"href":"https:\/\/www.muenster.org\/gvc-schule\/wp-json\/wp\/v2\/types\/post"}],"author":[{"embeddable":true,"href":"https:\/\/www.muenster.org\/gvc-schule\/wp-json\/wp\/v2\/users\/10"}],"replies":[{"embeddable":true,"href":"https:\/\/www.muenster.org\/gvc-schule\/wp-json\/wp\/v2\/comments?post=2812"}],"version-history":[{"count":4,"href":"https:\/\/www.muenster.org\/gvc-schule\/wp-json\/wp\/v2\/posts\/2812\/revisions"}],"predecessor-version":[{"id":2829,"href":"https:\/\/www.muenster.org\/gvc-schule\/wp-json\/wp\/v2\/posts\/2812\/revisions\/2829"}],"wp:featuredmedia":[{"embeddable":true,"href":"https:\/\/www.muenster.org\/gvc-schule\/wp-json\/wp\/v2\/media\/2822"}],"wp:attachment":[{"href":"https:\/\/www.muenster.org\/gvc-schule\/wp-json\/wp\/v2\/media?parent=2812"}],"wp:term":[{"taxonomy":"category","embeddable":true,"href":"https:\/\/www.muenster.org\/gvc-schule\/wp-json\/wp\/v2\/categories?post=2812"},{"taxonomy":"post_tag","embeddable":true,"href":"https:\/\/www.muenster.org\/gvc-schule\/wp-json\/wp\/v2\/tags?post=2812"}],"curies":[{"name":"wp","href":"https:\/\/api.w.org\/{rel}","templated":true}]}}