{"id":2773,"date":"2024-03-19T08:09:06","date_gmt":"2024-03-19T07:09:06","guid":{"rendered":"https:\/\/www.muenster.org\/gvc-schule\/?p=2773"},"modified":"2024-03-19T08:13:04","modified_gmt":"2024-03-19T07:13:04","slug":"klimatage-an-der-gvc","status":"publish","type":"post","link":"https:\/\/www.muenster.org\/gvc-schule\/klimatage-an-der-gvc\/","title":{"rendered":"Klimatage an der GvC"},"content":{"rendered":"\n<p>\u00a0(geschrieben von Birgit Eckert) Im letzten Grundschuljahr und in der 3. Auflage der Klimatage lie\u00dfen wir Bekanntes Revue passieren: M\u00fcll in der Umwelt &#8211; Verrottungs- bzw. Verfalldauer, Plastik im Meer, Recycling. Insbesondere der Punkt \u201ePlastik im Meer\u201c wurde dem 3. und 4. Jahrgang durch die Organisation \u201eElsamocean\u201c eindrucksvoll verdeutlicht. Im Rahmen des Vortrags erfuhren wir auch viel Neues \u00fcber einige Haiarten.<br>Achtlos weggeworfenen M\u00fcll sammelten wir tatkr\u00e4ftig selbst, um ihn der Entsorgung zuzuf\u00fchren.\u00a0<br>Am letzten Tag der Klimatage besch\u00e4ftigten wir uns intensiv mit dem Treibhauseffekt und dem dadurch sich ver\u00e4ndernden Klima. Speziell die Gefahren, die durch umfangreichere Niederschl\u00e4ge und ung\u00fcnstige Bebauung von Uferrandstreifen sowie die Begradigung von Flussl\u00e4ufen entstehen, haben wir nachgestellt und mit Schrecken gesehen, wie \u201eH\u00e4user\u201c abrutschen. Wir machten uns Gedanken dar\u00fcber, durch welche Ma\u00dfnahmen derartige Szenen verhindert werden k\u00f6nnen.<\/p>\n\n\n\n<figure class=\"wp-block-video\"><video height=\"1080\" style=\"aspect-ratio: 1920 \/ 1080;\" width=\"1920\" controls src=\"https:\/\/www.muenster.org\/gvc-schule\/wp-content\/uploads\/2024\/03\/IMG_0866.mov\"><\/video><\/figure>\n\n\n\n<figure class=\"wp-block-video\"><video height=\"1080\" style=\"aspect-ratio: 1920 \/ 1080;\" width=\"1920\" controls src=\"https:\/\/www.muenster.org\/gvc-schule\/wp-content\/uploads\/2024\/03\/IMG_1007.mov\"><\/video><\/figure>\n\n\n\n<figure class=\"wp-block-gallery has-nested-images columns-default is-cropped wp-block-gallery-1 is-layout-flex wp-block-gallery-is-layout-flex\">\n<figure class=\"wp-block-image size-large\"><img loading=\"lazy\" decoding=\"async\" width=\"1024\" height=\"768\" data-id=\"2815\" src=\"https:\/\/www.muenster.org\/gvc-schule\/wp-content\/uploads\/2024\/03\/IMG_1029-1024x768.jpeg\" alt=\"\" class=\"wp-image-2815\" srcset=\"https:\/\/www.muenster.org\/gvc-schule\/wp-content\/uploads\/2024\/03\/IMG_1029-1024x768.jpeg 1024w, https:\/\/www.muenster.org\/gvc-schule\/wp-content\/uploads\/2024\/03\/IMG_1029-300x225.jpeg 300w, https:\/\/www.muenster.org\/gvc-schule\/wp-content\/uploads\/2024\/03\/IMG_1029-768x576.jpeg 768w, https:\/\/www.muenster.org\/gvc-schule\/wp-content\/uploads\/2024\/03\/IMG_1029-1536x1152.jpeg 1536w, https:\/\/www.muenster.org\/gvc-schule\/wp-content\/uploads\/2024\/03\/IMG_1029-2048x1536.jpeg 2048w\" sizes=\"auto, (max-width: 1024px) 100vw, 1024px\" \/><\/figure>\n\n\n\n<figure class=\"wp-block-image size-large\"><img loading=\"lazy\" decoding=\"async\" width=\"1024\" height=\"768\" data-id=\"2816\" src=\"https:\/\/www.muenster.org\/gvc-schule\/wp-content\/uploads\/2024\/03\/IMG_1020-1024x768.jpeg\" alt=\"\" class=\"wp-image-2816\" srcset=\"https:\/\/www.muenster.org\/gvc-schule\/wp-content\/uploads\/2024\/03\/IMG_1020-1024x768.jpeg 1024w, https:\/\/www.muenster.org\/gvc-schule\/wp-content\/uploads\/2024\/03\/IMG_1020-300x225.jpeg 300w, https:\/\/www.muenster.org\/gvc-schule\/wp-content\/uploads\/2024\/03\/IMG_1020-768x576.jpeg 768w, https:\/\/www.muenster.org\/gvc-schule\/wp-content\/uploads\/2024\/03\/IMG_1020-1536x1152.jpeg 1536w, https:\/\/www.muenster.org\/gvc-schule\/wp-content\/uploads\/2024\/03\/IMG_1020-2048x1536.jpeg 2048w\" sizes=\"auto, (max-width: 1024px) 100vw, 1024px\" \/><\/figure>\n\n\n\n<figure class=\"wp-block-image size-large\"><img loading=\"lazy\" decoding=\"async\" width=\"1024\" height=\"768\" data-id=\"2817\" src=\"https:\/\/www.muenster.org\/gvc-schule\/wp-content\/uploads\/2024\/03\/IMG_0864-1024x768.jpeg\" alt=\"\" class=\"wp-image-2817\" srcset=\"https:\/\/www.muenster.org\/gvc-schule\/wp-content\/uploads\/2024\/03\/IMG_0864-1024x768.jpeg 1024w, https:\/\/www.muenster.org\/gvc-schule\/wp-content\/uploads\/2024\/03\/IMG_0864-300x225.jpeg 300w, https:\/\/www.muenster.org\/gvc-schule\/wp-content\/uploads\/2024\/03\/IMG_0864-768x576.jpeg 768w, https:\/\/www.muenster.org\/gvc-schule\/wp-content\/uploads\/2024\/03\/IMG_0864-1536x1152.jpeg 1536w, https:\/\/www.muenster.org\/gvc-schule\/wp-content\/uploads\/2024\/03\/IMG_0864-2048x1536.jpeg 2048w\" sizes=\"auto, (max-width: 1024px) 100vw, 1024px\" \/><\/figure>\n<\/figure>\n","protected":false},"excerpt":{"rendered":"<p>\u00a0(geschrieben von Birgit Eckert) Im letzten Grundschuljahr und in der 3. Auflage der Klimatage lie\u00dfen wir Bekanntes Revue passieren: M\u00fcll in der Umwelt &#8211; Verrottungs- bzw. Verfalldauer, Plastik im Meer, Recycling. Insbesondere der Punkt \u201ePlastik im Meer\u201c wurde dem 3. und 4. Jahrgang durch die Organisation \u201eElsamocean\u201c eindrucksvoll verdeutlicht. Im Rahmen des Vortrags erfuhren wir [&hellip;]<\/p>\n","protected":false},"author":12,"featured_media":2780,"comment_status":"closed","ping_status":"closed","sticky":false,"template":"","format":"standard","meta":{"_uag_custom_page_level_css":"","site-sidebar-layout":"default","site-content-layout":"","ast-site-content-layout":"default","site-content-style":"default","site-sidebar-style":"default","ast-global-header-display":"","ast-banner-title-visibility":"","ast-main-header-display":"","ast-hfb-above-header-display":"","ast-hfb-below-header-display":"","ast-hfb-mobile-header-display":"","site-post-title":"","ast-breadcrumbs-content":"","ast-featured-img":"","footer-sml-layout":"","theme-transparent-header-meta":"","adv-header-id-meta":"","stick-header-meta":"","header-above-stick-meta":"","header-main-stick-meta":"","header-below-stick-meta":"","astra-migrate-meta-layouts":"set","ast-page-background-enabled":"default","ast-page-background-meta":{"desktop":{"background-color":"","background-image":"","background-repeat":"repeat","background-position":"center center","background-size":"auto","background-attachment":"scroll","background-type":"","background-media":"","overlay-type":"","overlay-color":"","overlay-opacity":"","overlay-gradient":""},"tablet":{"background-color":"","background-image":"","background-repeat":"repeat","background-position":"center center","background-size":"auto","background-attachment":"scroll","background-type":"","background-media":"","overlay-type":"","overlay-color":"","overlay-opacity":"","overlay-gradient":""},"mobile":{"background-color":"","background-image":"","background-repeat":"repeat","background-position":"center center","background-size":"auto","background-attachment":"scroll","background-type":"","background-media":"","overlay-type":"","overlay-color":"","overlay-opacity":"","overlay-gradient":""}},"ast-content-background-meta":{"desktop":{"background-color":"var(--ast-global-color-5)","background-image":"","background-repeat":"repeat","background-position":"center center","background-size":"auto","background-attachment":"scroll","background-type":"","background-media":"","overlay-type":"","overlay-color":"","overlay-opacity":"","overlay-gradient":""},"tablet":{"background-color":"var(--ast-global-color-5)","background-image":"","background-repeat":"repeat","background-position":"center center","background-size":"auto","background-attachment":"scroll","background-type":"","background-media":"","overlay-type":"","overlay-color":"","overlay-opacity":"","overlay-gradient":""},"mobile":{"background-color":"var(--ast-global-color-5)","background-image":"","background-repeat":"repeat","background-position":"center center","background-size":"auto","background-attachment":"scroll","background-type":"","background-media":"","overlay-type":"","overlay-color":"","overlay-opacity":"","overlay-gradient":""}},"footnotes":""},"categories":[21,1,34,16],"tags":[],"class_list":["post-2773","post","type-post","status-publish","format-standard","has-post-thumbnail","hentry","category-aktuelles","category-allgemein","category-projekte-und-aktionen","category-startseite"],"uagb_featured_image_src":{"full":["https:\/\/www.muenster.org\/gvc-schule\/wp-content\/uploads\/2024\/03\/IMG_1306.heic",0,0,false],"thumbnail":["https:\/\/www.muenster.org\/gvc-schule\/wp-content\/uploads\/2024\/03\/IMG_1306.heic",1,1,false],"medium":["https:\/\/www.muenster.org\/gvc-schule\/wp-content\/uploads\/2024\/03\/IMG_1306.heic",1,1,false],"medium_large":["https:\/\/www.muenster.org\/gvc-schule\/wp-content\/uploads\/2024\/03\/IMG_1306.heic",1,1,false],"large":["https:\/\/www.muenster.org\/gvc-schule\/wp-content\/uploads\/2024\/03\/IMG_1306.heic",1,1,false],"wpsm_team_pro_small":["https:\/\/www.muenster.org\/gvc-schule\/wp-content\/uploads\/2024\/03\/IMG_1306.heic",1,1,false],"wpsm_team_pro_small3":["https:\/\/www.muenster.org\/gvc-schule\/wp-content\/uploads\/2024\/03\/IMG_1306.heic",1,1,false],"wpsm_team_pro_small4":["https:\/\/www.muenster.org\/gvc-schule\/wp-content\/uploads\/2024\/03\/IMG_1306.heic",1,1,false],"wpsm_team_pro_small5":["https:\/\/www.muenster.org\/gvc-schule\/wp-content\/uploads\/2024\/03\/IMG_1306.heic",1,1,false],"wpsm_team_pro_small6":["https:\/\/www.muenster.org\/gvc-schule\/wp-content\/uploads\/2024\/03\/IMG_1306.heic",1,1,false],"1536x1536":["https:\/\/www.muenster.org\/gvc-schule\/wp-content\/uploads\/2024\/03\/IMG_1306.heic",1,1,false],"2048x2048":["https:\/\/www.muenster.org\/gvc-schule\/wp-content\/uploads\/2024\/03\/IMG_1306.heic",1,1,false]},"uagb_author_info":{"display_name":"Susanne Bellenhaus","author_link":"https:\/\/www.muenster.org\/gvc-schule\/author\/susannebellenhausadmin\/"},"uagb_comment_info":0,"uagb_excerpt":"\u00a0(geschrieben von Birgit Eckert) Im letzten Grundschuljahr und in der 3. Auflage der Klimatage lie\u00dfen wir Bekanntes Revue passieren: M\u00fcll in der Umwelt &#8211; Verrottungs- bzw. Verfalldauer, Plastik im Meer, Recycling. Insbesondere der Punkt \u201ePlastik im Meer\u201c wurde dem 3. und 4. Jahrgang durch die Organisation \u201eElsamocean\u201c eindrucksvoll verdeutlicht. Im Rahmen des Vortrags erfuhren wir&hellip;","_links":{"self":[{"href":"https:\/\/www.muenster.org\/gvc-schule\/wp-json\/wp\/v2\/posts\/2773","targetHints":{"allow":["GET"]}}],"collection":[{"href":"https:\/\/www.muenster.org\/gvc-schule\/wp-json\/wp\/v2\/posts"}],"about":[{"href":"https:\/\/www.muenster.org\/gvc-schule\/wp-json\/wp\/v2\/types\/post"}],"author":[{"embeddable":true,"href":"https:\/\/www.muenster.org\/gvc-schule\/wp-json\/wp\/v2\/users\/12"}],"replies":[{"embeddable":true,"href":"https:\/\/www.muenster.org\/gvc-schule\/wp-json\/wp\/v2\/comments?post=2773"}],"version-history":[{"count":6,"href":"https:\/\/www.muenster.org\/gvc-schule\/wp-json\/wp\/v2\/posts\/2773\/revisions"}],"predecessor-version":[{"id":2821,"href":"https:\/\/www.muenster.org\/gvc-schule\/wp-json\/wp\/v2\/posts\/2773\/revisions\/2821"}],"wp:featuredmedia":[{"embeddable":true,"href":"https:\/\/www.muenster.org\/gvc-schule\/wp-json\/wp\/v2\/media\/2780"}],"wp:attachment":[{"href":"https:\/\/www.muenster.org\/gvc-schule\/wp-json\/wp\/v2\/media?parent=2773"}],"wp:term":[{"taxonomy":"category","embeddable":true,"href":"https:\/\/www.muenster.org\/gvc-schule\/wp-json\/wp\/v2\/categories?post=2773"},{"taxonomy":"post_tag","embeddable":true,"href":"https:\/\/www.muenster.org\/gvc-schule\/wp-json\/wp\/v2\/tags?post=2773"}],"curies":[{"name":"wp","href":"https:\/\/api.w.org\/{rel}","templated":true}]}}