{"id":1784,"date":"2023-02-24T14:35:24","date_gmt":"2023-02-24T13:35:24","guid":{"rendered":"https:\/\/www.muenster.org\/gvc-schule\/?p=1784"},"modified":"2023-02-24T14:35:24","modified_gmt":"2023-02-24T13:35:24","slug":"gemeinsames-lernen-gl","status":"publish","type":"post","link":"https:\/\/www.muenster.org\/gvc-schule\/gemeinsames-lernen-gl\/","title":{"rendered":"Gemeinsames Lernen (GL)"},"content":{"rendered":"\n<p>Unsere Schule ist Schule des Gemeinsames Lernens. Neben der F\u00f6rderung im Klassenverband steht den sonderp\u00e4dagogischen Kr\u00e4ften zur<br>individuellen F\u00f6rderung einzelner Kinder und Kleingruppen zus\u00e4tzlich ein eigener Raum zur Verf\u00fcgung (siehe Konzept GL).<\/p>\n","protected":false},"excerpt":{"rendered":"<p>Unsere Schule ist Schule des Gemeinsames Lernens. Neben der F\u00f6rderung im Klassenverband steht den sonderp\u00e4dagogischen Kr\u00e4ften zurindividuellen F\u00f6rderung einzelner Kinder und Kleingruppen zus\u00e4tzlich ein eigener Raum zur Verf\u00fcgung (siehe Konzept GL).<\/p>\n","protected":false},"author":1,"featured_media":0,"comment_status":"closed","ping_status":"closed","sticky":false,"template":"","format":"standard","meta":{"_uag_custom_page_level_css":"","site-sidebar-layout":"default","site-content-layout":"","ast-site-content-layout":"default","site-content-style":"default","site-sidebar-style":"default","ast-global-header-display":"","ast-banner-title-visibility":"","ast-main-header-display":"","ast-hfb-above-header-display":"","ast-hfb-below-header-display":"","ast-hfb-mobile-header-display":"","site-post-title":"","ast-breadcrumbs-content":"","ast-featured-img":"","footer-sml-layout":"","theme-transparent-header-meta":"","adv-header-id-meta":"","stick-header-meta":"","header-above-stick-meta":"","header-main-stick-meta":"","header-below-stick-meta":"","astra-migrate-meta-layouts":"default","ast-page-background-enabled":"default","ast-page-background-meta":{"desktop":{"background-color":"","background-image":"","background-repeat":"repeat","background-position":"center center","background-size":"auto","background-attachment":"scroll","background-type":"","background-media":"","overlay-type":"","overlay-color":"","overlay-opacity":"","overlay-gradient":""},"tablet":{"background-color":"","background-image":"","background-repeat":"repeat","background-position":"center center","background-size":"auto","background-attachment":"scroll","background-type":"","background-media":"","overlay-type":"","overlay-color":"","overlay-opacity":"","overlay-gradient":""},"mobile":{"background-color":"","background-image":"","background-repeat":"repeat","background-position":"center center","background-size":"auto","background-attachment":"scroll","background-type":"","background-media":"","overlay-type":"","overlay-color":"","overlay-opacity":"","overlay-gradient":""}},"ast-content-background-meta":{"desktop":{"background-color":"var(--ast-global-color-5)","background-image":"","background-repeat":"repeat","background-position":"center center","background-size":"auto","background-attachment":"scroll","background-type":"","background-media":"","overlay-type":"","overlay-color":"","overlay-opacity":"","overlay-gradient":""},"tablet":{"background-color":"var(--ast-global-color-5)","background-image":"","background-repeat":"repeat","background-position":"center center","background-size":"auto","background-attachment":"scroll","background-type":"","background-media":"","overlay-type":"","overlay-color":"","overlay-opacity":"","overlay-gradient":""},"mobile":{"background-color":"var(--ast-global-color-5)","background-image":"","background-repeat":"repeat","background-position":"center center","background-size":"auto","background-attachment":"scroll","background-type":"","background-media":"","overlay-type":"","overlay-color":"","overlay-opacity":"","overlay-gradient":""}},"footnotes":""},"categories":[33],"tags":[],"class_list":["post-1784","post","type-post","status-publish","format-standard","hentry","category-schul-abc"],"uagb_featured_image_src":{"full":false,"thumbnail":false,"medium":false,"medium_large":false,"large":false,"wpsm_team_pro_small":false,"wpsm_team_pro_small3":false,"wpsm_team_pro_small4":false,"wpsm_team_pro_small5":false,"wpsm_team_pro_small6":false,"1536x1536":false,"2048x2048":false},"uagb_author_info":{"display_name":"gvc","author_link":"https:\/\/www.muenster.org\/gvc-schule\/author\/gvc\/"},"uagb_comment_info":0,"uagb_excerpt":"Unsere Schule ist Schule des Gemeinsames Lernens. Neben der F\u00f6rderung im Klassenverband steht den sonderp\u00e4dagogischen Kr\u00e4ften zurindividuellen F\u00f6rderung einzelner Kinder und Kleingruppen zus\u00e4tzlich ein eigener Raum zur Verf\u00fcgung (siehe Konzept GL).","_links":{"self":[{"href":"https:\/\/www.muenster.org\/gvc-schule\/wp-json\/wp\/v2\/posts\/1784","targetHints":{"allow":["GET"]}}],"collection":[{"href":"https:\/\/www.muenster.org\/gvc-schule\/wp-json\/wp\/v2\/posts"}],"about":[{"href":"https:\/\/www.muenster.org\/gvc-schule\/wp-json\/wp\/v2\/types\/post"}],"author":[{"embeddable":true,"href":"https:\/\/www.muenster.org\/gvc-schule\/wp-json\/wp\/v2\/users\/1"}],"replies":[{"embeddable":true,"href":"https:\/\/www.muenster.org\/gvc-schule\/wp-json\/wp\/v2\/comments?post=1784"}],"version-history":[{"count":1,"href":"https:\/\/www.muenster.org\/gvc-schule\/wp-json\/wp\/v2\/posts\/1784\/revisions"}],"predecessor-version":[{"id":1785,"href":"https:\/\/www.muenster.org\/gvc-schule\/wp-json\/wp\/v2\/posts\/1784\/revisions\/1785"}],"wp:attachment":[{"href":"https:\/\/www.muenster.org\/gvc-schule\/wp-json\/wp\/v2\/media?parent=1784"}],"wp:term":[{"taxonomy":"category","embeddable":true,"href":"https:\/\/www.muenster.org\/gvc-schule\/wp-json\/wp\/v2\/categories?post=1784"},{"taxonomy":"post_tag","embeddable":true,"href":"https:\/\/www.muenster.org\/gvc-schule\/wp-json\/wp\/v2\/tags?post=1784"}],"curies":[{"name":"wp","href":"https:\/\/api.w.org\/{rel}","templated":true}]}}