{"id":1968,"date":"2026-04-20T13:02:02","date_gmt":"2026-04-20T11:02:02","guid":{"rendered":"https:\/\/www.muenster.org\/dfgms\/?p=1968"},"modified":"2026-04-20T13:11:22","modified_gmt":"2026-04-20T11:11:22","slug":"la-fete-de-la-chandeleur","status":"publish","type":"post","link":"https:\/\/www.muenster.org\/dfgms\/2026\/04\/20\/la-fete-de-la-chandeleur\/","title":{"rendered":"La f\u00eate de la Chandeleur"},"content":{"rendered":"\n<p>\u201ePersonne n\u2019est n\u00e9 ma\u00eetre\u201c oder\u201c Es ist noch kein Meister vom Himmel gefallen\u201c.<\/p>\n\n\n\n<p>\u201eChandeleur\u201c und wie man Cr\u00eapes backt.<\/p>\n\n\n\n<p>Jeder Gast musste hier vorbei. Das beeindruckende Cr\u00eapeseisen ist vorm Eingang des Backhauses im Kreuzviertel aufgebaut. Darum wird es schlie\u00dflich gehen: um CREPES. Anlass ist eine Art Fr\u00fchlingsfestes, das schon die R\u00f6mer am 2. Februar begingen. Ein Cr\u00eape ist rund und goldbraun wie die Sonne und mit gen\u00fcgend s\u00fcffigem Cr\u00e9mant sieht man auch bald Sonnenstrahlen. Eine nicht seltene Verschmelzung von Br\u00e4uchen zweier Kulturen also auch zum Fest \u201eChandeleur\u201c in Frankreich.<br>Die \u201eGarnitures\u201c stehen dekorativ vor dem Cr\u00eapeseisen: Puderzucker, Zucker und Zimt, Schokocreme, Marmelade und sogar Cointreau zum flambieren.<br>Es sieht einladend und appetitlich aus.<\/p>\n\n\n\n<p>Dann kommt der D\u00e9butant. Er m\u00f6chte beim Cr\u00eapes backen unterst\u00fctzen, nimmt kraftvoll eine Kelle aus einem der beiden Eimer mit Teig. Er verteilt den Teig auf dem schon vorgeheizten Cr\u00eapeseisen jedoch mit so viel Druck und Elan, dass jetzt schon Teig auf der untergelegten Tischdecke landet. Attention!<br>Nach dem ersten Probecr\u00eape \u2013 f\u00fcr den es schon vor Fertigstellung viele Abnehmer g\u00e4be &#8211; wandelt sich die Unterlage von einer dekorativen Tischdecke zu einem \u00fcbergro\u00dfen Sauglappen.<\/p>\n\n\n\n<p>Darauf achtet im Laufe des Abends niemand mehr: Die 26 k\u00f6pfige Runde genie\u00dft jeden einzelnen Cr\u00eape und nimmt daf\u00fcr auch kurze Wartezeiten in Kauf.<br>Schnell entwickeln sich angeregte Gespr\u00e4che, die l\u00e4ngst nicht mehr nur um \u201echandeleur\u201c kreisen: Zum Beispiel zwischen H. , die zehn Jahre bei einer franz\u00f6sischen Bank arbeitete und L. , der gerade von einem Jahr in Nantes zur\u00fcck ist und BWL studiert.<br>A. erz\u00e4hlt angeregt von ihrem Urlaub in S\u00fcdfrankreich. M. war mit seiner Tochter schon zum neunten Mal am Mittelmehr und U. und H. tauschen sich \u00fcber Radtouren aus.<\/p>\n\n\n\n<p>Eigentlich hatte Philippe Lechevalier einen kleinen Vortrag zum Thema vorbereitet, aber l\u00e4ngst hat die Stimmung den Anlass \u00fcberholt und es w\u00fcrde etwas kaputt gehen, wenn er es jetzt noch das Wort ergreifen w\u00fcrde.<br>Interessierte k\u00f6nnen seine Ausf\u00fchrungen auf Franz\u00f6sisch und auf Deutsch auf der hompage der Deutsch-Franz\u00f6sischen Gesellschaft finden.<\/p>\n\n\n\n<p>\u00dcbrigens unser Debutant ist jetzt f\u00fcr das n\u00e4chste Cr\u00eapes backen beim Sommerfest fest eingeplant.<\/p>\n\n\n\n<div class=\"rl-gallery-container rl-loading\" id=\"rl-gallery-container-1\" data-gallery_id=\"1974\"> <div class=\"rl-gallery rl-basicgrid-gallery \" id=\"rl-gallery-1\" data-gallery_no=\"1\"> <div class=\"rl-gallery-item\"><a href=\"https:\/\/www.muenster.org\/dfgms\/wp-content\/uploads\/2026\/04\/Chandeleur-2026-04-18-220409-e1776681636270.jpeg\" title=\"\" data-rl_title=\"\" class=\"rl-gallery-link\" data-rl_caption=\"\" data-rel=\"lightbox-gallery-1\"><img loading=\"lazy\" decoding=\"async\" src=\"https:\/\/www.muenster.org\/dfgms\/wp-content\/uploads\/2026\/04\/Chandeleur-2026-04-18-220409-768x432.jpeg\" width=\"768\" height=\"432\" alt=\"\" \/><\/a><\/div><div class=\"rl-gallery-item\"><a href=\"https:\/\/www.muenster.org\/dfgms\/wp-content\/uploads\/2026\/04\/Chandeleur-2026-04-19-124208_002-e1776681702584.jpeg\" title=\"\" data-rl_title=\"\" class=\"rl-gallery-link\" data-rl_caption=\"\" data-rel=\"lightbox-gallery-1\"><img loading=\"lazy\" decoding=\"async\" src=\"https:\/\/www.muenster.org\/dfgms\/wp-content\/uploads\/2026\/04\/Chandeleur-2026-04-19-124208_002-768x432.jpeg\" width=\"768\" height=\"432\" alt=\"\" \/><\/a><\/div><div class=\"rl-gallery-item\"><a href=\"https:\/\/www.muenster.org\/dfgms\/wp-content\/uploads\/2026\/04\/Chandeleur-2026-04-19-124208_005-e1776681680826.jpeg\" title=\"\" data-rl_title=\"\" class=\"rl-gallery-link\" data-rl_caption=\"\" data-rel=\"lightbox-gallery-1\"><img loading=\"lazy\" decoding=\"async\" src=\"https:\/\/www.muenster.org\/dfgms\/wp-content\/uploads\/2026\/04\/Chandeleur-2026-04-19-124208_005-768x1365.jpeg\" width=\"768\" height=\"1365\" alt=\"\" \/><\/a><\/div><div class=\"rl-gallery-item\"><a href=\"https:\/\/www.muenster.org\/dfgms\/wp-content\/uploads\/2026\/04\/Chandeleur-2026-04-18-220409_003-e1776681715816.jpeg\" title=\"\" data-rl_title=\"\" class=\"rl-gallery-link\" data-rl_caption=\"\" data-rel=\"lightbox-gallery-1\"><img loading=\"lazy\" decoding=\"async\" src=\"https:\/\/www.muenster.org\/dfgms\/wp-content\/uploads\/2026\/04\/Chandeleur-2026-04-18-220409_003-768x432.jpeg\" width=\"768\" height=\"432\" alt=\"\" \/><\/a><\/div> <\/div> <\/div>\n\n\n\n<hr class=\"wp-block-separator has-alpha-channel-opacity\"\/>\n","protected":false},"excerpt":{"rendered":"<p>\u201ePersonne n\u2019est n\u00e9 ma\u00eetre\u201c oder\u201c Es ist noch kein Meister vom Himmel gefallen\u201c. \u201eChandeleur\u201c und wie man Cr\u00eapes backt. Jeder Gast musste hier vorbei. Das beeindruckende Cr\u00eapeseisen ist vorm Eingang des Backhauses im Kreuzviertel aufgebaut. Darum wird es schlie\u00dflich gehen: um CREPES. Anlass ist eine Art Fr\u00fchlingsfestes, das schon die R\u00f6mer am 2. Februar begingen. Ein Cr\u00eape ist rund und<\/p>\n","protected":false},"author":51,"featured_media":1970,"comment_status":"closed","ping_status":"closed","sticky":false,"template":"","format":"standard","meta":{"footnotes":""},"categories":[1],"tags":[],"class_list":["post-1968","post","type-post","status-publish","format-standard","has-post-thumbnail","hentry","category-allgemein"],"yoast_head":"<!-- This site is optimized with the Yoast SEO plugin v26.0 - https:\/\/yoast.com\/wordpress\/plugins\/seo\/ -->\n<title>La f\u00eate de la Chandeleur - Deutsch-Franz\u00f6sische Gesellschaft M\u00fcnster e.V.<\/title>\n<meta name=\"description\" content=\"\u201eChandeleur\u201c und wie man Cr\u00eapes backt.Jeder Gast musste hier vorbei. Das beeindruckende Cr\u00eapeseisen ist vorm Eingang des Backhauses im ...\" \/>\n<meta name=\"robots\" content=\"index, follow, max-snippet:-1, max-image-preview:large, max-video-preview:-1\" \/>\n<link rel=\"canonical\" href=\"https:\/\/www.muenster.org\/dfgms\/2026\/04\/20\/la-fete-de-la-chandeleur\/\" \/>\n<meta property=\"og:locale\" content=\"de_DE\" \/>\n<meta property=\"og:type\" content=\"article\" \/>\n<meta property=\"og:title\" content=\"La f\u00eate de la Chandeleur - Deutsch-Franz\u00f6sische Gesellschaft M\u00fcnster e.V.\" \/>\n<meta property=\"og:description\" content=\"\u201eChandeleur\u201c und wie man Cr\u00eapes backt.Jeder Gast musste hier vorbei. Das beeindruckende Cr\u00eapeseisen ist vorm Eingang des Backhauses im ...\" \/>\n<meta property=\"og:url\" content=\"https:\/\/www.muenster.org\/dfgms\/2026\/04\/20\/la-fete-de-la-chandeleur\/\" \/>\n<meta property=\"og:site_name\" content=\"Deutsch-Franz\u00f6sische Gesellschaft M\u00fcnster e.V.\" \/>\n<meta property=\"article:published_time\" content=\"2026-04-20T11:02:02+00:00\" \/>\n<meta property=\"article:modified_time\" content=\"2026-04-20T11:11:22+00:00\" \/>\n<meta property=\"og:image\" content=\"\/\/www.muenster.org\/dfgms\/wp-content\/uploads\/2026\/04\/Chandeleur-2026-04-18-220409-e1776681636270.jpeg\" \/>\n\t<meta property=\"og:image:width\" content=\"1024\" \/>\n\t<meta property=\"og:image:height\" content=\"576\" \/>\n\t<meta property=\"og:image:type\" content=\"image\/jpeg\" \/>\n<meta name=\"author\" content=\"Philippe Lechevallier\" \/>\n<meta name=\"twitter:card\" content=\"summary_large_image\" \/>\n<meta name=\"twitter:label1\" content=\"Verfasst von\" \/>\n\t<meta name=\"twitter:data1\" content=\"Philippe Lechevallier\" \/>\n\t<meta name=\"twitter:label2\" content=\"Gesch\u00e4tzte Lesezeit\" \/>\n\t<meta name=\"twitter:data2\" content=\"3\u00a0Minuten\" \/>\n<script type=\"application\/ld+json\" class=\"yoast-schema-graph\">{\"@context\":\"https:\/\/schema.org\",\"@graph\":[{\"@type\":\"Article\",\"@id\":\"https:\/\/www.muenster.org\/dfgms\/2026\/04\/20\/la-fete-de-la-chandeleur\/#article\",\"isPartOf\":{\"@id\":\"https:\/\/www.muenster.org\/dfgms\/2026\/04\/20\/la-fete-de-la-chandeleur\/\"},\"author\":{\"name\":\"Philippe Lechevallier\",\"@id\":\"https:\/\/www.muenster.org\/dfgms\/#\/schema\/person\/dd9a5da5e84cc61819a7df0319e25d9d\"},\"headline\":\"La f\u00eate de la Chandeleur\",\"datePublished\":\"2026-04-20T11:02:02+00:00\",\"dateModified\":\"2026-04-20T11:11:22+00:00\",\"mainEntityOfPage\":{\"@id\":\"https:\/\/www.muenster.org\/dfgms\/2026\/04\/20\/la-fete-de-la-chandeleur\/\"},\"wordCount\":389,\"publisher\":{\"@id\":\"https:\/\/www.muenster.org\/dfgms\/#organization\"},\"image\":{\"@id\":\"https:\/\/www.muenster.org\/dfgms\/2026\/04\/20\/la-fete-de-la-chandeleur\/#primaryimage\"},\"thumbnailUrl\":\"https:\/\/www.muenster.org\/dfgms\/wp-content\/uploads\/2026\/04\/Chandeleur-2026-04-18-220409-e1776681636270.jpeg\",\"inLanguage\":\"de\"},{\"@type\":\"WebPage\",\"@id\":\"https:\/\/www.muenster.org\/dfgms\/2026\/04\/20\/la-fete-de-la-chandeleur\/\",\"url\":\"https:\/\/www.muenster.org\/dfgms\/2026\/04\/20\/la-fete-de-la-chandeleur\/\",\"name\":\"La f\u00eate de la Chandeleur - Deutsch-Franz\u00f6sische Gesellschaft M\u00fcnster e.V.\",\"isPartOf\":{\"@id\":\"https:\/\/www.muenster.org\/dfgms\/#website\"},\"primaryImageOfPage\":{\"@id\":\"https:\/\/www.muenster.org\/dfgms\/2026\/04\/20\/la-fete-de-la-chandeleur\/#primaryimage\"},\"image\":{\"@id\":\"https:\/\/www.muenster.org\/dfgms\/2026\/04\/20\/la-fete-de-la-chandeleur\/#primaryimage\"},\"thumbnailUrl\":\"https:\/\/www.muenster.org\/dfgms\/wp-content\/uploads\/2026\/04\/Chandeleur-2026-04-18-220409-e1776681636270.jpeg\",\"datePublished\":\"2026-04-20T11:02:02+00:00\",\"dateModified\":\"2026-04-20T11:11:22+00:00\",\"description\":\"\u201eChandeleur\u201c und wie man Cr\u00eapes backt.Jeder Gast musste hier vorbei. Das beeindruckende Cr\u00eapeseisen ist vorm Eingang des Backhauses im ...\",\"breadcrumb\":{\"@id\":\"https:\/\/www.muenster.org\/dfgms\/2026\/04\/20\/la-fete-de-la-chandeleur\/#breadcrumb\"},\"inLanguage\":\"de\",\"potentialAction\":[{\"@type\":\"ReadAction\",\"target\":[\"https:\/\/www.muenster.org\/dfgms\/2026\/04\/20\/la-fete-de-la-chandeleur\/\"]}]},{\"@type\":\"ImageObject\",\"inLanguage\":\"de\",\"@id\":\"https:\/\/www.muenster.org\/dfgms\/2026\/04\/20\/la-fete-de-la-chandeleur\/#primaryimage\",\"url\":\"https:\/\/www.muenster.org\/dfgms\/wp-content\/uploads\/2026\/04\/Chandeleur-2026-04-18-220409-e1776681636270.jpeg\",\"contentUrl\":\"https:\/\/www.muenster.org\/dfgms\/wp-content\/uploads\/2026\/04\/Chandeleur-2026-04-18-220409-e1776681636270.jpeg\",\"width\":1024,\"height\":576},{\"@type\":\"BreadcrumbList\",\"@id\":\"https:\/\/www.muenster.org\/dfgms\/2026\/04\/20\/la-fete-de-la-chandeleur\/#breadcrumb\",\"itemListElement\":[{\"@type\":\"ListItem\",\"position\":1,\"name\":\"Startseite\"},{\"@type\":\"ListItem\",\"position\":2,\"name\":\"La f\u00eate de la Chandeleur\"}]},{\"@type\":\"WebSite\",\"@id\":\"https:\/\/www.muenster.org\/dfgms\/#website\",\"url\":\"https:\/\/www.muenster.org\/dfgms\/\",\"name\":\"Deutsch-Franz\u00f6sische Gesellschaft M\u00fcnster e.V.\",\"description\":\"\",\"publisher\":{\"@id\":\"https:\/\/www.muenster.org\/dfgms\/#organization\"},\"potentialAction\":[{\"@type\":\"SearchAction\",\"target\":{\"@type\":\"EntryPoint\",\"urlTemplate\":\"https:\/\/www.muenster.org\/dfgms\/?s={search_term_string}\"},\"query-input\":{\"@type\":\"PropertyValueSpecification\",\"valueRequired\":true,\"valueName\":\"search_term_string\"}}],\"inLanguage\":\"de\"},{\"@type\":\"Organization\",\"@id\":\"https:\/\/www.muenster.org\/dfgms\/#organization\",\"name\":\"Deutsch-Franz\u00f6sische Gesellschaft M\u00fcnster e.V.\",\"url\":\"https:\/\/www.muenster.org\/dfgms\/\",\"logo\":{\"@type\":\"ImageObject\",\"inLanguage\":\"de\",\"@id\":\"https:\/\/www.muenster.org\/dfgms\/#\/schema\/logo\/image\/\",\"url\":\"https:\/\/www.muenster.org\/dfgms\/wp-content\/uploads\/2025\/10\/NewLogoYellow-140x140-1-e1764328303462.jpg\",\"contentUrl\":\"https:\/\/www.muenster.org\/dfgms\/wp-content\/uploads\/2025\/10\/NewLogoYellow-140x140-1-e1764328303462.jpg\",\"width\":110,\"height\":108,\"caption\":\"Deutsch-Franz\u00f6sische Gesellschaft M\u00fcnster e.V.\"},\"image\":{\"@id\":\"https:\/\/www.muenster.org\/dfgms\/#\/schema\/logo\/image\/\"}},{\"@type\":\"Person\",\"@id\":\"https:\/\/www.muenster.org\/dfgms\/#\/schema\/person\/dd9a5da5e84cc61819a7df0319e25d9d\",\"name\":\"Philippe Lechevallier\",\"url\":\"https:\/\/www.muenster.org\/dfgms\/author\/philippe_lechevallier\/\"}]}<\/script>\n<!-- \/ Yoast SEO plugin. -->","yoast_head_json":{"title":"La f\u00eate de la Chandeleur - Deutsch-Franz\u00f6sische Gesellschaft M\u00fcnster e.V.","description":"\u201eChandeleur\u201c und wie man Cr\u00eapes backt.Jeder Gast musste hier vorbei. Das beeindruckende Cr\u00eapeseisen ist vorm Eingang des Backhauses im ...","robots":{"index":"index","follow":"follow","max-snippet":"max-snippet:-1","max-image-preview":"max-image-preview:large","max-video-preview":"max-video-preview:-1"},"canonical":"https:\/\/www.muenster.org\/dfgms\/2026\/04\/20\/la-fete-de-la-chandeleur\/","og_locale":"de_DE","og_type":"article","og_title":"La f\u00eate de la Chandeleur - Deutsch-Franz\u00f6sische Gesellschaft M\u00fcnster e.V.","og_description":"\u201eChandeleur\u201c und wie man Cr\u00eapes backt.Jeder Gast musste hier vorbei. Das beeindruckende Cr\u00eapeseisen ist vorm Eingang des Backhauses im ...","og_url":"https:\/\/www.muenster.org\/dfgms\/2026\/04\/20\/la-fete-de-la-chandeleur\/","og_site_name":"Deutsch-Franz\u00f6sische Gesellschaft M\u00fcnster e.V.","article_published_time":"2026-04-20T11:02:02+00:00","article_modified_time":"2026-04-20T11:11:22+00:00","og_image":[{"width":1024,"height":576,"url":"\/\/www.muenster.org\/dfgms\/wp-content\/uploads\/2026\/04\/Chandeleur-2026-04-18-220409-e1776681636270.jpeg","type":"image\/jpeg"}],"author":"Philippe Lechevallier","twitter_card":"summary_large_image","twitter_misc":{"Verfasst von":"Philippe Lechevallier","Gesch\u00e4tzte Lesezeit":"3\u00a0Minuten"},"schema":{"@context":"https:\/\/schema.org","@graph":[{"@type":"Article","@id":"https:\/\/www.muenster.org\/dfgms\/2026\/04\/20\/la-fete-de-la-chandeleur\/#article","isPartOf":{"@id":"https:\/\/www.muenster.org\/dfgms\/2026\/04\/20\/la-fete-de-la-chandeleur\/"},"author":{"name":"Philippe Lechevallier","@id":"https:\/\/www.muenster.org\/dfgms\/#\/schema\/person\/dd9a5da5e84cc61819a7df0319e25d9d"},"headline":"La f\u00eate de la Chandeleur","datePublished":"2026-04-20T11:02:02+00:00","dateModified":"2026-04-20T11:11:22+00:00","mainEntityOfPage":{"@id":"https:\/\/www.muenster.org\/dfgms\/2026\/04\/20\/la-fete-de-la-chandeleur\/"},"wordCount":389,"publisher":{"@id":"https:\/\/www.muenster.org\/dfgms\/#organization"},"image":{"@id":"https:\/\/www.muenster.org\/dfgms\/2026\/04\/20\/la-fete-de-la-chandeleur\/#primaryimage"},"thumbnailUrl":"https:\/\/www.muenster.org\/dfgms\/wp-content\/uploads\/2026\/04\/Chandeleur-2026-04-18-220409-e1776681636270.jpeg","inLanguage":"de"},{"@type":"WebPage","@id":"https:\/\/www.muenster.org\/dfgms\/2026\/04\/20\/la-fete-de-la-chandeleur\/","url":"https:\/\/www.muenster.org\/dfgms\/2026\/04\/20\/la-fete-de-la-chandeleur\/","name":"La f\u00eate de la Chandeleur - Deutsch-Franz\u00f6sische Gesellschaft M\u00fcnster e.V.","isPartOf":{"@id":"https:\/\/www.muenster.org\/dfgms\/#website"},"primaryImageOfPage":{"@id":"https:\/\/www.muenster.org\/dfgms\/2026\/04\/20\/la-fete-de-la-chandeleur\/#primaryimage"},"image":{"@id":"https:\/\/www.muenster.org\/dfgms\/2026\/04\/20\/la-fete-de-la-chandeleur\/#primaryimage"},"thumbnailUrl":"https:\/\/www.muenster.org\/dfgms\/wp-content\/uploads\/2026\/04\/Chandeleur-2026-04-18-220409-e1776681636270.jpeg","datePublished":"2026-04-20T11:02:02+00:00","dateModified":"2026-04-20T11:11:22+00:00","description":"\u201eChandeleur\u201c und wie man Cr\u00eapes backt.Jeder Gast musste hier vorbei. Das beeindruckende Cr\u00eapeseisen ist vorm Eingang des Backhauses im ...","breadcrumb":{"@id":"https:\/\/www.muenster.org\/dfgms\/2026\/04\/20\/la-fete-de-la-chandeleur\/#breadcrumb"},"inLanguage":"de","potentialAction":[{"@type":"ReadAction","target":["https:\/\/www.muenster.org\/dfgms\/2026\/04\/20\/la-fete-de-la-chandeleur\/"]}]},{"@type":"ImageObject","inLanguage":"de","@id":"https:\/\/www.muenster.org\/dfgms\/2026\/04\/20\/la-fete-de-la-chandeleur\/#primaryimage","url":"https:\/\/www.muenster.org\/dfgms\/wp-content\/uploads\/2026\/04\/Chandeleur-2026-04-18-220409-e1776681636270.jpeg","contentUrl":"https:\/\/www.muenster.org\/dfgms\/wp-content\/uploads\/2026\/04\/Chandeleur-2026-04-18-220409-e1776681636270.jpeg","width":1024,"height":576},{"@type":"BreadcrumbList","@id":"https:\/\/www.muenster.org\/dfgms\/2026\/04\/20\/la-fete-de-la-chandeleur\/#breadcrumb","itemListElement":[{"@type":"ListItem","position":1,"name":"Startseite"},{"@type":"ListItem","position":2,"name":"La f\u00eate de la Chandeleur"}]},{"@type":"WebSite","@id":"https:\/\/www.muenster.org\/dfgms\/#website","url":"https:\/\/www.muenster.org\/dfgms\/","name":"Deutsch-Franz\u00f6sische Gesellschaft M\u00fcnster e.V.","description":"","publisher":{"@id":"https:\/\/www.muenster.org\/dfgms\/#organization"},"potentialAction":[{"@type":"SearchAction","target":{"@type":"EntryPoint","urlTemplate":"https:\/\/www.muenster.org\/dfgms\/?s={search_term_string}"},"query-input":{"@type":"PropertyValueSpecification","valueRequired":true,"valueName":"search_term_string"}}],"inLanguage":"de"},{"@type":"Organization","@id":"https:\/\/www.muenster.org\/dfgms\/#organization","name":"Deutsch-Franz\u00f6sische Gesellschaft M\u00fcnster e.V.","url":"https:\/\/www.muenster.org\/dfgms\/","logo":{"@type":"ImageObject","inLanguage":"de","@id":"https:\/\/www.muenster.org\/dfgms\/#\/schema\/logo\/image\/","url":"https:\/\/www.muenster.org\/dfgms\/wp-content\/uploads\/2025\/10\/NewLogoYellow-140x140-1-e1764328303462.jpg","contentUrl":"https:\/\/www.muenster.org\/dfgms\/wp-content\/uploads\/2025\/10\/NewLogoYellow-140x140-1-e1764328303462.jpg","width":110,"height":108,"caption":"Deutsch-Franz\u00f6sische Gesellschaft M\u00fcnster e.V."},"image":{"@id":"https:\/\/www.muenster.org\/dfgms\/#\/schema\/logo\/image\/"}},{"@type":"Person","@id":"https:\/\/www.muenster.org\/dfgms\/#\/schema\/person\/dd9a5da5e84cc61819a7df0319e25d9d","name":"Philippe Lechevallier","url":"https:\/\/www.muenster.org\/dfgms\/author\/philippe_lechevallier\/"}]}},"_links":{"self":[{"href":"https:\/\/www.muenster.org\/dfgms\/wp-json\/wp\/v2\/posts\/1968","targetHints":{"allow":["GET"]}}],"collection":[{"href":"https:\/\/www.muenster.org\/dfgms\/wp-json\/wp\/v2\/posts"}],"about":[{"href":"https:\/\/www.muenster.org\/dfgms\/wp-json\/wp\/v2\/types\/post"}],"author":[{"embeddable":true,"href":"https:\/\/www.muenster.org\/dfgms\/wp-json\/wp\/v2\/users\/51"}],"replies":[{"embeddable":true,"href":"https:\/\/www.muenster.org\/dfgms\/wp-json\/wp\/v2\/comments?post=1968"}],"version-history":[{"count":3,"href":"https:\/\/www.muenster.org\/dfgms\/wp-json\/wp\/v2\/posts\/1968\/revisions"}],"predecessor-version":[{"id":1978,"href":"https:\/\/www.muenster.org\/dfgms\/wp-json\/wp\/v2\/posts\/1968\/revisions\/1978"}],"wp:featuredmedia":[{"embeddable":true,"href":"https:\/\/www.muenster.org\/dfgms\/wp-json\/wp\/v2\/media\/1970"}],"wp:attachment":[{"href":"https:\/\/www.muenster.org\/dfgms\/wp-json\/wp\/v2\/media?parent=1968"}],"wp:term":[{"taxonomy":"category","embeddable":true,"href":"https:\/\/www.muenster.org\/dfgms\/wp-json\/wp\/v2\/categories?post=1968"},{"taxonomy":"post_tag","embeddable":true,"href":"https:\/\/www.muenster.org\/dfgms\/wp-json\/wp\/v2\/tags?post=1968"}],"curies":[{"name":"wp","href":"https:\/\/api.w.org\/{rel}","templated":true}]}}