{"id":1834,"date":"2026-01-18T15:18:10","date_gmt":"2026-01-18T14:18:10","guid":{"rendered":"https:\/\/www.muenster.org\/dfgms\/?p=1834"},"modified":"2026-01-18T16:49:43","modified_gmt":"2026-01-18T15:49:43","slug":"galette-des-rois-2026","status":"publish","type":"post","link":"https:\/\/www.muenster.org\/dfgms\/2026\/01\/18\/galette-des-rois-2026\/","title":{"rendered":"Galette des Rois 2026"},"content":{"rendered":"\n<p>Anfang Januar haben wir Galette des Rois und Cr\u00e9mant genossen.<\/p>\n\n\n\n<p>Diesmal hat Franck Martin, als gelernter Konditor, eine besondere, n\u00e4mlich vegane, Galette angeboten.<\/p>\n\n\n\n<p>Nat\u00fcrlich waren alle gespannt, wer K\u00f6nig oder K\u00f6nigin werden w\u00fcrde. Anders als im frankreichen Brauch wurden 3 K\u00f6nige und K\u00f6niginnen gekr\u00f6nt, die keinen Partner suchten, sondern eine Anekdote zum Galette erz\u00e4hlt haben. Kein Problem f\u00fcr die Kandidatinnen, weil die Stimmung au\u00dfergew\u00f6nlich herzlich und vertraut war.<\/p>\n\n\n\n<p>Das werden wir kommendes Jahr auf jeden Fall wiederholen.<\/p>\n\n\n\n<p>Merkt euch den Januar schon mal vor.<\/p>\n\n\n\n<div class=\"rl-gallery-container rl-loading\" id=\"rl-gallery-container-1\" data-gallery_id=\"1844\"> <div class=\"rl-gallery rl-basicgrid-gallery \" id=\"rl-gallery-1\" data-gallery_no=\"1\"> <div class=\"rl-gallery-item\"><a href=\"https:\/\/www.muenster.org\/dfgms\/wp-content\/uploads\/2026\/01\/signal-2026-01-11-183712_007.jpeg\" title=\"\" data-rl_title=\"\" class=\"rl-gallery-link\" data-rl_caption=\"\" data-rel=\"lightbox-gallery-1\"><img loading=\"lazy\" decoding=\"async\" src=\"https:\/\/www.muenster.org\/dfgms\/wp-content\/uploads\/2026\/01\/signal-2026-01-11-183712_007.jpeg\" width=\"768\" height=\"576\" alt=\"\" \/><\/a><\/div><div class=\"rl-gallery-item\"><a href=\"https:\/\/www.muenster.org\/dfgms\/wp-content\/uploads\/2026\/01\/signal-2026-01-11-183712_004.jpeg\" title=\"\" data-rl_title=\"\" class=\"rl-gallery-link\" data-rl_caption=\"\" data-rel=\"lightbox-gallery-1\"><img loading=\"lazy\" decoding=\"async\" src=\"https:\/\/www.muenster.org\/dfgms\/wp-content\/uploads\/2026\/01\/signal-2026-01-11-183712_004-768x576.jpeg\" width=\"768\" height=\"576\" alt=\"\" \/><\/a><\/div><div class=\"rl-gallery-item\"><a href=\"https:\/\/www.muenster.org\/dfgms\/wp-content\/uploads\/2026\/01\/signal-2026-01-11-183712_005.jpeg\" title=\"\" data-rl_title=\"\" class=\"rl-gallery-link\" data-rl_caption=\"\" data-rel=\"lightbox-gallery-1\"><img loading=\"lazy\" decoding=\"async\" src=\"https:\/\/www.muenster.org\/dfgms\/wp-content\/uploads\/2026\/01\/signal-2026-01-11-183712_005-768x576.jpeg\" width=\"768\" height=\"576\" alt=\"\" \/><\/a><\/div><div class=\"rl-gallery-item\"><a href=\"https:\/\/www.muenster.org\/dfgms\/wp-content\/uploads\/2026\/01\/signal-2026-01-11-183712_003.jpeg\" title=\"\" data-rl_title=\"\" class=\"rl-gallery-link\" data-rl_caption=\"\" data-rel=\"lightbox-gallery-1\"><img loading=\"lazy\" decoding=\"async\" src=\"https:\/\/www.muenster.org\/dfgms\/wp-content\/uploads\/2026\/01\/signal-2026-01-11-183712_003-768x576.jpeg\" width=\"768\" height=\"576\" alt=\"\" \/><\/a><\/div><div class=\"rl-gallery-item\"><a href=\"https:\/\/www.muenster.org\/dfgms\/wp-content\/uploads\/2026\/01\/signal-2026-01-11-183712_006.jpeg\" title=\"\" data-rl_title=\"\" class=\"rl-gallery-link\" data-rl_caption=\"\" data-rel=\"lightbox-gallery-1\"><img loading=\"lazy\" decoding=\"async\" src=\"https:\/\/www.muenster.org\/dfgms\/wp-content\/uploads\/2026\/01\/signal-2026-01-11-183712_006-768x576.jpeg\" width=\"768\" height=\"576\" alt=\"\" \/><\/a><\/div> <\/div> <\/div>\n\n\n\n<p><\/p>\n","protected":false},"excerpt":{"rendered":"<p>Anfang Januar haben wir Galette des Rois und Cr\u00e9mant genossen. Diesmal hat Franck Martin, als gelernter Konditor, eine besondere, n\u00e4mlich vegane, Galette angeboten. Nat\u00fcrlich waren alle gespannt, wer K\u00f6nig oder K\u00f6nigin werden w\u00fcrde. Anders als im frankreichen Brauch wurden 3 K\u00f6nige und K\u00f6niginnen gekr\u00f6nt, die keinen Partner suchten, sondern eine Anekdote zum Galette erz\u00e4hlt haben. Kein Problem f\u00fcr die Kandidatinnen,<\/p>\n","protected":false},"author":51,"featured_media":1837,"comment_status":"closed","ping_status":"closed","sticky":false,"template":"","format":"standard","meta":{"footnotes":""},"categories":[1],"tags":[],"class_list":["post-1834","post","type-post","status-publish","format-standard","has-post-thumbnail","hentry","category-allgemein"],"yoast_head":"<!-- This site is optimized with the Yoast SEO plugin v26.0 - https:\/\/yoast.com\/wordpress\/plugins\/seo\/ -->\n<title>Galette des Rois 2026 - Deutsch-Franz\u00f6sische Gesellschaft M\u00fcnster e.V.<\/title>\n<meta name=\"description\" content=\"Anfang Januar haben wir Galette des Rois und Cr\u00e9mant genossen. Nat\u00fcrlich waren alle gespannt, wer K\u00f6nig oder K\u00f6nigin werden w\u00fcrde.\" \/>\n<meta name=\"robots\" content=\"index, follow, max-snippet:-1, max-image-preview:large, max-video-preview:-1\" \/>\n<link rel=\"canonical\" href=\"https:\/\/www.muenster.org\/dfgms\/2026\/01\/18\/galette-des-rois-2026\/\" \/>\n<meta property=\"og:locale\" content=\"de_DE\" \/>\n<meta property=\"og:type\" content=\"article\" \/>\n<meta property=\"og:title\" content=\"Galette des Rois 2026 - Deutsch-Franz\u00f6sische Gesellschaft M\u00fcnster e.V.\" \/>\n<meta property=\"og:description\" content=\"Anfang Januar haben wir Galette des Rois und Cr\u00e9mant genossen. Nat\u00fcrlich waren alle gespannt, wer K\u00f6nig oder K\u00f6nigin werden w\u00fcrde.\" \/>\n<meta property=\"og:url\" content=\"https:\/\/www.muenster.org\/dfgms\/2026\/01\/18\/galette-des-rois-2026\/\" \/>\n<meta property=\"og:site_name\" content=\"Deutsch-Franz\u00f6sische Gesellschaft M\u00fcnster e.V.\" \/>\n<meta property=\"article:published_time\" content=\"2026-01-18T14:18:10+00:00\" \/>\n<meta property=\"article:modified_time\" content=\"2026-01-18T15:49:43+00:00\" \/>\n<meta property=\"og:image\" content=\"\/\/www.muenster.org\/dfgms\/wp-content\/uploads\/2026\/01\/signal-2026-01-11-183712_007.jpeg\" \/>\n\t<meta property=\"og:image:width\" content=\"2048\" \/>\n\t<meta property=\"og:image:height\" content=\"1536\" \/>\n\t<meta property=\"og:image:type\" content=\"image\/jpeg\" \/>\n<meta name=\"author\" content=\"Philippe Lechevallier\" \/>\n<meta name=\"twitter:card\" content=\"summary_large_image\" \/>\n<meta name=\"twitter:label1\" content=\"Verfasst von\" \/>\n\t<meta name=\"twitter:data1\" content=\"Philippe Lechevallier\" \/>\n\t<meta name=\"twitter:label2\" content=\"Gesch\u00e4tzte Lesezeit\" \/>\n\t<meta name=\"twitter:data2\" content=\"1\u00a0Minute\" \/>\n<script type=\"application\/ld+json\" class=\"yoast-schema-graph\">{\"@context\":\"https:\/\/schema.org\",\"@graph\":[{\"@type\":\"Article\",\"@id\":\"https:\/\/www.muenster.org\/dfgms\/2026\/01\/18\/galette-des-rois-2026\/#article\",\"isPartOf\":{\"@id\":\"https:\/\/www.muenster.org\/dfgms\/2026\/01\/18\/galette-des-rois-2026\/\"},\"author\":{\"name\":\"Philippe Lechevallier\",\"@id\":\"https:\/\/www.muenster.org\/dfgms\/#\/schema\/person\/dd9a5da5e84cc61819a7df0319e25d9d\"},\"headline\":\"Galette des Rois 2026\",\"datePublished\":\"2026-01-18T14:18:10+00:00\",\"dateModified\":\"2026-01-18T15:49:43+00:00\",\"mainEntityOfPage\":{\"@id\":\"https:\/\/www.muenster.org\/dfgms\/2026\/01\/18\/galette-des-rois-2026\/\"},\"wordCount\":102,\"publisher\":{\"@id\":\"https:\/\/www.muenster.org\/dfgms\/#organization\"},\"image\":{\"@id\":\"https:\/\/www.muenster.org\/dfgms\/2026\/01\/18\/galette-des-rois-2026\/#primaryimage\"},\"thumbnailUrl\":\"https:\/\/www.muenster.org\/dfgms\/wp-content\/uploads\/2026\/01\/signal-2026-01-11-183712_007.jpeg\",\"inLanguage\":\"de\"},{\"@type\":\"WebPage\",\"@id\":\"https:\/\/www.muenster.org\/dfgms\/2026\/01\/18\/galette-des-rois-2026\/\",\"url\":\"https:\/\/www.muenster.org\/dfgms\/2026\/01\/18\/galette-des-rois-2026\/\",\"name\":\"Galette des Rois 2026 - Deutsch-Franz\u00f6sische Gesellschaft M\u00fcnster e.V.\",\"isPartOf\":{\"@id\":\"https:\/\/www.muenster.org\/dfgms\/#website\"},\"primaryImageOfPage\":{\"@id\":\"https:\/\/www.muenster.org\/dfgms\/2026\/01\/18\/galette-des-rois-2026\/#primaryimage\"},\"image\":{\"@id\":\"https:\/\/www.muenster.org\/dfgms\/2026\/01\/18\/galette-des-rois-2026\/#primaryimage\"},\"thumbnailUrl\":\"https:\/\/www.muenster.org\/dfgms\/wp-content\/uploads\/2026\/01\/signal-2026-01-11-183712_007.jpeg\",\"datePublished\":\"2026-01-18T14:18:10+00:00\",\"dateModified\":\"2026-01-18T15:49:43+00:00\",\"description\":\"Anfang Januar haben wir Galette des Rois und Cr\u00e9mant genossen. Nat\u00fcrlich waren alle gespannt, wer K\u00f6nig oder K\u00f6nigin werden w\u00fcrde.\",\"breadcrumb\":{\"@id\":\"https:\/\/www.muenster.org\/dfgms\/2026\/01\/18\/galette-des-rois-2026\/#breadcrumb\"},\"inLanguage\":\"de\",\"potentialAction\":[{\"@type\":\"ReadAction\",\"target\":[\"https:\/\/www.muenster.org\/dfgms\/2026\/01\/18\/galette-des-rois-2026\/\"]}]},{\"@type\":\"ImageObject\",\"inLanguage\":\"de\",\"@id\":\"https:\/\/www.muenster.org\/dfgms\/2026\/01\/18\/galette-des-rois-2026\/#primaryimage\",\"url\":\"https:\/\/www.muenster.org\/dfgms\/wp-content\/uploads\/2026\/01\/signal-2026-01-11-183712_007.jpeg\",\"contentUrl\":\"https:\/\/www.muenster.org\/dfgms\/wp-content\/uploads\/2026\/01\/signal-2026-01-11-183712_007.jpeg\",\"width\":2048,\"height\":1536},{\"@type\":\"BreadcrumbList\",\"@id\":\"https:\/\/www.muenster.org\/dfgms\/2026\/01\/18\/galette-des-rois-2026\/#breadcrumb\",\"itemListElement\":[{\"@type\":\"ListItem\",\"position\":1,\"name\":\"Startseite\"},{\"@type\":\"ListItem\",\"position\":2,\"name\":\"Galette des Rois 2026\"}]},{\"@type\":\"WebSite\",\"@id\":\"https:\/\/www.muenster.org\/dfgms\/#website\",\"url\":\"https:\/\/www.muenster.org\/dfgms\/\",\"name\":\"Deutsch-Franz\u00f6sische Gesellschaft M\u00fcnster e.V.\",\"description\":\"\",\"publisher\":{\"@id\":\"https:\/\/www.muenster.org\/dfgms\/#organization\"},\"potentialAction\":[{\"@type\":\"SearchAction\",\"target\":{\"@type\":\"EntryPoint\",\"urlTemplate\":\"https:\/\/www.muenster.org\/dfgms\/?s={search_term_string}\"},\"query-input\":{\"@type\":\"PropertyValueSpecification\",\"valueRequired\":true,\"valueName\":\"search_term_string\"}}],\"inLanguage\":\"de\"},{\"@type\":\"Organization\",\"@id\":\"https:\/\/www.muenster.org\/dfgms\/#organization\",\"name\":\"Deutsch-Franz\u00f6sische Gesellschaft M\u00fcnster e.V.\",\"url\":\"https:\/\/www.muenster.org\/dfgms\/\",\"logo\":{\"@type\":\"ImageObject\",\"inLanguage\":\"de\",\"@id\":\"https:\/\/www.muenster.org\/dfgms\/#\/schema\/logo\/image\/\",\"url\":\"https:\/\/www.muenster.org\/dfgms\/wp-content\/uploads\/2025\/10\/NewLogoYellow-140x140-1-e1764328303462.jpg\",\"contentUrl\":\"https:\/\/www.muenster.org\/dfgms\/wp-content\/uploads\/2025\/10\/NewLogoYellow-140x140-1-e1764328303462.jpg\",\"width\":110,\"height\":108,\"caption\":\"Deutsch-Franz\u00f6sische Gesellschaft M\u00fcnster e.V.\"},\"image\":{\"@id\":\"https:\/\/www.muenster.org\/dfgms\/#\/schema\/logo\/image\/\"}},{\"@type\":\"Person\",\"@id\":\"https:\/\/www.muenster.org\/dfgms\/#\/schema\/person\/dd9a5da5e84cc61819a7df0319e25d9d\",\"name\":\"Philippe Lechevallier\",\"url\":\"https:\/\/www.muenster.org\/dfgms\/author\/philippe_lechevallier\/\"}]}<\/script>\n<!-- \/ Yoast SEO plugin. -->","yoast_head_json":{"title":"Galette des Rois 2026 - Deutsch-Franz\u00f6sische Gesellschaft M\u00fcnster e.V.","description":"Anfang Januar haben wir Galette des Rois und Cr\u00e9mant genossen. Nat\u00fcrlich waren alle gespannt, wer K\u00f6nig oder K\u00f6nigin werden w\u00fcrde.","robots":{"index":"index","follow":"follow","max-snippet":"max-snippet:-1","max-image-preview":"max-image-preview:large","max-video-preview":"max-video-preview:-1"},"canonical":"https:\/\/www.muenster.org\/dfgms\/2026\/01\/18\/galette-des-rois-2026\/","og_locale":"de_DE","og_type":"article","og_title":"Galette des Rois 2026 - Deutsch-Franz\u00f6sische Gesellschaft M\u00fcnster e.V.","og_description":"Anfang Januar haben wir Galette des Rois und Cr\u00e9mant genossen. Nat\u00fcrlich waren alle gespannt, wer K\u00f6nig oder K\u00f6nigin werden w\u00fcrde.","og_url":"https:\/\/www.muenster.org\/dfgms\/2026\/01\/18\/galette-des-rois-2026\/","og_site_name":"Deutsch-Franz\u00f6sische Gesellschaft M\u00fcnster e.V.","article_published_time":"2026-01-18T14:18:10+00:00","article_modified_time":"2026-01-18T15:49:43+00:00","og_image":[{"width":2048,"height":1536,"url":"\/\/www.muenster.org\/dfgms\/wp-content\/uploads\/2026\/01\/signal-2026-01-11-183712_007.jpeg","type":"image\/jpeg"}],"author":"Philippe Lechevallier","twitter_card":"summary_large_image","twitter_misc":{"Verfasst von":"Philippe Lechevallier","Gesch\u00e4tzte Lesezeit":"1\u00a0Minute"},"schema":{"@context":"https:\/\/schema.org","@graph":[{"@type":"Article","@id":"https:\/\/www.muenster.org\/dfgms\/2026\/01\/18\/galette-des-rois-2026\/#article","isPartOf":{"@id":"https:\/\/www.muenster.org\/dfgms\/2026\/01\/18\/galette-des-rois-2026\/"},"author":{"name":"Philippe Lechevallier","@id":"https:\/\/www.muenster.org\/dfgms\/#\/schema\/person\/dd9a5da5e84cc61819a7df0319e25d9d"},"headline":"Galette des Rois 2026","datePublished":"2026-01-18T14:18:10+00:00","dateModified":"2026-01-18T15:49:43+00:00","mainEntityOfPage":{"@id":"https:\/\/www.muenster.org\/dfgms\/2026\/01\/18\/galette-des-rois-2026\/"},"wordCount":102,"publisher":{"@id":"https:\/\/www.muenster.org\/dfgms\/#organization"},"image":{"@id":"https:\/\/www.muenster.org\/dfgms\/2026\/01\/18\/galette-des-rois-2026\/#primaryimage"},"thumbnailUrl":"https:\/\/www.muenster.org\/dfgms\/wp-content\/uploads\/2026\/01\/signal-2026-01-11-183712_007.jpeg","inLanguage":"de"},{"@type":"WebPage","@id":"https:\/\/www.muenster.org\/dfgms\/2026\/01\/18\/galette-des-rois-2026\/","url":"https:\/\/www.muenster.org\/dfgms\/2026\/01\/18\/galette-des-rois-2026\/","name":"Galette des Rois 2026 - Deutsch-Franz\u00f6sische Gesellschaft M\u00fcnster e.V.","isPartOf":{"@id":"https:\/\/www.muenster.org\/dfgms\/#website"},"primaryImageOfPage":{"@id":"https:\/\/www.muenster.org\/dfgms\/2026\/01\/18\/galette-des-rois-2026\/#primaryimage"},"image":{"@id":"https:\/\/www.muenster.org\/dfgms\/2026\/01\/18\/galette-des-rois-2026\/#primaryimage"},"thumbnailUrl":"https:\/\/www.muenster.org\/dfgms\/wp-content\/uploads\/2026\/01\/signal-2026-01-11-183712_007.jpeg","datePublished":"2026-01-18T14:18:10+00:00","dateModified":"2026-01-18T15:49:43+00:00","description":"Anfang Januar haben wir Galette des Rois und Cr\u00e9mant genossen. Nat\u00fcrlich waren alle gespannt, wer K\u00f6nig oder K\u00f6nigin werden w\u00fcrde.","breadcrumb":{"@id":"https:\/\/www.muenster.org\/dfgms\/2026\/01\/18\/galette-des-rois-2026\/#breadcrumb"},"inLanguage":"de","potentialAction":[{"@type":"ReadAction","target":["https:\/\/www.muenster.org\/dfgms\/2026\/01\/18\/galette-des-rois-2026\/"]}]},{"@type":"ImageObject","inLanguage":"de","@id":"https:\/\/www.muenster.org\/dfgms\/2026\/01\/18\/galette-des-rois-2026\/#primaryimage","url":"https:\/\/www.muenster.org\/dfgms\/wp-content\/uploads\/2026\/01\/signal-2026-01-11-183712_007.jpeg","contentUrl":"https:\/\/www.muenster.org\/dfgms\/wp-content\/uploads\/2026\/01\/signal-2026-01-11-183712_007.jpeg","width":2048,"height":1536},{"@type":"BreadcrumbList","@id":"https:\/\/www.muenster.org\/dfgms\/2026\/01\/18\/galette-des-rois-2026\/#breadcrumb","itemListElement":[{"@type":"ListItem","position":1,"name":"Startseite"},{"@type":"ListItem","position":2,"name":"Galette des Rois 2026"}]},{"@type":"WebSite","@id":"https:\/\/www.muenster.org\/dfgms\/#website","url":"https:\/\/www.muenster.org\/dfgms\/","name":"Deutsch-Franz\u00f6sische Gesellschaft M\u00fcnster e.V.","description":"","publisher":{"@id":"https:\/\/www.muenster.org\/dfgms\/#organization"},"potentialAction":[{"@type":"SearchAction","target":{"@type":"EntryPoint","urlTemplate":"https:\/\/www.muenster.org\/dfgms\/?s={search_term_string}"},"query-input":{"@type":"PropertyValueSpecification","valueRequired":true,"valueName":"search_term_string"}}],"inLanguage":"de"},{"@type":"Organization","@id":"https:\/\/www.muenster.org\/dfgms\/#organization","name":"Deutsch-Franz\u00f6sische Gesellschaft M\u00fcnster e.V.","url":"https:\/\/www.muenster.org\/dfgms\/","logo":{"@type":"ImageObject","inLanguage":"de","@id":"https:\/\/www.muenster.org\/dfgms\/#\/schema\/logo\/image\/","url":"https:\/\/www.muenster.org\/dfgms\/wp-content\/uploads\/2025\/10\/NewLogoYellow-140x140-1-e1764328303462.jpg","contentUrl":"https:\/\/www.muenster.org\/dfgms\/wp-content\/uploads\/2025\/10\/NewLogoYellow-140x140-1-e1764328303462.jpg","width":110,"height":108,"caption":"Deutsch-Franz\u00f6sische Gesellschaft M\u00fcnster e.V."},"image":{"@id":"https:\/\/www.muenster.org\/dfgms\/#\/schema\/logo\/image\/"}},{"@type":"Person","@id":"https:\/\/www.muenster.org\/dfgms\/#\/schema\/person\/dd9a5da5e84cc61819a7df0319e25d9d","name":"Philippe Lechevallier","url":"https:\/\/www.muenster.org\/dfgms\/author\/philippe_lechevallier\/"}]}},"_links":{"self":[{"href":"https:\/\/www.muenster.org\/dfgms\/wp-json\/wp\/v2\/posts\/1834","targetHints":{"allow":["GET"]}}],"collection":[{"href":"https:\/\/www.muenster.org\/dfgms\/wp-json\/wp\/v2\/posts"}],"about":[{"href":"https:\/\/www.muenster.org\/dfgms\/wp-json\/wp\/v2\/types\/post"}],"author":[{"embeddable":true,"href":"https:\/\/www.muenster.org\/dfgms\/wp-json\/wp\/v2\/users\/51"}],"replies":[{"embeddable":true,"href":"https:\/\/www.muenster.org\/dfgms\/wp-json\/wp\/v2\/comments?post=1834"}],"version-history":[{"count":8,"href":"https:\/\/www.muenster.org\/dfgms\/wp-json\/wp\/v2\/posts\/1834\/revisions"}],"predecessor-version":[{"id":1852,"href":"https:\/\/www.muenster.org\/dfgms\/wp-json\/wp\/v2\/posts\/1834\/revisions\/1852"}],"wp:featuredmedia":[{"embeddable":true,"href":"https:\/\/www.muenster.org\/dfgms\/wp-json\/wp\/v2\/media\/1837"}],"wp:attachment":[{"href":"https:\/\/www.muenster.org\/dfgms\/wp-json\/wp\/v2\/media?parent=1834"}],"wp:term":[{"taxonomy":"category","embeddable":true,"href":"https:\/\/www.muenster.org\/dfgms\/wp-json\/wp\/v2\/categories?post=1834"},{"taxonomy":"post_tag","embeddable":true,"href":"https:\/\/www.muenster.org\/dfgms\/wp-json\/wp\/v2\/tags?post=1834"}],"curies":[{"name":"wp","href":"https:\/\/api.w.org\/{rel}","templated":true}]}}