{"id":1667,"date":"2025-12-20T15:39:31","date_gmt":"2025-12-20T14:39:31","guid":{"rendered":"https:\/\/www.muenster.org\/dfgms\/?p=1667"},"modified":"2025-12-20T18:48:22","modified_gmt":"2025-12-20T17:48:22","slug":"besuch-des-weihnachtsmarktes","status":"publish","type":"post","link":"https:\/\/www.muenster.org\/dfgms\/2025\/12\/20\/besuch-des-weihnachtsmarktes\/","title":{"rendered":"Besuch des Weihnachtsmarktes"},"content":{"rendered":"\n<p>Der Einladung zu einem Treffen auf dem M\u00fcnsteraner Weihnachtsmarkt letzten Mittwoch sind 18 Personen gefolgt und die meisten auch bis zum Schluss geblieben.<br>Es war nat\u00fcrlich etwas frisch aber die Atmosph\u00e4re daf\u00fcr um so herzlicher und feierlicher, wie so oft auf Weihnachtsm\u00e4rkten, wenn man gerne zusammenr\u00fcckt.<br>Eine tolle Gelegenheit sich bei einem warmen Gl\u00fchwein zu treffen und sich auszutauschen. Das Treffen auf dem Weihnachtsmarkt soll n\u00e4chstes Jahr auf jeden Fall wiederholt werden.<\/p>\n\n\n\n<figure class=\"wp-block-image size-large\"><img loading=\"lazy\" decoding=\"async\" width=\"1024\" height=\"461\" src=\"\/\/www.muenster.org\/dfgms\/wp-content\/uploads\/2025\/12\/WhatsApp-Image-2025-12-17-at-19.22.03-1024x461.jpeg\" alt=\"\" class=\"wp-image-1670\" srcset=\"https:\/\/www.muenster.org\/dfgms\/wp-content\/uploads\/2025\/12\/WhatsApp-Image-2025-12-17-at-19.22.03-1024x461.jpeg 1024w, https:\/\/www.muenster.org\/dfgms\/wp-content\/uploads\/2025\/12\/WhatsApp-Image-2025-12-17-at-19.22.03-300x135.jpeg 300w, https:\/\/www.muenster.org\/dfgms\/wp-content\/uploads\/2025\/12\/WhatsApp-Image-2025-12-17-at-19.22.03-768x346.jpeg 768w, https:\/\/www.muenster.org\/dfgms\/wp-content\/uploads\/2025\/12\/WhatsApp-Image-2025-12-17-at-19.22.03-1536x691.jpeg 1536w, https:\/\/www.muenster.org\/dfgms\/wp-content\/uploads\/2025\/12\/WhatsApp-Image-2025-12-17-at-19.22.03.jpeg 1600w\" sizes=\"auto, (max-width: 1024px) 100vw, 1024px\" \/><\/figure>\n\n\n\n<hr class=\"wp-block-separator has-alpha-channel-opacity\"\/>\n","protected":false},"excerpt":{"rendered":"<p>Der Einladung zu einem Treffen auf dem M\u00fcnsteraner Weihnachtsmarkt letzten Mittwoch sind 18 Personen gefolgt und die meisten auch bis zum Schluss geblieben.Es war nat\u00fcrlich etwas frisch aber die Atmosph\u00e4re daf\u00fcr um so herzlicher und feierlicher, wie so oft auf Weihnachtsm\u00e4rkten, wenn man gerne zusammenr\u00fcckt.Eine tolle Gelegenheit sich bei einem warmen Gl\u00fchwein zu treffen und sich auszutauschen. Das Treffen auf<\/p>\n","protected":false},"author":51,"featured_media":1673,"comment_status":"closed","ping_status":"closed","sticky":false,"template":"","format":"standard","meta":{"footnotes":""},"categories":[1],"tags":[],"class_list":["post-1667","post","type-post","status-publish","format-standard","has-post-thumbnail","hentry","category-allgemein"],"yoast_head":"<!-- This site is optimized with the Yoast SEO plugin v26.0 - https:\/\/yoast.com\/wordpress\/plugins\/seo\/ -->\n<title>Besuch des Weihnachtsmarktes - Deutsch-Franz\u00f6sische Gesellschaft M\u00fcnster e.V.<\/title>\n<meta name=\"robots\" content=\"index, follow, max-snippet:-1, max-image-preview:large, max-video-preview:-1\" \/>\n<link rel=\"canonical\" href=\"https:\/\/www.muenster.org\/dfgms\/2025\/12\/20\/besuch-des-weihnachtsmarktes\/\" \/>\n<meta property=\"og:locale\" content=\"de_DE\" \/>\n<meta property=\"og:type\" content=\"article\" \/>\n<meta property=\"og:title\" content=\"Besuch des Weihnachtsmarktes - Deutsch-Franz\u00f6sische Gesellschaft M\u00fcnster e.V.\" \/>\n<meta property=\"og:description\" content=\"Der Einladung zu einem Treffen auf dem M\u00fcnsteraner Weihnachtsmarkt letzten Mittwoch sind 18 Personen gefolgt und die meisten auch bis zum Schluss geblieben.Es war nat\u00fcrlich etwas frisch aber die Atmosph\u00e4re daf\u00fcr um so herzlicher und feierlicher, wie so oft auf Weihnachtsm\u00e4rkten, wenn man gerne zusammenr\u00fcckt.Eine tolle Gelegenheit sich bei einem warmen Gl\u00fchwein zu treffen und sich auszutauschen. Das Treffen auf\" \/>\n<meta property=\"og:url\" content=\"https:\/\/www.muenster.org\/dfgms\/2025\/12\/20\/besuch-des-weihnachtsmarktes\/\" \/>\n<meta property=\"og:site_name\" content=\"Deutsch-Franz\u00f6sische Gesellschaft M\u00fcnster e.V.\" \/>\n<meta property=\"article:published_time\" content=\"2025-12-20T14:39:31+00:00\" \/>\n<meta property=\"article:modified_time\" content=\"2025-12-20T17:48:22+00:00\" \/>\n<meta property=\"og:image\" content=\"\/\/www.muenster.org\/dfgms\/wp-content\/uploads\/2025\/12\/WhatsApp-Image-2025-12-17-at-19.22.08-2-e1766240368376.jpeg\" \/>\n\t<meta property=\"og:image:width\" content=\"1600\" \/>\n\t<meta property=\"og:image:height\" content=\"440\" \/>\n\t<meta property=\"og:image:type\" content=\"image\/jpeg\" \/>\n<meta name=\"author\" content=\"Philippe Lechevallier\" \/>\n<meta name=\"twitter:card\" content=\"summary_large_image\" \/>\n<meta name=\"twitter:label1\" content=\"Verfasst von\" \/>\n\t<meta name=\"twitter:data1\" content=\"Philippe Lechevallier\" \/>\n\t<meta name=\"twitter:label2\" content=\"Gesch\u00e4tzte Lesezeit\" \/>\n\t<meta name=\"twitter:data2\" content=\"1\u00a0Minute\" \/>\n<script type=\"application\/ld+json\" class=\"yoast-schema-graph\">{\"@context\":\"https:\/\/schema.org\",\"@graph\":[{\"@type\":\"Article\",\"@id\":\"https:\/\/www.muenster.org\/dfgms\/2025\/12\/20\/besuch-des-weihnachtsmarktes\/#article\",\"isPartOf\":{\"@id\":\"https:\/\/www.muenster.org\/dfgms\/2025\/12\/20\/besuch-des-weihnachtsmarktes\/\"},\"author\":{\"name\":\"Philippe Lechevallier\",\"@id\":\"https:\/\/www.muenster.org\/dfgms\/#\/schema\/person\/dd9a5da5e84cc61819a7df0319e25d9d\"},\"headline\":\"Besuch des Weihnachtsmarktes\",\"datePublished\":\"2025-12-20T14:39:31+00:00\",\"dateModified\":\"2025-12-20T17:48:22+00:00\",\"mainEntityOfPage\":{\"@id\":\"https:\/\/www.muenster.org\/dfgms\/2025\/12\/20\/besuch-des-weihnachtsmarktes\/\"},\"wordCount\":82,\"publisher\":{\"@id\":\"https:\/\/www.muenster.org\/dfgms\/#organization\"},\"image\":{\"@id\":\"https:\/\/www.muenster.org\/dfgms\/2025\/12\/20\/besuch-des-weihnachtsmarktes\/#primaryimage\"},\"thumbnailUrl\":\"https:\/\/www.muenster.org\/dfgms\/wp-content\/uploads\/2025\/12\/WhatsApp-Image-2025-12-17-at-19.22.08-2-e1766240368376.jpeg\",\"inLanguage\":\"de\"},{\"@type\":\"WebPage\",\"@id\":\"https:\/\/www.muenster.org\/dfgms\/2025\/12\/20\/besuch-des-weihnachtsmarktes\/\",\"url\":\"https:\/\/www.muenster.org\/dfgms\/2025\/12\/20\/besuch-des-weihnachtsmarktes\/\",\"name\":\"Besuch des Weihnachtsmarktes - Deutsch-Franz\u00f6sische Gesellschaft M\u00fcnster e.V.\",\"isPartOf\":{\"@id\":\"https:\/\/www.muenster.org\/dfgms\/#website\"},\"primaryImageOfPage\":{\"@id\":\"https:\/\/www.muenster.org\/dfgms\/2025\/12\/20\/besuch-des-weihnachtsmarktes\/#primaryimage\"},\"image\":{\"@id\":\"https:\/\/www.muenster.org\/dfgms\/2025\/12\/20\/besuch-des-weihnachtsmarktes\/#primaryimage\"},\"thumbnailUrl\":\"https:\/\/www.muenster.org\/dfgms\/wp-content\/uploads\/2025\/12\/WhatsApp-Image-2025-12-17-at-19.22.08-2-e1766240368376.jpeg\",\"datePublished\":\"2025-12-20T14:39:31+00:00\",\"dateModified\":\"2025-12-20T17:48:22+00:00\",\"breadcrumb\":{\"@id\":\"https:\/\/www.muenster.org\/dfgms\/2025\/12\/20\/besuch-des-weihnachtsmarktes\/#breadcrumb\"},\"inLanguage\":\"de\",\"potentialAction\":[{\"@type\":\"ReadAction\",\"target\":[\"https:\/\/www.muenster.org\/dfgms\/2025\/12\/20\/besuch-des-weihnachtsmarktes\/\"]}]},{\"@type\":\"ImageObject\",\"inLanguage\":\"de\",\"@id\":\"https:\/\/www.muenster.org\/dfgms\/2025\/12\/20\/besuch-des-weihnachtsmarktes\/#primaryimage\",\"url\":\"https:\/\/www.muenster.org\/dfgms\/wp-content\/uploads\/2025\/12\/WhatsApp-Image-2025-12-17-at-19.22.08-2-e1766240368376.jpeg\",\"contentUrl\":\"https:\/\/www.muenster.org\/dfgms\/wp-content\/uploads\/2025\/12\/WhatsApp-Image-2025-12-17-at-19.22.08-2-e1766240368376.jpeg\",\"width\":1600,\"height\":440},{\"@type\":\"BreadcrumbList\",\"@id\":\"https:\/\/www.muenster.org\/dfgms\/2025\/12\/20\/besuch-des-weihnachtsmarktes\/#breadcrumb\",\"itemListElement\":[{\"@type\":\"ListItem\",\"position\":1,\"name\":\"Startseite\"},{\"@type\":\"ListItem\",\"position\":2,\"name\":\"Besuch des Weihnachtsmarktes\"}]},{\"@type\":\"WebSite\",\"@id\":\"https:\/\/www.muenster.org\/dfgms\/#website\",\"url\":\"https:\/\/www.muenster.org\/dfgms\/\",\"name\":\"Deutsch-Franz\u00f6sische Gesellschaft M\u00fcnster e.V.\",\"description\":\"\",\"publisher\":{\"@id\":\"https:\/\/www.muenster.org\/dfgms\/#organization\"},\"potentialAction\":[{\"@type\":\"SearchAction\",\"target\":{\"@type\":\"EntryPoint\",\"urlTemplate\":\"https:\/\/www.muenster.org\/dfgms\/?s={search_term_string}\"},\"query-input\":{\"@type\":\"PropertyValueSpecification\",\"valueRequired\":true,\"valueName\":\"search_term_string\"}}],\"inLanguage\":\"de\"},{\"@type\":\"Organization\",\"@id\":\"https:\/\/www.muenster.org\/dfgms\/#organization\",\"name\":\"Deutsch-Franz\u00f6sische Gesellschaft M\u00fcnster e.V.\",\"url\":\"https:\/\/www.muenster.org\/dfgms\/\",\"logo\":{\"@type\":\"ImageObject\",\"inLanguage\":\"de\",\"@id\":\"https:\/\/www.muenster.org\/dfgms\/#\/schema\/logo\/image\/\",\"url\":\"https:\/\/www.muenster.org\/dfgms\/wp-content\/uploads\/2025\/10\/NewLogoYellow-140x140-1-e1764328303462.jpg\",\"contentUrl\":\"https:\/\/www.muenster.org\/dfgms\/wp-content\/uploads\/2025\/10\/NewLogoYellow-140x140-1-e1764328303462.jpg\",\"width\":110,\"height\":108,\"caption\":\"Deutsch-Franz\u00f6sische Gesellschaft M\u00fcnster e.V.\"},\"image\":{\"@id\":\"https:\/\/www.muenster.org\/dfgms\/#\/schema\/logo\/image\/\"}},{\"@type\":\"Person\",\"@id\":\"https:\/\/www.muenster.org\/dfgms\/#\/schema\/person\/dd9a5da5e84cc61819a7df0319e25d9d\",\"name\":\"Philippe Lechevallier\",\"url\":\"https:\/\/www.muenster.org\/dfgms\/author\/philippe_lechevallier\/\"}]}<\/script>\n<!-- \/ Yoast SEO plugin. -->","yoast_head_json":{"title":"Besuch des Weihnachtsmarktes - Deutsch-Franz\u00f6sische Gesellschaft M\u00fcnster e.V.","robots":{"index":"index","follow":"follow","max-snippet":"max-snippet:-1","max-image-preview":"max-image-preview:large","max-video-preview":"max-video-preview:-1"},"canonical":"https:\/\/www.muenster.org\/dfgms\/2025\/12\/20\/besuch-des-weihnachtsmarktes\/","og_locale":"de_DE","og_type":"article","og_title":"Besuch des Weihnachtsmarktes - Deutsch-Franz\u00f6sische Gesellschaft M\u00fcnster e.V.","og_description":"Der Einladung zu einem Treffen auf dem M\u00fcnsteraner Weihnachtsmarkt letzten Mittwoch sind 18 Personen gefolgt und die meisten auch bis zum Schluss geblieben.Es war nat\u00fcrlich etwas frisch aber die Atmosph\u00e4re daf\u00fcr um so herzlicher und feierlicher, wie so oft auf Weihnachtsm\u00e4rkten, wenn man gerne zusammenr\u00fcckt.Eine tolle Gelegenheit sich bei einem warmen Gl\u00fchwein zu treffen und sich auszutauschen. Das Treffen auf","og_url":"https:\/\/www.muenster.org\/dfgms\/2025\/12\/20\/besuch-des-weihnachtsmarktes\/","og_site_name":"Deutsch-Franz\u00f6sische Gesellschaft M\u00fcnster e.V.","article_published_time":"2025-12-20T14:39:31+00:00","article_modified_time":"2025-12-20T17:48:22+00:00","og_image":[{"width":1600,"height":440,"url":"\/\/www.muenster.org\/dfgms\/wp-content\/uploads\/2025\/12\/WhatsApp-Image-2025-12-17-at-19.22.08-2-e1766240368376.jpeg","type":"image\/jpeg"}],"author":"Philippe Lechevallier","twitter_card":"summary_large_image","twitter_misc":{"Verfasst von":"Philippe Lechevallier","Gesch\u00e4tzte Lesezeit":"1\u00a0Minute"},"schema":{"@context":"https:\/\/schema.org","@graph":[{"@type":"Article","@id":"https:\/\/www.muenster.org\/dfgms\/2025\/12\/20\/besuch-des-weihnachtsmarktes\/#article","isPartOf":{"@id":"https:\/\/www.muenster.org\/dfgms\/2025\/12\/20\/besuch-des-weihnachtsmarktes\/"},"author":{"name":"Philippe Lechevallier","@id":"https:\/\/www.muenster.org\/dfgms\/#\/schema\/person\/dd9a5da5e84cc61819a7df0319e25d9d"},"headline":"Besuch des Weihnachtsmarktes","datePublished":"2025-12-20T14:39:31+00:00","dateModified":"2025-12-20T17:48:22+00:00","mainEntityOfPage":{"@id":"https:\/\/www.muenster.org\/dfgms\/2025\/12\/20\/besuch-des-weihnachtsmarktes\/"},"wordCount":82,"publisher":{"@id":"https:\/\/www.muenster.org\/dfgms\/#organization"},"image":{"@id":"https:\/\/www.muenster.org\/dfgms\/2025\/12\/20\/besuch-des-weihnachtsmarktes\/#primaryimage"},"thumbnailUrl":"https:\/\/www.muenster.org\/dfgms\/wp-content\/uploads\/2025\/12\/WhatsApp-Image-2025-12-17-at-19.22.08-2-e1766240368376.jpeg","inLanguage":"de"},{"@type":"WebPage","@id":"https:\/\/www.muenster.org\/dfgms\/2025\/12\/20\/besuch-des-weihnachtsmarktes\/","url":"https:\/\/www.muenster.org\/dfgms\/2025\/12\/20\/besuch-des-weihnachtsmarktes\/","name":"Besuch des Weihnachtsmarktes - Deutsch-Franz\u00f6sische Gesellschaft M\u00fcnster e.V.","isPartOf":{"@id":"https:\/\/www.muenster.org\/dfgms\/#website"},"primaryImageOfPage":{"@id":"https:\/\/www.muenster.org\/dfgms\/2025\/12\/20\/besuch-des-weihnachtsmarktes\/#primaryimage"},"image":{"@id":"https:\/\/www.muenster.org\/dfgms\/2025\/12\/20\/besuch-des-weihnachtsmarktes\/#primaryimage"},"thumbnailUrl":"https:\/\/www.muenster.org\/dfgms\/wp-content\/uploads\/2025\/12\/WhatsApp-Image-2025-12-17-at-19.22.08-2-e1766240368376.jpeg","datePublished":"2025-12-20T14:39:31+00:00","dateModified":"2025-12-20T17:48:22+00:00","breadcrumb":{"@id":"https:\/\/www.muenster.org\/dfgms\/2025\/12\/20\/besuch-des-weihnachtsmarktes\/#breadcrumb"},"inLanguage":"de","potentialAction":[{"@type":"ReadAction","target":["https:\/\/www.muenster.org\/dfgms\/2025\/12\/20\/besuch-des-weihnachtsmarktes\/"]}]},{"@type":"ImageObject","inLanguage":"de","@id":"https:\/\/www.muenster.org\/dfgms\/2025\/12\/20\/besuch-des-weihnachtsmarktes\/#primaryimage","url":"https:\/\/www.muenster.org\/dfgms\/wp-content\/uploads\/2025\/12\/WhatsApp-Image-2025-12-17-at-19.22.08-2-e1766240368376.jpeg","contentUrl":"https:\/\/www.muenster.org\/dfgms\/wp-content\/uploads\/2025\/12\/WhatsApp-Image-2025-12-17-at-19.22.08-2-e1766240368376.jpeg","width":1600,"height":440},{"@type":"BreadcrumbList","@id":"https:\/\/www.muenster.org\/dfgms\/2025\/12\/20\/besuch-des-weihnachtsmarktes\/#breadcrumb","itemListElement":[{"@type":"ListItem","position":1,"name":"Startseite"},{"@type":"ListItem","position":2,"name":"Besuch des Weihnachtsmarktes"}]},{"@type":"WebSite","@id":"https:\/\/www.muenster.org\/dfgms\/#website","url":"https:\/\/www.muenster.org\/dfgms\/","name":"Deutsch-Franz\u00f6sische Gesellschaft M\u00fcnster e.V.","description":"","publisher":{"@id":"https:\/\/www.muenster.org\/dfgms\/#organization"},"potentialAction":[{"@type":"SearchAction","target":{"@type":"EntryPoint","urlTemplate":"https:\/\/www.muenster.org\/dfgms\/?s={search_term_string}"},"query-input":{"@type":"PropertyValueSpecification","valueRequired":true,"valueName":"search_term_string"}}],"inLanguage":"de"},{"@type":"Organization","@id":"https:\/\/www.muenster.org\/dfgms\/#organization","name":"Deutsch-Franz\u00f6sische Gesellschaft M\u00fcnster e.V.","url":"https:\/\/www.muenster.org\/dfgms\/","logo":{"@type":"ImageObject","inLanguage":"de","@id":"https:\/\/www.muenster.org\/dfgms\/#\/schema\/logo\/image\/","url":"https:\/\/www.muenster.org\/dfgms\/wp-content\/uploads\/2025\/10\/NewLogoYellow-140x140-1-e1764328303462.jpg","contentUrl":"https:\/\/www.muenster.org\/dfgms\/wp-content\/uploads\/2025\/10\/NewLogoYellow-140x140-1-e1764328303462.jpg","width":110,"height":108,"caption":"Deutsch-Franz\u00f6sische Gesellschaft M\u00fcnster e.V."},"image":{"@id":"https:\/\/www.muenster.org\/dfgms\/#\/schema\/logo\/image\/"}},{"@type":"Person","@id":"https:\/\/www.muenster.org\/dfgms\/#\/schema\/person\/dd9a5da5e84cc61819a7df0319e25d9d","name":"Philippe Lechevallier","url":"https:\/\/www.muenster.org\/dfgms\/author\/philippe_lechevallier\/"}]}},"_links":{"self":[{"href":"https:\/\/www.muenster.org\/dfgms\/wp-json\/wp\/v2\/posts\/1667","targetHints":{"allow":["GET"]}}],"collection":[{"href":"https:\/\/www.muenster.org\/dfgms\/wp-json\/wp\/v2\/posts"}],"about":[{"href":"https:\/\/www.muenster.org\/dfgms\/wp-json\/wp\/v2\/types\/post"}],"author":[{"embeddable":true,"href":"https:\/\/www.muenster.org\/dfgms\/wp-json\/wp\/v2\/users\/51"}],"replies":[{"embeddable":true,"href":"https:\/\/www.muenster.org\/dfgms\/wp-json\/wp\/v2\/comments?post=1667"}],"version-history":[{"count":9,"href":"https:\/\/www.muenster.org\/dfgms\/wp-json\/wp\/v2\/posts\/1667\/revisions"}],"predecessor-version":[{"id":1744,"href":"https:\/\/www.muenster.org\/dfgms\/wp-json\/wp\/v2\/posts\/1667\/revisions\/1744"}],"wp:featuredmedia":[{"embeddable":true,"href":"https:\/\/www.muenster.org\/dfgms\/wp-json\/wp\/v2\/media\/1673"}],"wp:attachment":[{"href":"https:\/\/www.muenster.org\/dfgms\/wp-json\/wp\/v2\/media?parent=1667"}],"wp:term":[{"taxonomy":"category","embeddable":true,"href":"https:\/\/www.muenster.org\/dfgms\/wp-json\/wp\/v2\/categories?post=1667"},{"taxonomy":"post_tag","embeddable":true,"href":"https:\/\/www.muenster.org\/dfgms\/wp-json\/wp\/v2\/tags?post=1667"}],"curies":[{"name":"wp","href":"https:\/\/api.w.org\/{rel}","templated":true}]}}