{"id":1866,"global_id":"www.muenster.org\/dfgms?id=1866","global_id_lineage":["www.muenster.org\/dfgms?id=1866"],"author":"51","status":"publish","date":"2026-01-25 13:41:08","date_utc":"2026-01-25 12:41:08","modified":"2026-01-25 13:41:08","modified_utc":"2026-01-25 12:41:08","url":"https:\/\/www.muenster.org\/dfgms\/event\/visite-de-nos-amis-de-lafa-orleans-a-muenster\/","rest_url":"https:\/\/www.muenster.org\/dfgms\/wp-json\/tribe\/events\/v1\/events\/1866","title":"Visite de nos amis de l&#8217;AFA Orl\u00e9ans \u00e0 M\u00fcnster","description":"<p><strong>Visite de nos amis de l&#8217;AFA Orl\u00e9ans<\/strong> \u00e0 M\u00fcnster \/ <strong>Besuch unserer Freunde von der AFA Orl\u00e9ans<\/strong> in M\u00fcnster.<\/p>\n<p>Si vous avez de la place et envie de loger nos amis, veuillez nous informer par e-mail. Vous contribuerez aussi au programm de ces jours, si vous voulez.<\/p>\n<p>\ud83d\udce7\u00a0<strong>E-Mail:<\/strong>\u00a0<a class=\"\" href=\"mailto:dfg@muenster.de\" target=\"_blank\" rel=\"noreferrer noopener\">dfg@muenster.de<\/a><\/p>","excerpt":"","slug":"visite-de-nos-amis-de-lafa-orleans-a-muenster","image":false,"all_day":true,"start_date":"2026-05-22 00:00:00","start_date_details":{"year":"2026","month":"05","day":"22","hour":"00","minutes":"00","seconds":"00"},"end_date":"2026-05-26 23:59:59","end_date_details":{"year":"2026","month":"05","day":"26","hour":"23","minutes":"59","seconds":"59"},"utc_start_date":"2026-05-21 22:00:00","utc_start_date_details":{"year":"2026","month":"05","day":"21","hour":"22","minutes":"00","seconds":"00"},"utc_end_date":"2026-05-26 21:59:59","utc_end_date_details":{"year":"2026","month":"05","day":"26","hour":"21","minutes":"59","seconds":"59"},"timezone":"Europe\/Berlin","timezone_abbr":"CEST","cost":"","cost_details":{"currency_symbol":"\u20ac","currency_code":"EUR","currency_position":"prefix","values":[]},"website":"","show_map":true,"show_map_link":true,"hide_from_listings":false,"sticky":false,"featured":false,"categories":[{"name":"Partnerschaft","slug":"partnerschaft","term_group":0,"term_taxonomy_id":46,"taxonomy":"tribe_events_cat","description":"","parent":0,"count":1,"filter":"raw","id":46,"urls":{"self":"https:\/\/www.muenster.org\/dfgms\/wp-json\/tribe\/events\/v1\/categories\/46","collection":"https:\/\/www.muenster.org\/dfgms\/wp-json\/tribe\/events\/v1\/categories"}}],"tags":[],"venue":[],"organizer":[{"id":1008,"author":"4","status":"publish","date":"2025-01-11 16:58:38","date_utc":"0000-00-00 00:00:00","modified":"2025-01-11 16:58:38","modified_utc":"0000-00-00 00:00:00","url":"https:\/\/www.muenster.org\/dfgms\/veranstalter\/deutsch-franzoesischer-gesellschaft-muenster-e-v\/","organizer":"Deutsch-Franz\u00f6sischer Gesellschaft M\u00fcnster e.V.","slug":"deutsch-franzoesischer-gesellschaft-muenster-e-v","website":"https:\/\/muenster.org\/dfgms","email":"dfg@muenster.de","json_ld":{"@type":"Person","name":"Deutsch-Franz\u00f6sischer Gesellschaft M\u00fcnster e.V.","description":"","url":"https:\/\/muenster.org\/dfgms","telephone":"","email":"&#100;&#102;&#103;&#64;m&#117;e&#110;&#115;&#116;&#101;r&#46;&#100;e","sameAs":"https:\/\/muenster.org\/dfgms"},"global_id":"www.muenster.org\/dfgms?id=1008","global_id_lineage":["www.muenster.org\/dfgms?id=1008"]}],"custom_fields":[],"json_ld":{"@context":"http:\/\/schema.org","@type":"Event","name":"Visite de nos amis de l&#8217;AFA Orl\u00e9ans \u00e0 M\u00fcnster","description":"&lt;p&gt;Visite de nos amis de l\\'AFA Orl\u00e9ans \u00e0 M\u00fcnster \/ Besuch unserer Freunde von der AFA Orl\u00e9ans in M\u00fcnster. Si vous avez de la place et envie de loger nos amis, veuillez nous informer par e-mail. Vous contribuerez aussi au programm de ces jours, si vous voulez. \ud83d\udce7\u00a0E-Mail:\u00a0dfg@muenster.de&lt;\/p&gt;\\n","url":"https:\/\/www.muenster.org\/dfgms\/event\/visite-de-nos-amis-de-lafa-orleans-a-muenster\/","eventAttendanceMode":"https:\/\/schema.org\/OfflineEventAttendanceMode","eventStatus":"https:\/\/schema.org\/EventScheduled","startDate":"2026-05-22T00:00:00+02:00","endDate":"2026-05-26T23:59:59+02:00","organizer":{"@type":"Person","name":"Deutsch-Franz\u00f6sischer Gesellschaft M\u00fcnster e.V.","description":"","url":"https:\/\/muenster.org\/dfgms","telephone":"","email":"&#100;fg&#64;&#109;&#117;&#101;nster&#46;d&#101;","sameAs":"https:\/\/muenster.org\/dfgms"},"performer":"Organization"}}