{"id":1160,"global_id":"www.muenster.org\/dfgms?id=1160","global_id_lineage":["www.muenster.org\/dfgms?id=1160"],"author":"4","status":"publish","date":"2025-08-25 23:09:28","date_utc":"2025-08-25 21:09:28","modified":"2025-08-25 23:16:35","modified_utc":"2025-08-25 21:16:35","url":"https:\/\/www.muenster.org\/dfgms\/event\/table-ronde-8\/","rest_url":"https:\/\/www.muenster.org\/dfgms\/wp-json\/tribe\/events\/v1\/events\/1160","title":"Belleville. Belle et rebelle","description":"<p><strong>So 14. 9. beim KINOFEST 2025 (5 \u20ac) im Schlo\u00dftheater: Der Dokumentarfilm \u00fcber das Pariser Caf\u00e9 \u201eLe Vieux Belleville\u201c, wo Anarchisten und K\u00fcnstler zusammenkommen, in Kooperation mit der Deutsch-Franz\u00f6sischen Gesellschaft M\u00fcnster e.V. &#8211; zu Besuch: Regisseurin und Produzentin Daniela Abke sowie Caf\u00e9-Besitzer Joseph Pantaleo, Chansonnier Riton La Manivelle und Akkordeonist Michel Refutin &#8211; nach dem Film Gespr\u00e4ch und Live-Chansons auf dem Vorplatz!<\/strong><\/p>\n<div class=\"movie-schedule--description-text\">Paris, Belleville: ein letztes Caf\u00e9 Musette. Charmant, bezaubernd, eigenwillig, wie die sechs Charaktere, deren Wege sich hier kreuzen. Reale Poesie und popul\u00e4res Chanson. Unbeugsam, unb\u00e4ndig, zeitlos. Franz\u00f6sische Geschichte, die trotzt und fortbesteht. Anhand einer Stra\u00dfenecke portraitiert der Film ein Quartier, das dem Fremden ein Zuhause geworden ist. Gepr\u00e4gt von den Migrationen der letzten Jahrhunderte, von Handwerk und Revolte, singt uns Belleville seine Lieder von Liebe und Kampf. Fotografie in schwarz\/weiss. Bilder wie ein Chanson.<\/div>","excerpt":"","slug":"table-ronde-8","image":{"url":"https:\/\/www.muenster.org\/dfgms\/wp-content\/uploads\/2025\/01\/belleville-daniela-abke-poster-web.jpg","id":1166,"extension":"jpg","width":1170,"height":1658,"filesize":167475,"sizes":{"medium":{"width":212,"height":300,"mime-type":"image\/jpeg","filesize":15950,"url":"https:\/\/www.muenster.org\/dfgms\/wp-content\/uploads\/2025\/01\/belleville-daniela-abke-poster-web-212x300.jpg"},"large":{"width":723,"height":1024,"mime-type":"image\/jpeg","filesize":113054,"url":"https:\/\/www.muenster.org\/dfgms\/wp-content\/uploads\/2025\/01\/belleville-daniela-abke-poster-web-723x1024.jpg"},"thumbnail":{"width":150,"height":150,"mime-type":"image\/jpeg","filesize":6846,"url":"https:\/\/www.muenster.org\/dfgms\/wp-content\/uploads\/2025\/01\/belleville-daniela-abke-poster-web-150x150.jpg"},"medium_large":{"width":768,"height":1088,"mime-type":"image\/jpeg","filesize":123600,"url":"https:\/\/www.muenster.org\/dfgms\/wp-content\/uploads\/2025\/01\/belleville-daniela-abke-poster-web-768x1088.jpg"},"1536x1536":{"width":1084,"height":1536,"mime-type":"image\/jpeg","filesize":216434,"url":"https:\/\/www.muenster.org\/dfgms\/wp-content\/uploads\/2025\/01\/belleville-daniela-abke-poster-web-1084x1536.jpg"},"post-thumbnail":{"width":840,"height":200,"mime-type":"image\/jpeg","filesize":25954,"url":"https:\/\/www.muenster.org\/dfgms\/wp-content\/uploads\/2025\/01\/belleville-daniela-abke-poster-web-840x200.jpg"},"courage-header-image":{"width":1170,"height":250,"mime-type":"image\/jpeg","filesize":33515,"url":"https:\/\/www.muenster.org\/dfgms\/wp-content\/uploads\/2025\/01\/belleville-daniela-abke-poster-web-1170x250.jpg"},"courage-slider-image":{"width":1170,"height":380,"mime-type":"image\/jpeg","filesize":64331,"url":"https:\/\/www.muenster.org\/dfgms\/wp-content\/uploads\/2025\/01\/belleville-daniela-abke-poster-web-1170x380.jpg"},"courage-category-posts-widget-small":{"width":80,"height":80,"mime-type":"image\/jpeg","filesize":3318,"url":"https:\/\/www.muenster.org\/dfgms\/wp-content\/uploads\/2025\/01\/belleville-daniela-abke-poster-web-80x80.jpg"},"courage-category-posts-widget-big":{"width":540,"height":180,"mime-type":"image\/jpeg","filesize":17669,"url":"https:\/\/www.muenster.org\/dfgms\/wp-content\/uploads\/2025\/01\/belleville-daniela-abke-poster-web-540x180.jpg"},"tzwb-thumbnail":{"width":90,"height":60,"mime-type":"image\/jpeg","filesize":3097,"url":"https:\/\/www.muenster.org\/dfgms\/wp-content\/uploads\/2025\/01\/belleville-daniela-abke-poster-web-90x60.jpg"},"themezee-related-posts":{"width":480,"height":160,"mime-type":"image\/jpeg","filesize":14328,"url":"https:\/\/www.muenster.org\/dfgms\/wp-content\/uploads\/2025\/01\/belleville-daniela-abke-poster-web-480x160.jpg"}}},"all_day":false,"start_date":"2025-09-14 11:00:00","start_date_details":{"year":"2025","month":"09","day":"14","hour":"11","minutes":"00","seconds":"00"},"end_date":"2025-09-14 15:00:00","end_date_details":{"year":"2025","month":"09","day":"14","hour":"15","minutes":"00","seconds":"00"},"utc_start_date":"2025-09-14 09:00:00","utc_start_date_details":{"year":"2025","month":"09","day":"14","hour":"09","minutes":"00","seconds":"00"},"utc_end_date":"2025-09-14 13:00:00","utc_end_date_details":{"year":"2025","month":"09","day":"14","hour":"13","minutes":"00","seconds":"00"},"timezone":"Europe\/Berlin","timezone_abbr":"CEST","cost":"","cost_details":{"currency_symbol":"\u20ac","currency_code":"EUR","currency_position":"prefix","values":[]},"website":"https:\/\/www.cineplex.de\/film\/belleville-belle-et-rebelle\/380482\/muenster\/","show_map":true,"show_map_link":true,"hide_from_listings":false,"sticky":false,"featured":false,"categories":[{"name":"Film","slug":"film","term_group":0,"term_taxonomy_id":34,"taxonomy":"tribe_events_cat","description":"","parent":0,"count":4,"filter":"raw","id":34,"urls":{"self":"https:\/\/www.muenster.org\/dfgms\/wp-json\/tribe\/events\/v1\/categories\/34","collection":"https:\/\/www.muenster.org\/dfgms\/wp-json\/tribe\/events\/v1\/categories"}}],"tags":[],"venue":{"id":1029,"author":"4","status":"publish","date":"2025-01-11 19:53:32","date_utc":"2025-01-11 18:53:32","modified":"2025-08-25 23:12:39","modified_utc":"2025-08-25 21:12:39","url":"https:\/\/www.muenster.org\/dfgms\/veranstaltungsort\/wolters-1\/","venue":"Schlosstheater M\u00fcnster","slug":"wolters-1","address":"Melchersstra\u00dfe 81","city":"M\u00fcnster","country":"Germany","zip":"48149","website":"https:\/\/www.cineplex.de\/infos\/das-schlosstheater\/1161\/muenster\/","json_ld":{"@type":"Place","name":"Schlosstheater M\u00fcnster","description":"","url":"","address":{"@type":"PostalAddress","streetAddress":"Melchersstra\u00dfe 81","addressLocality":"M\u00fcnster","postalCode":"48149","addressCountry":"Germany"},"telephone":"","sameAs":"https:\/\/www.cineplex.de\/infos\/das-schlosstheater\/1161\/muenster\/"},"show_map":true,"show_map_link":true,"global_id":"www.muenster.org\/dfgms?id=1029","global_id_lineage":["www.muenster.org\/dfgms?id=1029"]},"organizer":[{"id":1008,"author":"4","status":"publish","date":"2025-01-11 16:58:38","date_utc":"0000-00-00 00:00:00","modified":"2025-01-11 16:58:38","modified_utc":"0000-00-00 00:00:00","url":"https:\/\/www.muenster.org\/dfgms\/veranstalter\/deutsch-franzoesischer-gesellschaft-muenster-e-v\/","organizer":"Deutsch-Franz\u00f6sischer Gesellschaft M\u00fcnster e.V.","slug":"deutsch-franzoesischer-gesellschaft-muenster-e-v","website":"https:\/\/muenster.org\/dfgms","email":"dfg@muenster.de","json_ld":{"@type":"Person","name":"Deutsch-Franz\u00f6sischer Gesellschaft M\u00fcnster e.V.","description":"","url":"https:\/\/muenster.org\/dfgms","telephone":"","email":"&#100;&#102;g&#64;m&#117;en&#115;ter.&#100;e","sameAs":"https:\/\/muenster.org\/dfgms"},"global_id":"www.muenster.org\/dfgms?id=1008","global_id_lineage":["www.muenster.org\/dfgms?id=1008"]}],"custom_fields":[],"json_ld":{"@context":"http:\/\/schema.org","@type":"Event","name":"Belleville. Belle et rebelle","description":"&lt;p&gt;So 14. 9. beim KINOFEST 2025 (5 \u20ac) im Schlo\u00dftheater: Der Dokumentarfilm \u00fcber das Pariser Caf\u00e9 \u201eLe Vieux Belleville\u201c, wo Anarchisten und K\u00fcnstler zusammenkommen, in Kooperation mit der Deutsch-Franz\u00f6sischen Gesellschaft M\u00fcnster e.V. - zu Besuch: Regisseurin und Produzentin Daniela Abke sowie Caf\u00e9-Besitzer Joseph Pantaleo, Chansonnier Riton La Manivelle und Akkordeonist Michel Refutin - nach dem Film Gespr\u00e4ch und Live-Chansons auf&lt;\/p&gt;\\n","image":"https:\/\/www.muenster.org\/dfgms\/wp-content\/uploads\/2025\/01\/belleville-daniela-abke-poster-web.jpg","url":"https:\/\/www.muenster.org\/dfgms\/event\/table-ronde-8\/","eventAttendanceMode":"https:\/\/schema.org\/OfflineEventAttendanceMode","eventStatus":"https:\/\/schema.org\/EventScheduled","startDate":"2025-09-14T11:00:00+02:00","endDate":"2025-09-14T15:00:00+02:00","location":{"@type":"Place","name":"Schlosstheater M\u00fcnster","description":"","url":"","address":{"@type":"PostalAddress","streetAddress":"Melchersstra\u00dfe 81","addressLocality":"M\u00fcnster","postalCode":"48149","addressCountry":"Germany"},"telephone":"","sameAs":"https:\/\/www.cineplex.de\/infos\/das-schlosstheater\/1161\/muenster\/"},"organizer":{"@type":"Person","name":"Deutsch-Franz\u00f6sischer Gesellschaft M\u00fcnster e.V.","description":"","url":"https:\/\/muenster.org\/dfgms","telephone":"","email":"&#100;f&#103;&#64;&#109;u&#101;ns&#116;e&#114;.&#100;&#101;","sameAs":"https:\/\/muenster.org\/dfgms"},"performer":"Organization"}}